{"id":32270,"date":"2024-03-06T15:05:00","date_gmt":"2024-03-06T15:05:00","guid":{"rendered":"https:\/\/dekkbi.com\/?p=32270"},"modified":"2024-03-06T15:05:01","modified_gmt":"2024-03-06T15:05:01","slug":"lutte-neuf-mois-apres-laudience-avec-le-chef-de-letat-les-promoteurs-attendent-toujours","status":"publish","type":"post","link":"https:\/\/dekkbi.com\/?p=32270","title":{"rendered":"Lutte : Neuf mois apr\u00e8s l\u2019audience avec le chef de l\u2019\u00c9tat, les promoteurs attendent toujours&#8230;"},"content":{"rendered":"\n<h3 class=\"wp-block-heading\">En point de presse avant-hier \u00e0 l\u2019Ar\u00e8ne nationale, les promoteurs de lutte ont \u00e9tal\u00e9 leur col\u00e8re quant \u00e0 la non application des d\u00e9cisions prises par le pr\u00e9sident de la R\u00e9publique, lors de l\u2019audience qui leur a \u00e9t\u00e9 accord\u00e9e au Palais, en mai 2023<\/h3>\n\n\n\n<p>Neuf mois se sont \u00e9coul\u00e9s et toujours rien. Selon l\u2019association des promoteurs de lutte qui s\u2019est r\u00e9unie ce lundi \u00e0 l\u2019Ar\u00e8ne nationale, les d\u00e9cisions prises par le Chef de l\u2019Etat Macky Sall, lors de l\u2019audience du 8 mai dernier, n\u2019ont toujours pas \u00e9t\u00e9 mises en application.<\/p>\n\n\n\n<p>Porte-parole des promoteurs, Pape Abdou Fall a ainsi d\u00e9plor\u00e9 les lenteurs qui bloquent toujours la mat\u00e9rialisation des souhaits du pr\u00e9sident de la R\u00e9publique, qui avait, entre autres, promis la mise en place d\u2019une mutuelle de sant\u00e9 ou encore d\u2019un fonds de promotion de la lutte, \u00e0 hauteur d\u2019un demi-milliard FCfa, pour appuyer les promoteurs.<\/p>\n\n\n\n<p><em>\u00abJusqu\u2019ici, aucune promesse n\u2019a \u00e9t\u00e9 tenue. Je tiens \u00e0 dire au Pr\u00e9sident que ses d\u00e9cisions n\u2019ont pas \u00e9t\u00e9 appliqu\u00e9es. Lors de l\u2019audience avec le pr\u00e9sident de la R\u00e9publique, nous sommes rest\u00e9s de 14 heures \u00e0 21 heures, pour \u00e9couter le pr\u00e9sident prendre des d\u00e9cisions. Aujourd\u2019hui, rien n\u2019a \u00e9t\u00e9 fait. Le Fongip doit mettre en ex\u00e9cution les d\u00e9cisions du Pr\u00e9sident, en commun accord avec les promoteurs de lutte avec frappe et les promoteurs de lutte sans frappe. Ils se permettent de m\u2019envoyer des informations pour me dire que parmi les cent onze dossiers, deux seront valid\u00e9s aujourd\u2019hui et le reste suivra !<br><br>Mais dans quel monde sommes-nous ? Nous ne qu\u00e9mandons pas, c\u2019est une chose qui nous est due et le Pr\u00e9sident doit prendre ses responsabilit\u00e9s et revoir ses ministres et les leviers. Concernant la couverture maladie \u00e9galement, il n\u2019y a plus de suite depuis lors, de m\u00eame que les 330 emplois promis dans le cadre du programme \u201cX\u00ebyyu ndaw gni\u201d(\u2026)<\/em>\u00bb, s\u2019est plaint Pape Abdou Fall.<\/p>\n\n\n\n<p>\u00abUn appel \u00e0 la mobilisation ce vendredi 8 mars\u00bb<\/p>\n\n\n\n<p>Le promoteur Di\u00e8ye de Di\u00e8ye Productions d\u2019ajouter que si rien n\u2019est fait d\u2019ici quelques jours, une manifestation sera organis\u00e9e cette semaine, \u00e0 l\u2019Ar\u00e8ne nationale.<\/p>\n\n\n\n<p>\u00ab<em>Cette conf\u00e9rence de presse est une invite aux ministres et directeurs d\u2019agences, pour qu\u2019ils r\u00e9agissent enfin. \u00c0 l\u2019\u00e9poque, la directrice du Fongip \u00e9tait Th\u00e9r\u00e8se Faye, maintenant, c\u2019est N\u00e9n\u00e9 Fatoumata Tall, donc nous lui lan\u00e7ons un appel pour qu\u2019elle vienne rencontrer les acteurs de la lutte afin. Si rien n\u2019est fait, nous appelons tous les acteurs de la lutte pour une mobilisation ce vendredi 8 mars, \u00e0 l\u2019Ar\u00e8ne nationale<\/em>.\u00bb<\/p>\n\n\n\n<p><strong>Wiwsport.com<\/strong><\/p>\n","protected":false},"excerpt":{"rendered":"<p>En point de presse avant-hier \u00e0 l\u2019Ar\u00e8ne nationale, les promoteurs de lutte ont \u00e9tal\u00e9 leur col\u00e8re quant \u00e0 la non<\/p>\n","protected":false},"author":1,"featured_media":13681,"comment_status":"open","ping_status":"open","sticky":false,"template":"","format":"standard","meta":{"footnotes":""},"categories":[9],"tags":[],"class_list":["post-32270","post","type-post","status-publish","format-standard","has-post-thumbnail","hentry","category-sports"],"_links":{"self":[{"href":"https:\/\/dekkbi.com\/index.php?rest_route=\/wp\/v2\/posts\/32270","targetHints":{"allow":["GET"]}}],"collection":[{"href":"https:\/\/dekkbi.com\/index.php?rest_route=\/wp\/v2\/posts"}],"about":[{"href":"https:\/\/dekkbi.com\/index.php?rest_route=\/wp\/v2\/types\/post"}],"author":[{"embeddable":true,"href":"https:\/\/dekkbi.com\/index.php?rest_route=\/wp\/v2\/users\/1"}],"replies":[{"embeddable":true,"href":"https:\/\/dekkbi.com\/index.php?rest_route=%2Fwp%2Fv2%2Fcomments&post=32270"}],"version-history":[{"count":1,"href":"https:\/\/dekkbi.com\/index.php?rest_route=\/wp\/v2\/posts\/32270\/revisions"}],"predecessor-version":[{"id":32271,"href":"https:\/\/dekkbi.com\/index.php?rest_route=\/wp\/v2\/posts\/32270\/revisions\/32271"}],"wp:featuredmedia":[{"embeddable":true,"href":"https:\/\/dekkbi.com\/index.php?rest_route=\/wp\/v2\/media\/13681"}],"wp:attachment":[{"href":"https:\/\/dekkbi.com\/index.php?rest_route=%2Fwp%2Fv2%2Fmedia&parent=32270"}],"wp:term":[{"taxonomy":"category","embeddable":true,"href":"https:\/\/dekkbi.com\/index.php?rest_route=%2Fwp%2Fv2%2Fcategories&post=32270"},{"taxonomy":"post_tag","embeddable":true,"href":"https:\/\/dekkbi.com\/index.php?rest_route=%2Fwp%2Fv2%2Ftags&post=32270"}],"curies":[{"name":"wp","href":"https:\/\/api.w.org\/{rel}","templated":true}]}}