{"id":32265,"date":"2024-03-06T14:31:13","date_gmt":"2024-03-06T14:31:13","guid":{"rendered":"https:\/\/dekkbi.com\/?p=32265"},"modified":"2024-03-06T14:31:14","modified_gmt":"2024-03-06T14:31:14","slug":"financement-a-long-terme-de-lagenda-2063-la-vice-presidente-de-la-commission-de-lua-appelle-a-la-mobilisation-des-ressources-nationales-regionales-et-continentales","status":"publish","type":"post","link":"https:\/\/dekkbi.com\/?p=32265","title":{"rendered":"Financement \u00e0 long terme de l\u2019Agenda 2063: La vice-pr\u00e9sidente de la Commission de l\u2019UA appelle \u00e0 la mobilisation des ressources nationales, r\u00e9gionales et continentales"},"content":{"rendered":"\n<p>La vice-pr\u00e9sidente de la Commission de l\u2019Union africaine, Monique Nsanzabaganwa, a d\u00e9clar\u00e9 que l\u2019Afrique navigue dans la mise en \u0153uvre de son programme directeur l\u2019Agenda 2063 dans des contextes mondiaux.<\/p>\n\n\n\n<p>S\u2019exprimant \u00e0 l\u2019ouverture de la r\u00e9union minist\u00e9rielle de la 56\u00e8me\u00a0session de la Conf\u00e9rence des ministres des finances, de la planification et du d\u00e9veloppement \u00e9conomique qui s\u2019est tenue \u00e0 Victoria Falls, au Zimbabwe, elle a soulign\u00e9 que cela pose d\u2019\u00e9normes d\u00e9fis aux \u00e9conomies africaines, avec des r\u00e9percussions sur les espaces politiques, sociaux \u00e9galement.<br>\u00a0<br>\u00ab\u00a0Nous devons continuer \u00e0 explorer les synergies qui mobiliseront les ressources nationales, r\u00e9gionales et continentales \u00e0 travers des investissements en Afrique et en Bourse afin de garantir le financement \u00e0 long terme de l\u2019Agenda 2063\u00a0\u00bb, a-t-elle d\u00e9clar\u00e9.<br>\u00a0<br>La vice-pr\u00e9sidente de la Commission de l\u2019Union africaine a ajout\u00e9 dans la foul\u00e9e que les pays doivent renforcer le r\u00f4le du secteur priv\u00e9 comme source de financement vert.<br>\u00a0<br>\u00abNos politiques doivent amplifier l\u2019impact du capital pour garantir que le stock d\u2019actifs priv\u00e9s de l\u2019Afrique contribue \u00e0 la transition verte et au d\u00e9veloppement inclusif \u00bb, a-t-elle indiqu\u00e9 enfin.<br>\u00a0<br><strong>Bassirou MBAYE<\/strong><\/p>\n","protected":false},"excerpt":{"rendered":"<p>La vice-pr\u00e9sidente de la Commission de l\u2019Union africaine, Monique Nsanzabaganwa, a d\u00e9clar\u00e9 que l\u2019Afrique navigue dans la mise en \u0153uvre<\/p>\n","protected":false},"author":1,"featured_media":32266,"comment_status":"open","ping_status":"open","sticky":false,"template":"","format":"standard","meta":{"footnotes":""},"categories":[3],"tags":[],"class_list":["post-32265","post","type-post","status-publish","format-standard","has-post-thumbnail","hentry","category-event-more-news"],"_links":{"self":[{"href":"https:\/\/dekkbi.com\/index.php?rest_route=\/wp\/v2\/posts\/32265","targetHints":{"allow":["GET"]}}],"collection":[{"href":"https:\/\/dekkbi.com\/index.php?rest_route=\/wp\/v2\/posts"}],"about":[{"href":"https:\/\/dekkbi.com\/index.php?rest_route=\/wp\/v2\/types\/post"}],"author":[{"embeddable":true,"href":"https:\/\/dekkbi.com\/index.php?rest_route=\/wp\/v2\/users\/1"}],"replies":[{"embeddable":true,"href":"https:\/\/dekkbi.com\/index.php?rest_route=%2Fwp%2Fv2%2Fcomments&post=32265"}],"version-history":[{"count":1,"href":"https:\/\/dekkbi.com\/index.php?rest_route=\/wp\/v2\/posts\/32265\/revisions"}],"predecessor-version":[{"id":32267,"href":"https:\/\/dekkbi.com\/index.php?rest_route=\/wp\/v2\/posts\/32265\/revisions\/32267"}],"wp:featuredmedia":[{"embeddable":true,"href":"https:\/\/dekkbi.com\/index.php?rest_route=\/wp\/v2\/media\/32266"}],"wp:attachment":[{"href":"https:\/\/dekkbi.com\/index.php?rest_route=%2Fwp%2Fv2%2Fmedia&parent=32265"}],"wp:term":[{"taxonomy":"category","embeddable":true,"href":"https:\/\/dekkbi.com\/index.php?rest_route=%2Fwp%2Fv2%2Fcategories&post=32265"},{"taxonomy":"post_tag","embeddable":true,"href":"https:\/\/dekkbi.com\/index.php?rest_route=%2Fwp%2Fv2%2Ftags&post=32265"}],"curies":[{"name":"wp","href":"https:\/\/api.w.org\/{rel}","templated":true}]}}