{"id":32258,"date":"2024-03-06T11:31:30","date_gmt":"2024-03-06T11:31:30","guid":{"rendered":"https:\/\/dekkbi.com\/?p=32258"},"modified":"2024-03-06T13:06:18","modified_gmt":"2024-03-06T13:06:18","slug":"amnistie-generale-les-deputes-convoques-en-seance-pleniere-mercredi","status":"publish","type":"post","link":"https:\/\/dekkbi.com\/?p=32258","title":{"rendered":"Amnistie g\u00e9n\u00e9rale: les d\u00e9put\u00e9s convoqu\u00e9s en s\u00e9ance pl\u00e9ni\u00e8re, mercredi"},"content":{"rendered":"\n<p>Dakar,  (APS) \u2013 Les d\u00e9put\u00e9s sont convoqu\u00e9s en s\u00e9ance pl\u00e9ni\u00e8re ce mercredi \u00e0 10 h \u00e0 l\u2019Assembl\u00e9e nationale pour examiner le projet de loi portant amnistie g\u00e9n\u00e9rale, a appris l\u2019APS mardi de l\u2019institution.<\/p>\n\n\n\n<p>La Garde des Sceaux, ministre de la Justice, A\u00efssata Tall Sall, va d\u00e9fendre le projet de loi adopt\u00e9 mardi par la Commission des lois, de la d\u00e9centralisation, du travail et des droits humains de l\u2019Assembl\u00e9e nationale.<\/p>\n\n\n\n<p>Le pr\u00e9sident Macky Sall a, dans un d\u00e9cret en date du 1 er mars, ordonn\u00e9 au Garde des Sceaux de pr\u00e9senter l\u2019Assembl\u00e9e nationale le projet de loi portant amnistie dont l\u2019objectif porte entre autres sur l\u2019apaisement du climat politique et social, le renforcement de la coh\u00e9sion nationale, la consolidation du dialogue national, tout en permettant \u00e0 certaines personnes qui ont eu maille \u00e0 partir avec la justice de participer pleinement \u00e0 la vie d\u00e9mocratique.<\/p>\n\n\n\n<p>\u2018\u2019Le projet de loi intervient pour amnistier les infractions commises tant au S\u00e9n\u00e9gal qu\u2019\u00e0 l\u2019\u00e9tranger et couvrant une p\u00e9riode allant de 2021 \u00e0 2024.&nbsp;(\u2026) Il permettra \u00e0 des personnes priv\u00e9es de leurs droits civiques et politiques d\u2019\u00eatre r\u00e9tablies dans leurs droits\u2019\u2019, lit-on dans l\u2019expos\u00e9 des motifs du projet qui sera soumis aux d\u00e9put\u00e9s.<\/p>\n\n\n\n<p>Il y est mentionn\u00e9 que sont amnisti\u00e9s, de plein droit, tous les faits susceptibles de rev\u00eatir la qualification d\u2019infraction criminelle ou correctionnelle, commis entre le 1<sup>er<\/sup>&nbsp;f\u00e9vrier 2021 et le 25 f\u00e9vrier 2024 tant au S\u00e9n\u00e9gal qu\u2019\u00e0 l\u2019\u00e9tranger, se rapportant \u00e0 des manifestations ou ayant des motivations politiques y compris celles faites par tous les supports de communication, que leurs auteurs aient \u00e9t\u00e9 jug\u00e9s ou non.<\/p>\n\n\n\n<p>\u2018\u2019L\u2019amnistie entraine, sans qu\u2019elle ne puisse jamais donner lieu \u00e0 restitution, la remise totale de toutes les peines principales, accessoires et compl\u00e9mentaires, ainsi que la disparition de toutes les d\u00e9ch\u00e9ances, exclusions, incapacit\u00e9s et privations de droits attach\u00e9s \u00e0 la peine\u2019\u2019, lit-on dans le document.<\/p>\n\n\n\n<p>De nombreuses voix s\u2019\u00e9l\u00e8vent au sein de l\u2019opposition et de la soci\u00e9t\u00e9 civile pour d\u00e9noncer le texte.<\/p>\n\n\n\n<p>FD\/AKS\/OID<\/p>\n","protected":false},"excerpt":{"rendered":"<p>Dakar, (APS) \u2013 Les d\u00e9put\u00e9s sont convoqu\u00e9s en s\u00e9ance pl\u00e9ni\u00e8re ce mercredi \u00e0 10 h \u00e0 l\u2019Assembl\u00e9e nationale pour examiner<\/p>\n","protected":false},"author":1,"featured_media":10989,"comment_status":"open","ping_status":"open","sticky":false,"template":"","format":"standard","meta":{"footnotes":""},"categories":[6],"tags":[],"class_list":["post-32258","post","type-post","status-publish","format-standard","has-post-thumbnail","hentry","category-politics"],"_links":{"self":[{"href":"https:\/\/dekkbi.com\/index.php?rest_route=\/wp\/v2\/posts\/32258","targetHints":{"allow":["GET"]}}],"collection":[{"href":"https:\/\/dekkbi.com\/index.php?rest_route=\/wp\/v2\/posts"}],"about":[{"href":"https:\/\/dekkbi.com\/index.php?rest_route=\/wp\/v2\/types\/post"}],"author":[{"embeddable":true,"href":"https:\/\/dekkbi.com\/index.php?rest_route=\/wp\/v2\/users\/1"}],"replies":[{"embeddable":true,"href":"https:\/\/dekkbi.com\/index.php?rest_route=%2Fwp%2Fv2%2Fcomments&post=32258"}],"version-history":[{"count":3,"href":"https:\/\/dekkbi.com\/index.php?rest_route=\/wp\/v2\/posts\/32258\/revisions"}],"predecessor-version":[{"id":32261,"href":"https:\/\/dekkbi.com\/index.php?rest_route=\/wp\/v2\/posts\/32258\/revisions\/32261"}],"wp:featuredmedia":[{"embeddable":true,"href":"https:\/\/dekkbi.com\/index.php?rest_route=\/wp\/v2\/media\/10989"}],"wp:attachment":[{"href":"https:\/\/dekkbi.com\/index.php?rest_route=%2Fwp%2Fv2%2Fmedia&parent=32258"}],"wp:term":[{"taxonomy":"category","embeddable":true,"href":"https:\/\/dekkbi.com\/index.php?rest_route=%2Fwp%2Fv2%2Fcategories&post=32258"},{"taxonomy":"post_tag","embeddable":true,"href":"https:\/\/dekkbi.com\/index.php?rest_route=%2Fwp%2Fv2%2Ftags&post=32258"}],"curies":[{"name":"wp","href":"https:\/\/api.w.org\/{rel}","templated":true}]}}