{"id":32186,"date":"2024-03-05T12:03:48","date_gmt":"2024-03-05T12:03:48","guid":{"rendered":"https:\/\/dekkbi.com\/?p=32186"},"modified":"2024-03-05T12:03:48","modified_gmt":"2024-03-05T12:03:48","slug":"signature-dune-convention-de-partenariat-pour-la-construction-de-100-000-logements-au-senegal-avec-la-societe-white-rocks-holding-du-qatar","status":"publish","type":"post","link":"https:\/\/dekkbi.com\/?p=32186","title":{"rendered":"Signature d&rsquo;une convention de partenariat pour la construction de 100 000 logements au S\u00e9n\u00e9gal, avec la soci\u00e9t\u00e9 White Rocks Holding du Qatar"},"content":{"rendered":"\n<p>R\u00e9dig\u00e9 par leral.net<\/p>\n\n\n\n<h3 class=\"wp-block-heading\">Aujourd&rsquo;hui, le ministre de l&rsquo;Urbanisme, du Logement et de l&rsquo;Hygi\u00e8ne publique, Abdoulaye Seydou Sow, a officiellement scell\u00e9 un partenariat avec la soci\u00e9t\u00e9 White Rocks Holding, du Qatar. Cette collaboration vise \u00e0 concr\u00e9tiser le projet ambitieux de construction de 100 000 logements dans tout le pays, sur une p\u00e9riode de deux ans. L&rsquo;entente pr\u00e9voit \u00e9galement la construction de 300 000 logements suppl\u00e9mentaires au cours des six prochaines ann\u00e9es, offrant ainsi une r\u00e9ponse significative \u00e0 la crise du logement au S\u00e9n\u00e9gal. Le ministre a partag\u00e9 les d\u00e9tails de cette initiative.<\/h3>\n\n\n\n<figure class=\"wp-block-embed is-type-rich is-provider-prise-en-charge-des-contenus-embarqu-s wp-block-embed-prise-en-charge-des-contenus-embarqu-s wp-embed-aspect-16-9 wp-has-aspect-ratio\"><div class=\"wp-block-embed__wrapper\">\n<iframe loading=\"lazy\" title=\"Signature d&#039;une convention de partenariat pour la construction de 100 000 logements au S\u00e9n\u00e9gal\" width=\"800\" height=\"450\" src=\"https:\/\/www.youtube.com\/embed\/uYIrz6crqdA?feature=oembed\" frameborder=\"0\" allow=\"accelerometer; autoplay; clipboard-write; encrypted-media; gyroscope; picture-in-picture; web-share\" allowfullscreen><\/iframe>\n<\/div><\/figure>\n","protected":false},"excerpt":{"rendered":"<p>R\u00e9dig\u00e9 par leral.net Aujourd&rsquo;hui, le ministre de l&rsquo;Urbanisme, du Logement et de l&rsquo;Hygi\u00e8ne publique, Abdoulaye Seydou Sow, a officiellement scell\u00e9<\/p>\n","protected":false},"author":1,"featured_media":32188,"comment_status":"open","ping_status":"open","sticky":false,"template":"","format":"standard","meta":{"footnotes":""},"categories":[3],"tags":[],"class_list":["post-32186","post","type-post","status-publish","format-standard","has-post-thumbnail","hentry","category-event-more-news"],"_links":{"self":[{"href":"https:\/\/dekkbi.com\/index.php?rest_route=\/wp\/v2\/posts\/32186","targetHints":{"allow":["GET"]}}],"collection":[{"href":"https:\/\/dekkbi.com\/index.php?rest_route=\/wp\/v2\/posts"}],"about":[{"href":"https:\/\/dekkbi.com\/index.php?rest_route=\/wp\/v2\/types\/post"}],"author":[{"embeddable":true,"href":"https:\/\/dekkbi.com\/index.php?rest_route=\/wp\/v2\/users\/1"}],"replies":[{"embeddable":true,"href":"https:\/\/dekkbi.com\/index.php?rest_route=%2Fwp%2Fv2%2Fcomments&post=32186"}],"version-history":[{"count":1,"href":"https:\/\/dekkbi.com\/index.php?rest_route=\/wp\/v2\/posts\/32186\/revisions"}],"predecessor-version":[{"id":32189,"href":"https:\/\/dekkbi.com\/index.php?rest_route=\/wp\/v2\/posts\/32186\/revisions\/32189"}],"wp:featuredmedia":[{"embeddable":true,"href":"https:\/\/dekkbi.com\/index.php?rest_route=\/wp\/v2\/media\/32188"}],"wp:attachment":[{"href":"https:\/\/dekkbi.com\/index.php?rest_route=%2Fwp%2Fv2%2Fmedia&parent=32186"}],"wp:term":[{"taxonomy":"category","embeddable":true,"href":"https:\/\/dekkbi.com\/index.php?rest_route=%2Fwp%2Fv2%2Fcategories&post=32186"},{"taxonomy":"post_tag","embeddable":true,"href":"https:\/\/dekkbi.com\/index.php?rest_route=%2Fwp%2Fv2%2Ftags&post=32186"}],"curies":[{"name":"wp","href":"https:\/\/api.w.org\/{rel}","templated":true}]}}