{"id":32176,"date":"2024-03-05T11:46:06","date_gmt":"2024-03-05T11:46:06","guid":{"rendered":"https:\/\/dekkbi.com\/?p=32176"},"modified":"2024-03-05T11:46:06","modified_gmt":"2024-03-05T11:46:06","slug":"infrastructures-louga-inauguration-de-la-centrale-solaire-photovoltaique-du-village-de-rimbakh-sylla","status":"publish","type":"post","link":"https:\/\/dekkbi.com\/?p=32176","title":{"rendered":"INFRASTRUCTURES \/ Louga: inauguration de la centrale solaire photovolta\u00efque du village de Rimbakh Sylla\u00a0"},"content":{"rendered":"\n<p>Louga,  (APS) \u2013 Le gouverneur de la r\u00e9gion de Louga, Nd\u00e9ye Ngu\u00e9nar Mbodj, et le directeur g\u00e9n\u00e9ral de l\u2019Agence s\u00e9n\u00e9galaise de l\u2019\u00e9lectrification rurale (ASER), Baba Diallo, ont proc\u00e9d\u00e9, lundi, \u00e0 l\u2019inauguration de la mini-centrale solaire photovolta\u00efque du village de Rimbakh Sylla, situ\u00e9 dans la commune de Sakal.<\/p>\n\n\n\n<p>La r\u00e9alisation de cette infrastructure \u201dtraduit la volont\u00e9 du chef de l\u2019\u00c9tat qui, \u00e0 travers sa volont\u00e9 politique de territorialisation des politiques publiques, veut que l\u2019acc\u00e8s \u00e0 l\u2019\u00e9lectricit\u00e9 soit universel pour toutes les localit\u00e9s\u201d, a salu\u00e9 le gouverneur.<\/p>\n\n\n\n<p>Elle a relev\u00e9 que l\u2019\u00e9lectrification \u201ddemeure une pr\u00e9occupation dans la r\u00e9gion de Louga\u201d.<\/p>\n\n\n\n<p>Le directeur de l\u2019Agence nationale de l\u2019\u00e9lectrification rurale (ANASER), Baba Diallo, a, de son c\u00f4t\u00e9, indiqu\u00e9 que cette r\u00e9alisation entre dans le cadre du projet \u201dGauff Engineering\u201d, fruit de la coop\u00e9ration s\u00e9n\u00e9galo-allemande, qui vise \u00e0 \u00e9lectrifier 300 villages, pour un co\u00fbt de 79 milliards FCFA.<\/p>\n\n\n\n<p>\u201cNous \u00e9tions partis avec un objectif de 300 villages, mais avec les r\u00e9alisations en cours, on peut dire, sans risque de se tromper, qu\u2019\u00e0 terme, nous serons \u00e0 plus de 350 villages \u00e9lectrifi\u00e9s\u2019\u2019, a-t-il &nbsp;dit.<\/p>\n\n\n\n<p>Dans la r\u00e9gion de Louga, quarante-deux localit\u00e9s vont b\u00e9n\u00e9ficier du projet, a t-il indiqu\u00e9.<\/p>\n\n\n\n<p>\u201dEn 2012, le taux d\u2019\u00e9lectrification n\u2019\u00e9tait que de 24%, mais avec les efforts et la priorit\u00e9 accord\u00e9e \u00e0 l\u2019\u00e9lectrification rurale, \u00e0 travers le PSE par le chef de l\u2019Etat, aujourd\u2019hui nous avons franchi la barre de 65%\u201d, a-t-il soulign\u00e9.<\/p>\n\n\n\n<p>Le maire de la commune de Sakal, Ousmane Dieng, a magnifi\u00e9 la r\u00e9alisation de &nbsp;cette mini-centrale. \u201dEn tant que maire, je voudrais exprimer ma satisfaction et celle des populations de Rimbakh Sylla de voir ce projet d\u2019\u00e9lectrification arriver \u00e0 sa concr\u00e9tisation apr\u00e8s plusieurs mois d\u2019attente\u201d, a-t-il dit.<\/p>\n","protected":false},"excerpt":{"rendered":"<p>Louga, (APS) \u2013 Le gouverneur de la r\u00e9gion de Louga, Nd\u00e9ye Ngu\u00e9nar Mbodj, et le directeur g\u00e9n\u00e9ral de l\u2019Agence s\u00e9n\u00e9galaise<\/p>\n","protected":false},"author":1,"featured_media":32177,"comment_status":"open","ping_status":"open","sticky":false,"template":"","format":"standard","meta":{"footnotes":""},"categories":[3],"tags":[],"class_list":["post-32176","post","type-post","status-publish","format-standard","has-post-thumbnail","hentry","category-event-more-news"],"_links":{"self":[{"href":"https:\/\/dekkbi.com\/index.php?rest_route=\/wp\/v2\/posts\/32176","targetHints":{"allow":["GET"]}}],"collection":[{"href":"https:\/\/dekkbi.com\/index.php?rest_route=\/wp\/v2\/posts"}],"about":[{"href":"https:\/\/dekkbi.com\/index.php?rest_route=\/wp\/v2\/types\/post"}],"author":[{"embeddable":true,"href":"https:\/\/dekkbi.com\/index.php?rest_route=\/wp\/v2\/users\/1"}],"replies":[{"embeddable":true,"href":"https:\/\/dekkbi.com\/index.php?rest_route=%2Fwp%2Fv2%2Fcomments&post=32176"}],"version-history":[{"count":1,"href":"https:\/\/dekkbi.com\/index.php?rest_route=\/wp\/v2\/posts\/32176\/revisions"}],"predecessor-version":[{"id":32179,"href":"https:\/\/dekkbi.com\/index.php?rest_route=\/wp\/v2\/posts\/32176\/revisions\/32179"}],"wp:featuredmedia":[{"embeddable":true,"href":"https:\/\/dekkbi.com\/index.php?rest_route=\/wp\/v2\/media\/32177"}],"wp:attachment":[{"href":"https:\/\/dekkbi.com\/index.php?rest_route=%2Fwp%2Fv2%2Fmedia&parent=32176"}],"wp:term":[{"taxonomy":"category","embeddable":true,"href":"https:\/\/dekkbi.com\/index.php?rest_route=%2Fwp%2Fv2%2Fcategories&post=32176"},{"taxonomy":"post_tag","embeddable":true,"href":"https:\/\/dekkbi.com\/index.php?rest_route=%2Fwp%2Fv2%2Ftags&post=32176"}],"curies":[{"name":"wp","href":"https:\/\/api.w.org\/{rel}","templated":true}]}}