{"id":32173,"date":"2024-03-05T11:41:23","date_gmt":"2024-03-05T11:41:23","guid":{"rendered":"https:\/\/dekkbi.com\/?p=32173"},"modified":"2024-03-05T11:41:23","modified_gmt":"2024-03-05T11:41:23","slug":"burkina-faso-une-enquete-ouverte-apres-le-massacre-de-170-villageois","status":"publish","type":"post","link":"https:\/\/dekkbi.com\/?p=32173","title":{"rendered":"Burkina Faso: une enqu\u00eate ouverte apr\u00e8s le massacre de 170 villageois"},"content":{"rendered":"\n<p>Dakar, (APS) \u2013 Une enqu\u00eate a \u00e9t\u00e9 officiellement ouverte au Burkina Faso apr\u00e8s le massacre de plus de 170 personnes dans diverses attaques perp\u00e9tr\u00e9es dans trois villages du nord du pays, a annonc\u00e9 un procureur burkinab\u00e9.<\/p>\n\n\n\n<p>L\u2019ouverture d\u2019une telle information judiciaire a \u00e9t\u00e9 confirm\u00e9e samedi par Aly Benjamin Coulibaly, le procureur pr\u00e8s le tribunal de grande instance de Ouahigouya dans un communiqu\u00e9 relay\u00e9 par plusieurs m\u00e9dias.<\/p>\n\n\n\n<p>Plus de 170 personnes ont \u00e9t\u00e9 tu\u00e9es et nombreuses autres bless\u00e9es dans des \u2018\u2019attaques meurtri\u00e8res massives\u2019\u2019 dans les villages de Komsilga, Nodin et Soro, dans la province du Yatenga de la r\u00e9gion du Nord du Burkina Faso, a soulign\u00e9 le parquet.<\/p>\n\n\n\n<p>Le communiqu\u00e9 pr\u00e9cise que des enqu\u00eateurs ont \u00e9t\u00e9 d\u00e9ploy\u00e9s sur les lieux du massacre depuis le 29 f\u00e9vrier pour recueillir les \u00e9l\u00e9ments de preuves disponibles afin d\u2019\u00e9lucider les faits.&nbsp;<\/p>\n\n\n\n<p>Les forces de d\u00e9fense et de s\u00e9curit\u00e9 (FDS) et les \u00e9l\u00e9ments de la police judiciaire se sont rendus dans les \u2018\u2019diff\u00e9rents villages concern\u00e9s aux fins de proc\u00e9der \u00e0 toutes les constatations et de recueillir tous les \u00e9l\u00e9ments de preuves disponibles\u2019\u2019, indique la source.<\/p>\n\n\n\n<p>Les autorit\u00e9s burkinab\u00e8 ont assur\u00e9 que beaucoup parmi les auteurs pr\u00e9sum\u00e9s de cette tuerie avaient \u00e9t\u00e9 d\u00e9j\u00e0 neutralis\u00e9s.<\/p>\n\n\n\n<p>FD\/AKS\/OID<\/p>\n","protected":false},"excerpt":{"rendered":"<p>Dakar, (APS) \u2013 Une enqu\u00eate a \u00e9t\u00e9 officiellement ouverte au Burkina Faso apr\u00e8s le massacre de plus de 170 personnes<\/p>\n","protected":false},"author":1,"featured_media":32174,"comment_status":"open","ping_status":"open","sticky":false,"template":"","format":"standard","meta":{"footnotes":""},"categories":[26],"tags":[],"class_list":["post-32173","post","type-post","status-publish","format-standard","has-post-thumbnail","hentry","category-fait-divers"],"_links":{"self":[{"href":"https:\/\/dekkbi.com\/index.php?rest_route=\/wp\/v2\/posts\/32173","targetHints":{"allow":["GET"]}}],"collection":[{"href":"https:\/\/dekkbi.com\/index.php?rest_route=\/wp\/v2\/posts"}],"about":[{"href":"https:\/\/dekkbi.com\/index.php?rest_route=\/wp\/v2\/types\/post"}],"author":[{"embeddable":true,"href":"https:\/\/dekkbi.com\/index.php?rest_route=\/wp\/v2\/users\/1"}],"replies":[{"embeddable":true,"href":"https:\/\/dekkbi.com\/index.php?rest_route=%2Fwp%2Fv2%2Fcomments&post=32173"}],"version-history":[{"count":1,"href":"https:\/\/dekkbi.com\/index.php?rest_route=\/wp\/v2\/posts\/32173\/revisions"}],"predecessor-version":[{"id":32175,"href":"https:\/\/dekkbi.com\/index.php?rest_route=\/wp\/v2\/posts\/32173\/revisions\/32175"}],"wp:featuredmedia":[{"embeddable":true,"href":"https:\/\/dekkbi.com\/index.php?rest_route=\/wp\/v2\/media\/32174"}],"wp:attachment":[{"href":"https:\/\/dekkbi.com\/index.php?rest_route=%2Fwp%2Fv2%2Fmedia&parent=32173"}],"wp:term":[{"taxonomy":"category","embeddable":true,"href":"https:\/\/dekkbi.com\/index.php?rest_route=%2Fwp%2Fv2%2Fcategories&post=32173"},{"taxonomy":"post_tag","embeddable":true,"href":"https:\/\/dekkbi.com\/index.php?rest_route=%2Fwp%2Fv2%2Ftags&post=32173"}],"curies":[{"name":"wp","href":"https:\/\/api.w.org\/{rel}","templated":true}]}}