{"id":3213,"date":"2022-11-14T10:35:55","date_gmt":"2022-11-14T10:35:55","guid":{"rendered":"https:\/\/dekkbi.com\/?p=3213"},"modified":"2022-11-14T10:35:57","modified_gmt":"2022-11-14T10:35:57","slug":"est-de-la-rdc-nouveaux-pourparlers-de-paix-a-partir-du-21-novembre-a-nairobi-combats-au-nord-de-goma","status":"publish","type":"post","link":"https:\/\/dekkbi.com\/?p=3213","title":{"rendered":"Est de la RDC: nouveaux pourparlers de paix \u00e0 partir du 21 novembre \u00e0 Nairobi, combats au nord de Goma"},"content":{"rendered":"\n<p><a href=\"https:\/\/www.addthis.com\/bookmark.php?v=300\"><\/a><a href=\"https:\/\/www.addthis.com\/bookmark.php?v=300\"><\/a><a rel=\"noreferrer noopener\" href=\"https:\/\/www.addthis.com\/bookmark.php?v=300\" target=\"_blank\"><\/a><a rel=\"noreferrer noopener\" href=\"https:\/\/www.addthis.com\/bookmark.php?v=300\" target=\"_blank\"><\/a>Des pourparlers de paix sur la situation dans l&rsquo;est de la R\u00e9publique d\u00e9mocratique du Congo (RDC), en proie \u00e0 de nombreux groupes arm\u00e9s, dont les rebelles du M23 qui affrontaient dimanche l&rsquo;arm\u00e9e congolaise pr\u00e8s de Goma, doivent d\u00e9buter le 21 novembre au Kenya.<\/p>\n\n\n\n<p>Une r\u00e9cente offensive du M23, ancienne r\u00e9bellion tutsi qui a repris les armes fin 2021, a vu le groupe s&rsquo;avancer vers Goma, capitale provinciale du Nord-Kivu de plus d&rsquo;un million d&rsquo;habitants, et alimente les tensions entre la RDC et le Rwanda.<\/p>\n\n\n\n<p>\u00ab\u00a0La prochaine session du dialogue de paix sur la situation dans l&rsquo;est de la RDC est pr\u00e9vue pour commencer le 21 novembre \u00e0 Nairobi\u00a0\u00bb, capitale du Kenya, a annonc\u00e9 dimanche la Communaut\u00e9 des Etats d&rsquo;Afrique de l&rsquo;Est (EAC) dans un communiqu\u00e9 publi\u00e9 sur Twitter. Ni les participants, ni la dur\u00e9e des discussions n&rsquo;ont \u00e9t\u00e9 pr\u00e9cis\u00e9s.<\/p>\n\n\n\n<p>Les nouvelles violences du M23 ont provoqu\u00e9 un regain de tension entre la RDC et le Rwanda, accus\u00e9 par Kinshasa depuis le d\u00e9but de l&rsquo;ann\u00e9e de soutien actif \u00e0 cette r\u00e9bellion. Kigali a d\u00e9menti.<\/p>\n\n\n\n<p>Cette annonce de pourparlers intervient alors que de nouveaux combats opposaient dimanche l&rsquo;arm\u00e9e congolaise au M23 \u00e0 une vingtaine de kilom\u00e8tres au nord de Goma.<\/p>\n\n\n\n<p>\u00ab\u00a0Nous nous r\u00e9veillons dans les combats ce (dimanche) matin. Nos forces s&rsquo;affrontent avec le M23 \u00e0 Mwaro. Mais nous avons r\u00e9ussi \u00e0 repousser l&rsquo;ennemi c\u00f4t\u00e9 Gikeri\u00a0\u00bb, a indiqu\u00e9 \u00e0 l&rsquo;AFP un officier de l&rsquo;arm\u00e9e qui a requis l&rsquo;anonymat.<\/p>\n\n\n\n<p>\u00ab\u00a0Les combats se d\u00e9roulent en ce moment \u00e0 Mwaro o\u00f9 l&rsquo;ennemi nous a attaqu\u00e9s\u00a0\u00bb, a confirm\u00e9 une source s\u00e9curitaire.<\/p>\n\n\n\n<p>Une autre source a d\u00e9clar\u00e9 que la situation \u00e9tait complexe, avec des combattants du M23 tu\u00e9s \u00ab\u00a0en masse\u00a0\u00bb mais aussi des morts du c\u00f4t\u00e9 de l&rsquo;arm\u00e9e congolaise.<\/p>\n\n\n\n<p>Des affrontements meurtriers ont dur\u00e9 jusqu&rsquo;\u00e0 dimanche soir \u00e0 Kibumba, une autre localit\u00e9 situ\u00e9e \u00e0 une vingtaine de kilom\u00e8tres de Goma, selon des habitants et des responsables de la s\u00e9curit\u00e9.<\/p>\n\n\n\n<p>Dans une d\u00e9claration dat\u00e9e de samedi, le groupe rebelle a accus\u00e9 l&rsquo;arm\u00e9e congolaise d&rsquo;avoir men\u00e9 des \u00ab\u00a0bombardements barbares\u00a0\u00bb dans des zones dens\u00e9ment peupl\u00e9es, tuant 15 civils, dont deux enfants. L&rsquo;AFP n&rsquo;a pas pu confirmer ce bilan de source ind\u00e9pendante.<\/p>\n\n\n\n<p>&#8211; Initiatives diplomatiques &#8211;<\/p>\n\n\n\n<p>Les initiatives diplomatiques se multiplient pour tenter de r\u00e9soudre le conflit. Le pr\u00e9sident angolais Jo\u00e3o Louren\u00e7o, \u00e0 la t\u00eate de la Conf\u00e9rence internationale sur la r\u00e9gion des Grands Lacs (CIRGL), a rencontr\u00e9 vendredi son homologue rwandais Paul Kagame, puis le lendemain le chef d&rsquo;Etat congolais F\u00e9lix Tshisekedi.<\/p>\n\n\n\n<p>Le facilitateur pour la paix dans l&rsquo;Est de la RDC pour l&rsquo;EAC, l&rsquo;ancien pr\u00e9sident k\u00e9nyan Uhuru Kenyatta, est arriv\u00e9 dimanche \u00e0 Kinshasa pour une visite de deux jours.<\/p>\n\n\n\n<p>Le chef de l&rsquo;Etat burundais, \u00c9variste Ndayishimiye, devait, selon le communiqu\u00e9 de l&rsquo;EAC, \u00ab\u00a0participer aux d\u00e9bats\u00a0\u00bb. Un officiel burundais, qui a requis l&rsquo;anonymat, a d\u00e9clar\u00e9 lundi \u00e0 l&rsquo;AFP que M. Ndayishimiye ne se rendrait toutefois pas \u00e0 Kinshasa.<\/p>\n\n\n\n<p>Les premiers soldats k\u00e9nyans &#8211; environ une centaine &#8211; sont quant \u00e0 eux arriv\u00e9s samedi \u00e0 Goma dans le cadre d&rsquo;une force r\u00e9gionale est-africaine. Le Parlement k\u00e9nyan avait approuv\u00e9 mercredi l&rsquo;envoi de 900 soldats dans l&rsquo;est de la RDC, en proie depuis pr\u00e8s de trois d\u00e9cennies aux attaques des groupes arm\u00e9s.<\/p>\n\n\n\n<p>A cette occasion, le lieutenant-colonel k\u00e9nyan Dennis Obiero a d\u00e9clar\u00e9 aux journalistes que leur mission \u00e9tait de \u00ab\u00a0mener des op\u00e9rations offensives\u00a0\u00bb aux c\u00f4t\u00e9s des forces congolaises et d&rsquo;aider \u00e0 d\u00e9sarmer les milices.<\/p>\n\n\n\n<p>Un rapport confidentiel de l&rsquo;ONU, consult\u00e9 en ao\u00fbt par l&rsquo;AFP, pointe une implication du Rwanda aupr\u00e8s du M23. Des dirigeants am\u00e9ricains ont aussi \u00e9voqu\u00e9 une aide de l&rsquo;arm\u00e9e rwandaise au M23.<\/p>\n\n\n\n<p>Kigali d\u00e9ment et accuse en retour la RDC &#8211; qui nie \u00e9galement &#8211; de collusion avec les FDLR (Forces d\u00e9mocratiques de lib\u00e9ration du Rwanda), mouvement de rebelles hutu rwandais, dont certains sont impliqu\u00e9s dans le g\u00e9nocide des Tutsi en 1994 au Rwanda.<\/p>\n\n\n\n<p>Selon l&rsquo;ONU, les r\u00e9cents combats ont provoqu\u00e9 le d\u00e9placement d&rsquo;au moins 188.000 personnes.<\/p>\n\n\n\n<p>Il y a exactement 10 ans, en novembre-d\u00e9cembre 2012, les rebelles du M23 avaient occup\u00e9 Goma pendant une dizaine de jours, avant d&rsquo;\u00eatre vaincus l&rsquo;ann\u00e9e suivante par l&rsquo;arm\u00e9e congolaise et les Casques bleus.<\/p>\n\n\n\n<p>Apr\u00e8s des ann\u00e9es d&rsquo;inactivit\u00e9, ils ont repris les armes fin 2021 en affirmant que la RDC n&rsquo;a pas tenu sa promesse de les int\u00e9grer dans l&rsquo;arm\u00e9e. Ces derni\u00e8res semaines, le M23 a remport\u00e9 une s\u00e9rie de victoires et augment\u00e9 spectaculairement le territoire qu&rsquo;il contr\u00f4le.<\/p>\n\n\n\n<p>Par Dylan GAMBA<\/p>\n\n\n\n<p><a href=\"https:\/\/information.tv5monde.com\/auteur\/afp\">AFP<\/a><\/p>\n","protected":false},"excerpt":{"rendered":"<p>Des pourparlers de paix sur la situation dans l&rsquo;est de la R\u00e9publique d\u00e9mocratique du Congo (RDC), en proie \u00e0 de<\/p>\n","protected":false},"author":1,"featured_media":3214,"comment_status":"open","ping_status":"open","sticky":false,"template":"","format":"standard","meta":{"footnotes":""},"categories":[51],"tags":[],"class_list":["post-3213","post","type-post","status-publish","format-standard","has-post-thumbnail","hentry","category-general"],"_links":{"self":[{"href":"https:\/\/dekkbi.com\/index.php?rest_route=\/wp\/v2\/posts\/3213","targetHints":{"allow":["GET"]}}],"collection":[{"href":"https:\/\/dekkbi.com\/index.php?rest_route=\/wp\/v2\/posts"}],"about":[{"href":"https:\/\/dekkbi.com\/index.php?rest_route=\/wp\/v2\/types\/post"}],"author":[{"embeddable":true,"href":"https:\/\/dekkbi.com\/index.php?rest_route=\/wp\/v2\/users\/1"}],"replies":[{"embeddable":true,"href":"https:\/\/dekkbi.com\/index.php?rest_route=%2Fwp%2Fv2%2Fcomments&post=3213"}],"version-history":[{"count":1,"href":"https:\/\/dekkbi.com\/index.php?rest_route=\/wp\/v2\/posts\/3213\/revisions"}],"predecessor-version":[{"id":3215,"href":"https:\/\/dekkbi.com\/index.php?rest_route=\/wp\/v2\/posts\/3213\/revisions\/3215"}],"wp:featuredmedia":[{"embeddable":true,"href":"https:\/\/dekkbi.com\/index.php?rest_route=\/wp\/v2\/media\/3214"}],"wp:attachment":[{"href":"https:\/\/dekkbi.com\/index.php?rest_route=%2Fwp%2Fv2%2Fmedia&parent=3213"}],"wp:term":[{"taxonomy":"category","embeddable":true,"href":"https:\/\/dekkbi.com\/index.php?rest_route=%2Fwp%2Fv2%2Fcategories&post=3213"},{"taxonomy":"post_tag","embeddable":true,"href":"https:\/\/dekkbi.com\/index.php?rest_route=%2Fwp%2Fv2%2Ftags&post=3213"}],"curies":[{"name":"wp","href":"https:\/\/api.w.org\/{rel}","templated":true}]}}