{"id":32114,"date":"2024-03-03T09:36:24","date_gmt":"2024-03-03T09:36:24","guid":{"rendered":"https:\/\/dekkbi.com\/?p=32114"},"modified":"2024-03-03T09:40:30","modified_gmt":"2024-03-03T09:40:30","slug":"loi-damnistie-yen-a-marre-contre-le-projet","status":"publish","type":"post","link":"https:\/\/dekkbi.com\/?p=32114","title":{"rendered":"Loi d\u2019amnistie : Y\u2019en a marre contre le projet"},"content":{"rendered":"\n<p>Une \u00abd\u00e9cision inattendue, non concert\u00e9e et inopportune prise \u00e0 la surprise g\u00e9n\u00e9rale\u00bb. C\u2019est ainsi que le mouvement citoyen \u00abY\u2019en a marre\u00bb a accueilli l\u2019annonce de l\u2019adoption en Conseil des ministres du projet de loi d\u2019amnistie. En conf\u00e9rence de presse hier, le mouvement a annonc\u00e9 qu\u2019il va se battre contre ladite initiative du pouvoir ex\u00e9cutif et interpelle les repr\u00e9sentants du Peuple.<\/p>\n\n\n\n<p>Par Malick GAYE  \u2013 \u00abL\u2019amnistie viole les articles 7 et 14 du Pacte international relatif aux droits civils et politiques des Nations unies du 16 d\u00e9cembre 1966 et l\u2019article 7 de la Charte africaine des droits de l\u2019Homme et des peuples de 1981, dans la mesure o\u00f9 l\u2019Etat du S\u00e9n\u00e9gal refuse aux victimes le droit d\u2019\u00eatre entendues et jug\u00e9es conform\u00e9ment aux engagements internationaux et aux lois internes du S\u00e9n\u00e9gal\u00bb, a d\u00e9clar\u00e9 Aliou San\u00e9, le coordonnateur du mouvement citoyen \u00abY\u2019en a marre\u00bb. <\/p>\n\n\n\n<p>\u00abMa lib\u00e9ration ne sera pas le prix de l\u2019effacement des crimes\u00bb, a fait savoir Aliou San\u00e9, qui compte combattre le projet de loi en question. Car l\u2019amnistie \u00abest syst\u00e9matiquement rejet\u00e9e par les familles des victimes, les personnes d\u00e9tenues arbitrairement et tous les citoyens soucieux de justice. <\/p>\n\n\n\n<p>Dans son principe, l\u2019amnistie est d\u00e9battue en doctrine, car certains consid\u00e8rent qu\u2019elle est d\u00e9magogique, dangereuse et susceptible m\u00eame de violer le droit \u00e0 l\u2019\u00e9galit\u00e9 des citoyens, ainsi que le droit \u00e0 une Justice \u00e9quitable\u00bb, a affirm\u00e9 Aliou San\u00e9.<\/p>\n\n\n\n<p>Le coordonnateur du mouvement citoyen \u00abY\u2019en a marre\u00bb \u00abmet en garde les d\u00e9put\u00e9s, qui se rendraient complices d\u2019une forfaiture consistant \u00e0 \u00e9touffer la poursuite de crimes et comportements graves, contre le vote d\u2019une quelconque loi d\u2019amnistie\u00bb, tout en pr\u00e9cisant qu\u2019\u00abaucune loi d\u2019amnistie ne peut absoudre les crimes internationaux, notamment la torture, les traitements cruels et d\u00e9gradants, qui sont aussi imprescriptibles\u00bb.<\/p>\n\n\n\n<p>A cet effet, le mouvement \u00abY\u2019en a marre\u00bb pr\u00e9vient que \u00absi les autorit\u00e9s persistent \u00e0 faire voter cette loi, nous nous engageons \u00e0 travailler avec les organes des Trait\u00e9s des Nations unies et de l\u2019Union africaine pour amener le S\u00e9n\u00e9gal \u00e0 l\u2019abroger dans les meilleurs d\u00e9lais\u00bb. <\/p>\n\n\n\n<p>Forts de ce constat, Aliou San\u00e9 et ses camarades du mouvement \u00abY\u2019en a marre\u00bb ont d\u00e9nonc\u00e9 cette fa\u00e7on de faire de la politique consistant \u00e0 \u00abb\u00e2illonner, \u00e0 jeter en prison d\u2019honn\u00eates citoyens dans des conditions inhumaines et \u00e0 refuser d\u2019ouvrir des enqu\u00eates pour clarifier les d\u00e9c\u00e8s de dizaines de citoyens, et finir par jouer aux sapeurs-pompiers\u00bb.<\/p>\n\n\n\n<p>mgaye@lequotidien.sn<\/p>\n","protected":false},"excerpt":{"rendered":"<p>Une \u00abd\u00e9cision inattendue, non concert\u00e9e et inopportune prise \u00e0 la surprise g\u00e9n\u00e9rale\u00bb. C\u2019est ainsi que le mouvement citoyen \u00abY\u2019en a<\/p>\n","protected":false},"author":1,"featured_media":32045,"comment_status":"open","ping_status":"open","sticky":false,"template":"","format":"standard","meta":{"footnotes":""},"categories":[6],"tags":[],"class_list":["post-32114","post","type-post","status-publish","format-standard","has-post-thumbnail","hentry","category-politics"],"_links":{"self":[{"href":"https:\/\/dekkbi.com\/index.php?rest_route=\/wp\/v2\/posts\/32114","targetHints":{"allow":["GET"]}}],"collection":[{"href":"https:\/\/dekkbi.com\/index.php?rest_route=\/wp\/v2\/posts"}],"about":[{"href":"https:\/\/dekkbi.com\/index.php?rest_route=\/wp\/v2\/types\/post"}],"author":[{"embeddable":true,"href":"https:\/\/dekkbi.com\/index.php?rest_route=\/wp\/v2\/users\/1"}],"replies":[{"embeddable":true,"href":"https:\/\/dekkbi.com\/index.php?rest_route=%2Fwp%2Fv2%2Fcomments&post=32114"}],"version-history":[{"count":1,"href":"https:\/\/dekkbi.com\/index.php?rest_route=\/wp\/v2\/posts\/32114\/revisions"}],"predecessor-version":[{"id":32115,"href":"https:\/\/dekkbi.com\/index.php?rest_route=\/wp\/v2\/posts\/32114\/revisions\/32115"}],"wp:featuredmedia":[{"embeddable":true,"href":"https:\/\/dekkbi.com\/index.php?rest_route=\/wp\/v2\/media\/32045"}],"wp:attachment":[{"href":"https:\/\/dekkbi.com\/index.php?rest_route=%2Fwp%2Fv2%2Fmedia&parent=32114"}],"wp:term":[{"taxonomy":"category","embeddable":true,"href":"https:\/\/dekkbi.com\/index.php?rest_route=%2Fwp%2Fv2%2Fcategories&post=32114"},{"taxonomy":"post_tag","embeddable":true,"href":"https:\/\/dekkbi.com\/index.php?rest_route=%2Fwp%2Fv2%2Ftags&post=32114"}],"curies":[{"name":"wp","href":"https:\/\/api.w.org\/{rel}","templated":true}]}}