{"id":32111,"date":"2024-03-03T09:32:19","date_gmt":"2024-03-03T09:32:19","guid":{"rendered":"https:\/\/dekkbi.com\/?p=32111"},"modified":"2024-03-03T09:32:20","modified_gmt":"2024-03-03T09:32:20","slug":"agression-de-la-patronne-de-7-tv-maimouna-ne-faiblis-pas","status":"publish","type":"post","link":"https:\/\/dekkbi.com\/?p=32111","title":{"rendered":"Agression de la patronne de 7 Tv : Ma\u00efmouna, ne faiblis pas !"},"content":{"rendered":"\n<p>La directrice de la cha\u00eene de t\u00e9l\u00e9vision priv\u00e9e 7Tv, Ma\u00efmouna Ndour Faye, a \u00e9t\u00e9 la cible d\u2019une agression brutale dans la nuit du jeudi au vendredi devant son domicile. Face \u00e0 cette violence, les r\u00e9actions de consternation et d\u2019indignation n\u2019ont pas tard\u00e9 \u00e0 se manifester, tant du c\u00f4t\u00e9 des personnalit\u00e9s politiques que des journalistes et membres de la Soci\u00e9t\u00e9 civile. Tous ont unanimement condamn\u00e9 un acte \u00abl\u00e2che et barbare\u00bb.<\/p>\n\n\n\n<p>Par Ousmane SOW \u2013 La presse s\u00e9n\u00e9galaise est en \u00e9tat de choc suite \u00e0 l\u2019agression physique de Ma\u00efmouna Ndour Faye, Directrice g\u00e9n\u00e9rale de la cha\u00eene de t\u00e9l\u00e9vision priv\u00e9e 7Tv, dans la nuit du jeudi au vendredi. C\u2019est vers 4 heures du matin, devant son domicile, peu de temps apr\u00e8s son \u00e9mission avec le d\u00e9put\u00e9 Farba Ngom, que la journaliste a \u00e9t\u00e9 attaqu\u00e9e. <\/p>\n\n\n\n<p>Dans un acte d\u2019une cruaut\u00e9 insens\u00e9e, elle a \u00e9t\u00e9 poignard\u00e9e par un individu dont les motivations demeurent pour l\u2019heure inconnues. L\u2019assaillant a ass\u00e9n\u00e9 \u00e0 Ma\u00efmouna Ndour Faye plusieurs coups de couteau, la laissant dans un \u00e9tat critique car perdant beaucoup de sang. <\/p>\n\n\n\n<p>Des sources proches de la victime ont annonc\u00e9 hier, dans la journ\u00e9e, que les premi\u00e8res \u00e9valuations m\u00e9dicales apr\u00e8s son admission aux urgences de l\u2019H\u00f4pital militaire de Ouakam, indiquent que sa vie n\u2019est plus en danger. \u00abElle a \u00e9t\u00e9 aussit\u00f4t hospitalis\u00e9e et son \u00e9tat reste stable. <\/p>\n\n\n\n<p>L\u2019origine de l\u2019agression est pour l\u2019instant inconnue\u00bb, a indiqu\u00e9 le Groupe 3M Universelle, \u00e9diteur de la t\u00e9l\u00e9vision 7Tv, dans son communiqu\u00e9 paru ce vendredi.La presse en \u00e9tat de choc<\/p>\n\n\n\n<p>Les circonstances de cette agression ont plong\u00e9 le pays dans l\u2019\u00e9moi et l\u2019indignation. Journalistes, membres de la Soci\u00e9t\u00e9 civile et personnalit\u00e9s politiques ont unanimement qualifi\u00e9 cet acte de \u00abl\u00e2che\u00bb, \u00abbarbare\u00bb et \u00abignoble\u00bb, appelant \u00e0 une enqu\u00eate approfondie et \u00e0 ce que les responsables soient traduits en Justice. <\/p>\n\n\n\n<p>\u00abLa 7Tv reste d\u00e9bout et mobilis\u00e9e pour que les responsables de cette forfaiture inf\u00e2me, hideuse et ignominieuse r\u00e9pondent de leurs actes devant les tribunaux\u00bb, lit-on dans le communiqu\u00e9 sign\u00e9 par la Direction g\u00e9n\u00e9rale de la 7Tv, soulignant que la patronne du Groupe 3M Universelle a toujours fait preuve d\u2019un professionnalisme irr\u00e9prochable et d\u2019une rigueur journalistique exemplaire.<\/p>\n\n\n\n<p> Le Conseil d\u2019observation des r\u00e8gles d\u2019\u00e9thique et de d\u00e9ontologie dans les m\u00e9dias (Cored), la Coordination des associations de presse (Cap) qui a appel\u00e9 \u00e0 un grand rassemblement devant les locaux de la 7Tv \u00e0 17 heures, et 6 organisations de d\u00e9fense des droits humains dont Amnesty international, la Ligue s\u00e9n\u00e9galaise des droits de l\u2019Homme (Lsdh), la Rencontre africaine pour la d\u00e9fense des droits de l\u2019Homme (Raddho), Afrikajom Center et AfrikTivistes, ont tous exprim\u00e9 une solidarit\u00e9 sans faille envers la patronne de la 7Tv agress\u00e9e.<\/p>\n\n\n\n<p> Dans ce climat d\u2019indignation et de col\u00e8re, tous ont unanimement condamn\u00e9 cet acte \u00abl\u00e2che et barbare\u00bb, exigeant que justice soit rendue et que la libert\u00e9 d\u2019expression soit prot\u00e9g\u00e9e. Leurs communiqu\u00e9s r\u00e9sonnent comme un rappel alarmant des dangers auxquels sont confront\u00e9s les professionnels des m\u00e9dias dans l\u2019exercice de leur m\u00e9tier<\/p>\n\n\n\n<p>.Macky Sall condamne un \u00abacte de violence l\u00e2che et inexcusable\u00bbSur les r\u00e9seaux sociaux, les r\u00e9actions ne se sont pas fait attendre. Sur X (anciennement Twitter), le Pr\u00e9sident Macky Sall a condamn\u00e9 l\u2019agression de la journaliste Ma\u00efmouna Ndour Faye.<\/p>\n\n\n\n<p> \u00abJe condamne fermement cet acte de violence l\u00e2che et inexcusable contre la journaliste Ma\u00efmouna Ndour Faye. La libert\u00e9 de la presse est un droit fondamental qui doit \u00eatre prot\u00e9g\u00e9 et respect\u00e9 en toutes circonstances\u00bb, a-t-il r\u00e9agi sur le r\u00e9seau social X. <\/p>\n\n\n\n<p>Le chef de l\u2019Etat indique qu\u2019aucune forme de violence ne saurait \u00eatre tol\u00e9r\u00e9e, ajoutant que \u00ables responsables de cette agression devront r\u00e9pondre de leurs actes devant la Justice\u00bb. \u00abJe tiens \u00e0 lui exprimer tout mon soutien et r\u00e9it\u00e8re mon engagement \u00e0 garantir un environnement s\u00fbr et serein pour tous les professionnels des m\u00e9dias dans notre pays\u00bb, a-t-il d\u00e9clar\u00e9.<\/p>\n\n\n\n<p>La classe politique solidaire.<\/p>\n\n\n\n<p>Dans la m\u00eame dynamique, la classe politique s\u2019est \u00e9galement mobilis\u00e9e pour condamner cet acte odieux. <\/p>\n\n\n\n<p>Thierno Alassane Sall a mis en lumi\u00e8re les pr\u00e9c\u00e9dentes alertes de Ma\u00efmouna Ndour Faye concernant les menaces qu\u2019elle avait re\u00e7ues, soulignant le climat d\u2019intol\u00e9rance croissant dans le pays. \u00abMNF a souvent pr\u00e9venu qu\u2019elle \u00e9tait menac\u00e9e, on ne l\u2019a pas prise au s\u00e9rieux. <\/p>\n\n\n\n<p>Elle-m\u00eame a pris sans doute l\u2019affaire \u00e0 la l\u00e9g\u00e8re ou peut-\u00eatre n\u2019a-t-elle pas vu changer le pays o\u00f9 nous vivons. Le S\u00e9n\u00e9gal, nagu\u00e8re un pays de dialogue, de tol\u00e9rance, o\u00f9 l\u2019impertinence \u00e9tait chez elle, se transforme, sous nos yeux, en un pays o\u00f9 l\u2019intol\u00e9rance se propage et s\u2019exprime par une violence d\u00e9sormais amnisti\u00e9e et lib\u00e9r\u00e9e\u00bb, a d\u00e9plor\u00e9 TAS.<\/p>\n","protected":false},"excerpt":{"rendered":"<p>La directrice de la cha\u00eene de t\u00e9l\u00e9vision priv\u00e9e 7Tv, Ma\u00efmouna Ndour Faye, a \u00e9t\u00e9 la cible d\u2019une agression brutale dans<\/p>\n","protected":false},"author":1,"featured_media":32112,"comment_status":"open","ping_status":"open","sticky":false,"template":"","format":"standard","meta":{"footnotes":""},"categories":[26],"tags":[],"class_list":["post-32111","post","type-post","status-publish","format-standard","has-post-thumbnail","hentry","category-fait-divers"],"_links":{"self":[{"href":"https:\/\/dekkbi.com\/index.php?rest_route=\/wp\/v2\/posts\/32111","targetHints":{"allow":["GET"]}}],"collection":[{"href":"https:\/\/dekkbi.com\/index.php?rest_route=\/wp\/v2\/posts"}],"about":[{"href":"https:\/\/dekkbi.com\/index.php?rest_route=\/wp\/v2\/types\/post"}],"author":[{"embeddable":true,"href":"https:\/\/dekkbi.com\/index.php?rest_route=\/wp\/v2\/users\/1"}],"replies":[{"embeddable":true,"href":"https:\/\/dekkbi.com\/index.php?rest_route=%2Fwp%2Fv2%2Fcomments&post=32111"}],"version-history":[{"count":1,"href":"https:\/\/dekkbi.com\/index.php?rest_route=\/wp\/v2\/posts\/32111\/revisions"}],"predecessor-version":[{"id":32113,"href":"https:\/\/dekkbi.com\/index.php?rest_route=\/wp\/v2\/posts\/32111\/revisions\/32113"}],"wp:featuredmedia":[{"embeddable":true,"href":"https:\/\/dekkbi.com\/index.php?rest_route=\/wp\/v2\/media\/32112"}],"wp:attachment":[{"href":"https:\/\/dekkbi.com\/index.php?rest_route=%2Fwp%2Fv2%2Fmedia&parent=32111"}],"wp:term":[{"taxonomy":"category","embeddable":true,"href":"https:\/\/dekkbi.com\/index.php?rest_route=%2Fwp%2Fv2%2Fcategories&post=32111"},{"taxonomy":"post_tag","embeddable":true,"href":"https:\/\/dekkbi.com\/index.php?rest_route=%2Fwp%2Fv2%2Ftags&post=32111"}],"curies":[{"name":"wp","href":"https:\/\/api.w.org\/{rel}","templated":true}]}}