{"id":3209,"date":"2022-11-14T10:26:20","date_gmt":"2022-11-14T10:26:20","guid":{"rendered":"https:\/\/dekkbi.com\/?p=3209"},"modified":"2022-11-14T10:26:22","modified_gmt":"2022-11-14T10:26:22","slug":"nouvel-accord-entre-paris-et-londres-contre-les-traversees-de-migrants-dans-la-manche","status":"publish","type":"post","link":"https:\/\/dekkbi.com\/?p=3209","title":{"rendered":"Nouvel accord entre Paris et Londres contre les travers\u00e9es de migrants dans la Manche"},"content":{"rendered":"\n<p><a href=\"https:\/\/www.addthis.com\/bookmark.php?v=300\"><\/a><a href=\"https:\/\/www.addthis.com\/bookmark.php?v=300\"><\/a><a rel=\"noreferrer noopener\" href=\"https:\/\/www.addthis.com\/bookmark.php?v=300\" target=\"_blank\"><\/a><a rel=\"noreferrer noopener\" href=\"https:\/\/www.addthis.com\/bookmark.php?v=300\" target=\"_blank\"><\/a>Poison de la relation entre la France et le Royaume-Uni, la lutte contre l&rsquo;immigration ill\u00e9gale fait l&rsquo;objet d&rsquo;un nouvel accord de coop\u00e9ration sign\u00e9 lundi entre les deux pays pour enrayer les travers\u00e9es de la Manche par des migrants, toujours plus nombreux \u00e0 tenter ce dangereux p\u00e9riple.<\/p>\n\n\n\n<p>Les deux points principaux de cet accord sont une enveloppe de 72,2 millions d&rsquo;euros que devront verser les Britanniques en 2022-2023 \u00e0 la France qui, en contrepartie, s&rsquo;engage \u00e0 augmenter de 40% ses forces de s\u00e9curit\u00e9 (350 policiers et gendarmes suppl\u00e9mentaires) sur les plages d&rsquo;o\u00f9 partent les migrants \u00e0 destination des c\u00f4tes britanniques.<\/p>\n\n\n\n<p>Toutefois, aucun objectif chiffr\u00e9 d&rsquo;interceptions de bateaux, comme le souhaitait le Royaume-Uni selon la presse outre-Manche, n&rsquo;appara\u00eet dans la d\u00e9claration commune, sign\u00e9e \u00e0 Paris par le ministre fran\u00e7ais de l&rsquo;Int\u00e9rieur G\u00e9rald Darmanin et son homologue Suella Braverman.<\/p>\n\n\n\n<p><a><\/a><a href=\"https:\/\/information.tv5monde.com\/info\/nouvel-accord-entre-paris-et-londres-contre-les-traversees-de-migrants-dans-la-manche-478434#photo1\"><\/a><a href=\"https:\/\/information.tv5monde.com\/video\/jpg\/bc81a680-a5af-4674-89b2-6f0cb2701770.jpg\"><\/a><a href=\"https:\/\/information.tv5monde.com\/video\/qt-hi\/bc81a680-a5af-4674-89b2-6f0cb2701770.640x360.mp4\"><\/a>\u00ab\u00a0Il n&rsquo;existe pas de solution miracle, mais ce nouvel accord nous permettra d&rsquo;augmenter de mani\u00e8re significative le nombre de gendarmes fran\u00e7ais patrouillant sur les plages du nord de la France et de garantir que les officiers britanniques et fran\u00e7ais travaillent main dans la main pour arr\u00eater les passeurs de migrants\u00a0\u00bb, a comment\u00e9 Mme Braverman.<\/p>\n\n\n\n<p>Dans ce texte, Londres et Paris se sont d&rsquo;abord fix\u00e9s pour objectif de d\u00e9ployer \u00ab\u00a0des ressources technologiques et humaines\u00a0\u00bb, dont des drones, sur le littoral fran\u00e7ais pour mieux d\u00e9tecter, surveiller et intercepter les bateaux.<\/p>\n\n\n\n<p>Les deux pays veulent \u00e9galement collecter et utiliser des renseignements, notamment \u00ab\u00a0provenant de migrants intercept\u00e9s\u00a0\u00bb, pour mieux d\u00e9manteler les r\u00e9seaux de passeurs et dissuader les travers\u00e9es par un travail conjoint \u00ab\u00a0le plus en amont possible\u00a0\u00bb, en lien avec les pays d&rsquo;origine et de transit des exil\u00e9s.<\/p>\n\n\n\n<p>Pour les atteindre, une douzaine d&rsquo;actions visant \u00ab\u00a0une approche plus int\u00e9gr\u00e9e et plus efficace\u00a0\u00bb ont \u00e9t\u00e9 list\u00e9es.<\/p>\n\n\n\n<p>&#8211; \u00ab\u00a0Echanges d&rsquo;informations\u00a0\u00bb &#8211;<\/p>\n\n\n\n<p>Pour la premi\u00e8re fois, des \u00e9quipes d&rsquo;observateurs seront d\u00e9ploy\u00e9es de part et d&rsquo;autre de la Manche pour \u00ab\u00a0am\u00e9liorer le d\u00e9roulement des d\u00e9briefings des migrants\u00a0\u00bb et \u00ab\u00a0accro\u00eetre les \u00e9changes d&rsquo;informations\u00a0\u00bb entre les deux pays.<\/p>\n\n\n\n<p>L&rsquo;accord pr\u00e9voit aussi le financement de \u00ab\u00a0chiens de d\u00e9tection\u00a0\u00bb dans les ports et l&rsquo;installation de cam\u00e9ras de surveillance aux principaux points de passage frontaliers le long du littoral.<\/p>\n\n\n\n<p>Des centres d&rsquo;accueil pour migrants doivent aussi \u00eatre cr\u00e9\u00e9s dans le sud de la France pour dissuader les exil\u00e9s qui empruntent la M\u00e9diterran\u00e9e de remonter jusqu&rsquo;\u00e0 Calais et leur \u00ab\u00a0proposer des alternatives s\u00fbres\u00a0\u00bb.<\/p>\n\n\n\n<p>Cet accord intervient alors que les deux gouvernements sont mis sous pression sur la question migratoire.<\/p>\n\n\n\n<p>En France, G\u00e9rald Darmanin, accus\u00e9 par la droite et l&rsquo;extr\u00eame droite de ne pas assez expulser les \u00e9trangers interdits de s\u00e9jour sur le territoire, va pr\u00e9senter d\u00e9but 2023 un projet de loi visant \u00e0 durcir les proc\u00e9dures d&rsquo;asile.<\/p>\n\n\n\n<p>Au Royaume-Uni, le parti conservateur au pouvoir a fait du contr\u00f4le de l&rsquo;immigration une priorit\u00e9 depuis le Brexit, mais se heurte \u00e0 la courbe exponentielle des travers\u00e9es ill\u00e9gales.<\/p>\n\n\n\n<p>\u00ab\u00a0Nous interceptons beaucoup plus qu&rsquo;auparavant (plus de 30 000 migrants \u00e0 ce jour en 2022 contre 22 600 en 2021)\u00a0\u00bb et \u00ab\u00a0nous consacrons 255 millions d\u2019euros\u00a0\u00bb \u00e0 la s\u00e9curisation du littoral, argumente-t-on c\u00f4t\u00e9 fran\u00e7ais.<\/p>\n\n\n\n<p>&#8211; Querelles bilat\u00e9rales &#8211;<\/p>\n\n\n\n<p>Des efforts insuffisants pour enrayer le ph\u00e9nom\u00e8ne: dimanche, le minist\u00e8re de la d\u00e9fense britannique a indiqu\u00e9 que plus de 40.000 migrants avaient travers\u00e9 la Manche depuis le d\u00e9but de l&rsquo;ann\u00e9e, un record.<\/p>\n\n\n\n<p>Apr\u00e8s des ann\u00e9es de querelles parfois virulentes sur la question migratoire, notamment lorsque Boris Johnson et Liz Truss \u00e9taient Premiers ministres, le nouvel ex\u00e9cutif britannique a adopt\u00e9 un ton plus conciliant avec le gouvernement fran\u00e7ais, appelant \u00e0 une relation plus \u00ab\u00a0constructive\u00a0\u00bb.<\/p>\n\n\n\n<p>Le Premier ministre Rishi Sunak, lui-m\u00eame petit-fils d&rsquo;immigr\u00e9s indiens, a adopt\u00e9 une position tr\u00e8s dure sur l&rsquo;immigration. Il soutient le projet controvers\u00e9 des gouvernements conservateurs pr\u00e9c\u00e9dents d&rsquo;envoyer les demandeurs d&rsquo;asile au Rwanda, toujours suspendu \u00e0 un examen par la justice.<\/p>\n\n\n\n<p>L&rsquo;accord est sign\u00e9 pr\u00e8s d&rsquo;un an apr\u00e8s la mort de 27 migrants, le 24 novembre 2021, lors du naufrage de leur bateau au large de Calais, le pire drame enregistr\u00e9 dans la Manche.<\/p>\n\n\n\n<p>Plus de 200 personnes sont mortes ou ont \u00e9t\u00e9 port\u00e9es disparues, en mer ou sur terre, en tentant de rejoindre l&rsquo;Angleterre au d\u00e9part du littoral nord de la France depuis 2014, selon l&rsquo;Organisation internationale pour les migrations (OIM).<video preload=\"auto\" src=\"https:\/\/information.tv5monde.com\/sites\/info.tv5monde.com\/files\/jwplayerfield\/bc81a680-a5af-4674-89b2-6f0cb2701770.640x360.mp4\"><\/video>Lire la vid\u00e9o<\/p>\n\n\n\n<p>Par Alexandre HIELARD<\/p>\n\n\n\n<p><a href=\"https:\/\/information.tv5monde.com\/auteur\/afp\">AFP<\/a><\/p>\n","protected":false},"excerpt":{"rendered":"<p>Poison de la relation entre la France et le Royaume-Uni, la lutte contre l&rsquo;immigration ill\u00e9gale fait l&rsquo;objet d&rsquo;un nouvel accord<\/p>\n","protected":false},"author":1,"featured_media":1869,"comment_status":"open","ping_status":"open","sticky":false,"template":"","format":"standard","meta":{"footnotes":""},"categories":[26],"tags":[],"class_list":["post-3209","post","type-post","status-publish","format-standard","has-post-thumbnail","hentry","category-fait-divers"],"_links":{"self":[{"href":"https:\/\/dekkbi.com\/index.php?rest_route=\/wp\/v2\/posts\/3209","targetHints":{"allow":["GET"]}}],"collection":[{"href":"https:\/\/dekkbi.com\/index.php?rest_route=\/wp\/v2\/posts"}],"about":[{"href":"https:\/\/dekkbi.com\/index.php?rest_route=\/wp\/v2\/types\/post"}],"author":[{"embeddable":true,"href":"https:\/\/dekkbi.com\/index.php?rest_route=\/wp\/v2\/users\/1"}],"replies":[{"embeddable":true,"href":"https:\/\/dekkbi.com\/index.php?rest_route=%2Fwp%2Fv2%2Fcomments&post=3209"}],"version-history":[{"count":1,"href":"https:\/\/dekkbi.com\/index.php?rest_route=\/wp\/v2\/posts\/3209\/revisions"}],"predecessor-version":[{"id":3210,"href":"https:\/\/dekkbi.com\/index.php?rest_route=\/wp\/v2\/posts\/3209\/revisions\/3210"}],"wp:featuredmedia":[{"embeddable":true,"href":"https:\/\/dekkbi.com\/index.php?rest_route=\/wp\/v2\/media\/1869"}],"wp:attachment":[{"href":"https:\/\/dekkbi.com\/index.php?rest_route=%2Fwp%2Fv2%2Fmedia&parent=3209"}],"wp:term":[{"taxonomy":"category","embeddable":true,"href":"https:\/\/dekkbi.com\/index.php?rest_route=%2Fwp%2Fv2%2Fcategories&post=3209"},{"taxonomy":"post_tag","embeddable":true,"href":"https:\/\/dekkbi.com\/index.php?rest_route=%2Fwp%2Fv2%2Ftags&post=3209"}],"curies":[{"name":"wp","href":"https:\/\/api.w.org\/{rel}","templated":true}]}}