{"id":32064,"date":"2024-03-02T10:53:08","date_gmt":"2024-03-02T10:53:08","guid":{"rendered":"https:\/\/dekkbi.com\/?p=32064"},"modified":"2024-03-02T10:53:09","modified_gmt":"2024-03-02T10:53:09","slug":"le-senegal-rejoint-le-forum-des-pays-exportateurs-de-gaz","status":"publish","type":"post","link":"https:\/\/dekkbi.com\/?p=32064","title":{"rendered":"Le S\u00e9n\u00e9gal rejoint le Forum des pays exportateurs de gaz"},"content":{"rendered":"\n<p>Dakar,  (APS) \u2013 Le S\u00e9n\u00e9gal a officiellement int\u00e9gr\u00e9, vendredi, le Forum des pays exportateurs de gaz (GECF) en tant que membre observateur, a appris l\u2019APS du minist\u00e8re s\u00e9n\u00e9galais du P\u00e9trole et des \u00c9nergies.<\/p>\n\n\n\n<p>\u2018\u2019Ce vendredi 1er mars 2024 marque une \u00e9tape significative pour le S\u00e9n\u00e9gal, qui est officiellement devenu membre observateur du Forum des pays exportateurs de gaz\u2019\u2019, d\u00e9clare le minist\u00e8re dans un communiqu\u00e9.L\u2019adh\u00e9sion du S\u00e9n\u00e9gal au GECF a eu lieu lors d\u2019une r\u00e9union minist\u00e9rielle de ladite organisation \u00e0 Alger.Le ministre du P\u00e9trole et des \u00c9nergies, Antoine Diome, repr\u00e9sente le S\u00e9n\u00e9gal \u00e0 cette rencontre, selon le communiqu\u00e9.<\/p>\n\n\n\n<p>Le pr\u00e9sident s\u00e9n\u00e9galais, Macky Sall, s\u00e9journe aussi dans la capitale alg\u00e9rienne, o\u00f9 il prendra part, samedi, au sommet des chefs d\u2019\u00c9tat et de gouvernement du GECF.Selon le minist\u00e8re du P\u00e9trole et des \u00c9nergies, M. Sall est invit\u00e9 \u00e0 cette rencontre par son homologue alg\u00e9rien, Abdelmadjid Tebboune.<\/p>\n\n\n\n<p>Apr\u00e8s l\u2019adh\u00e9sion du S\u00e9n\u00e9gal, le GECF compte maintenant 20 pays membres.L\u2019Alg\u00e9rie, la Bolivie, l\u2019\u00c9gypte, les \u00c9mirats arabes unis, la Guin\u00e9e \u00c9quatoriale, l\u2019Iran, la Libye, le Nigeria, le Qatar et la Russie, Trinit\u00e9-et-Tobago et le Venezuela sont des membres de plein exercice.<\/p>\n\n\n\n<p>L\u2019Angola, l\u2019Azerba\u00efdjan, l\u2019Irak, la Malaisie, la Mauritanie, le Mozambique, le P\u00e9rou et le S\u00e9n\u00e9gal sont les membres observateurs de l\u2019organisation.Selon le communiqu\u00e9 du minist\u00e8re qu\u2019il dirige, Antoine Diome a soulign\u00e9 l\u2019importance, pour le S\u00e9n\u00e9gal, de tirer profit des exp\u00e9riences des autres membres du GECF en mati\u00e8re de production et de gestion des ressources gazi\u00e8res, ainsi que de formation.\u2018\u2019L\u2019adh\u00e9sion du S\u00e9n\u00e9gal en tant que membre observateur du GECF sera un catalyseur pour l\u2019utilisation judicieuse de notre gaz naturel dans la r\u00e9alisation de nos objectifs de d\u00e9veloppement, notamment \u00e0 travers la strat\u00e9gie Gas-to-Power\u2019\u2019, c\u2019est-\u00e0-dire la transformation du gaz en \u00e9lectricit\u00e9, s\u2019est-il r\u00e9joui.<\/p>\n\n\n\n<p>Selon lui, cette strat\u00e9gie contribuera \u00e0 l\u2019acc\u00e8s universel \u00e0 l\u2019\u00e9lectricit\u00e9 au S\u00e9n\u00e9gal d\u2019ici \u00e0 2026, \u00e0 la r\u00e9duction des co\u00fbts de production et \u00e0 l\u2019industrialisation du pays.\u2018\u2019En devenant membre observateur du GECF, le S\u00e9n\u00e9gal franchit une nouvelle \u00e9tape vers une exploitation responsable de ses ressources naturelles, au profit de ses populations\u2019\u2019, a ajout\u00e9 M. Diome.<\/p>\n\n\n\n<p>Cr\u00e9\u00e9 en 2021, le GECF \u2018\u2019s\u2019engage \u00e0 soutenir les droits souverains de ses membres sur leurs ressources en gaz naturel et leurs capacit\u00e9s \u00e0 planifier et \u00e0 g\u00e9rer de mani\u00e8re ind\u00e9pendante le d\u00e9veloppement, l\u2019utilisation et la conservation durables, efficaces et respectueux de l\u2019environnement des ressources en gaz naturel, au profit de leurs peuples\u2019\u2019. Le S\u00e9n\u00e9gal se pr\u00e9pare \u00e0 l\u2019exploitation de ses gisements de p\u00e9trole et de gaz. ABB\/ESF\/AKS<\/p>\n\n\n\n<p><\/p>\n","protected":false},"excerpt":{"rendered":"<p>Dakar, (APS) \u2013 Le S\u00e9n\u00e9gal a officiellement int\u00e9gr\u00e9, vendredi, le Forum des pays exportateurs de gaz (GECF) en tant que<\/p>\n","protected":false},"author":1,"featured_media":32065,"comment_status":"open","ping_status":"open","sticky":false,"template":"","format":"standard","meta":{"footnotes":""},"categories":[3],"tags":[],"class_list":["post-32064","post","type-post","status-publish","format-standard","has-post-thumbnail","hentry","category-event-more-news"],"_links":{"self":[{"href":"https:\/\/dekkbi.com\/index.php?rest_route=\/wp\/v2\/posts\/32064","targetHints":{"allow":["GET"]}}],"collection":[{"href":"https:\/\/dekkbi.com\/index.php?rest_route=\/wp\/v2\/posts"}],"about":[{"href":"https:\/\/dekkbi.com\/index.php?rest_route=\/wp\/v2\/types\/post"}],"author":[{"embeddable":true,"href":"https:\/\/dekkbi.com\/index.php?rest_route=\/wp\/v2\/users\/1"}],"replies":[{"embeddable":true,"href":"https:\/\/dekkbi.com\/index.php?rest_route=%2Fwp%2Fv2%2Fcomments&post=32064"}],"version-history":[{"count":1,"href":"https:\/\/dekkbi.com\/index.php?rest_route=\/wp\/v2\/posts\/32064\/revisions"}],"predecessor-version":[{"id":32066,"href":"https:\/\/dekkbi.com\/index.php?rest_route=\/wp\/v2\/posts\/32064\/revisions\/32066"}],"wp:featuredmedia":[{"embeddable":true,"href":"https:\/\/dekkbi.com\/index.php?rest_route=\/wp\/v2\/media\/32065"}],"wp:attachment":[{"href":"https:\/\/dekkbi.com\/index.php?rest_route=%2Fwp%2Fv2%2Fmedia&parent=32064"}],"wp:term":[{"taxonomy":"category","embeddable":true,"href":"https:\/\/dekkbi.com\/index.php?rest_route=%2Fwp%2Fv2%2Fcategories&post=32064"},{"taxonomy":"post_tag","embeddable":true,"href":"https:\/\/dekkbi.com\/index.php?rest_route=%2Fwp%2Fv2%2Ftags&post=32064"}],"curies":[{"name":"wp","href":"https:\/\/api.w.org\/{rel}","templated":true}]}}