{"id":32062,"date":"2024-03-02T10:47:29","date_gmt":"2024-03-02T10:47:29","guid":{"rendered":"https:\/\/dekkbi.com\/?p=32062"},"modified":"2024-03-02T10:47:30","modified_gmt":"2024-03-02T10:47:30","slug":"vers-la-creation-dun-conseil-national-des-femmes","status":"publish","type":"post","link":"https:\/\/dekkbi.com\/?p=32062","title":{"rendered":"Vers la cr\u00e9ation d\u2019un Conseil national des femmes\u00a0"},"content":{"rendered":"\n<p>Dakar,  (APS) \u2013 Le Premier ministre, Amadou Ba, a annonc\u00e9, vendredi, \u00e0 Dakar, la cr\u00e9ation d\u2019un Conseil national des femmes du S\u00e9n\u00e9gal, une mesure parmi dix autres dont la mise en \u0153uvre devrait se traduire par une plus grande autonomisation de cette frange de la population.<\/p>\n\n\n\n<p>La ministre de la Femme, de la Famille et de la Protection des enfants \u201cprendra les dispositions utiles, en relation avec le ministre, secr\u00e9taire g\u00e9n\u00e9ral du gouvernement, pour soumettre \u00e0 validation le projet de d\u00e9cret portant cr\u00e9ation du Conseil national des femmes du S\u00e9n\u00e9gal\u201d, a d\u00e9clar\u00e9 le chef du gouvernement s\u00e9n\u00e9galais.Il pr\u00e9sidait une r\u00e9union interminist\u00e9rielle portant sur l\u2019\u00e9valuation et la d\u00e9finition des priorit\u00e9s des politiques de promotion et de soutien aux femmes, rencontre sanctionn\u00e9e par 11 recommandations.<\/p>\n\n\n\n<p>Une des recommandations retenues concerne l\u2019institutionnalisation de la tenue annuelle d\u2019un conseil interminist\u00e9riel sur genre et d\u00e9veloppement, lequel sera l\u2019occasion de partager le rapport annuel sur l\u2019autonomisation de la femme, la revue de la politique d\u2019\u00e9galit\u00e9 homme-femme et la r\u00e9ponse aux violences faites aux femmes et aux enfants.<\/p>\n\n\n\n<p>La ministre de la Femme, en relation avec son coll\u00e8gue charg\u00e9 des Finances, prendra \u00e9galement les mesures n\u00e9cessaires pour la r\u00e9alisation d\u2019une \u201cMaison de la femme\u201d dans chaque d\u00e9partement, en vue de soutenir les initiatives de d\u00e9veloppement socio-\u00e9conomique de la gent f\u00e9minine, a indiqu\u00e9 Amadou Ba.<\/p>\n\n\n\n<p>Il a de m\u00eame annonc\u00e9 la mise en place d\u2019un comit\u00e9 technique charg\u00e9 de proposer au gouvernement \u201cla r\u00e9vision de certaines dispositions du Code de la famille\u201d, sous l\u2019\u00e9gide de la ministre de la Femme, en relation avec le garde des Sceaux, ministre de la Justice, et le ministre, secr\u00e9taire g\u00e9n\u00e9ral du gouvernement.<\/p>\n\n\n\n<p>Une autre recommande stipule que le minist\u00e8re de la Femme prendra les dispositions qu\u2019il faut pour proc\u00e9der \u00e0 la distribution de la \u201cCarte Jaboot\u201d, pr\u00e9sent\u00e9e comme \u201cun v\u00e9hicule\u201d de protection sociale, d\u2019acc\u00e8s aux soins de sant\u00e9, \u00e0 l\u2019\u00e9ducation des enfants et \u00e0 l\u2019entrepreneuriat f\u00e9minin au profit de deux millions de femmes, en 2024, pour le compte de la phase pilote de cette initiative.<\/p>\n\n\n\n<p>Selon Amadou Ba, il est aussi attendu du ministre du Commerce, en relation avec les ministres des Finances et de l\u2019\u00c9conomie, l\u2019accentuation de l\u2019assistance technique n\u00e9cessaire pour atteindre 15 000 PME et PMI et coop\u00e9ratives dirig\u00e9es par des femmes, dans le cadre programme du Programme d\u2019acc\u00e9l\u00e9ration de la comp\u00e9titivit\u00e9 et l\u2019emploi (PACE).<\/p>\n\n\n\n<p>La ministre de la Femme, en relation avec celui des Finances, est par ailleurs appel\u00e9 \u00e0 prendre \u201cles mesures utiles pour accompagner et faciliter l\u2019acc\u00e8s\u201d des PME dirig\u00e9es par des femmes \u00e0 la commande publique, pour atteindre \u201cles 2% d\u00e9di\u00e9s\u201d, a ajout\u00e9 le Premier ministre.<\/p>\n\n\n\n<p>Il a annonc\u00e9 que le ministre des Finances va en outre soumettre \u00e0 validation une proposition de dotation sp\u00e9ciale de la ligne nano-cr\u00e9dit de la D\u00e9l\u00e9gation \u00e0 l\u2019entrepreneuriat rapide des femmes et des jeunes (DER\/FJ), pour une enveloppe de \u201c150 milliards FCFA en trois ans\u201d, dans le but d\u2019accompagner les initiatives d\u2019auto-emploi des femmes.<\/p>\n\n\n\n<p>Le ministre des Finances prendra en outre des dispositions \u201cpour la s\u00e9curisation de la Contribution forfaitaire \u00e0 la charge des employeurs (CFCE) et la mobilisation de 30 milliards, sur trois ans, pour renforcer les moyens d\u2019intervention du 3FPT [Fonds de financement de la formation professionnelle et technique] au b\u00e9n\u00e9fice des femmes\u201d, a annonc\u00e9 M. Ba.<\/p>\n\n\n\n<p>En relation avec ses coll\u00e8gues en charge de la Sant\u00e9 et de la Femme, le ministre des Finances \u201cveillera au paiement de l\u2019extension des motivations allou\u00e9es aux Badi\u00e9nou Gokh [marraines de quartier]\u201d, a conclu Amadou Ba.NSS\/BK partag\u00e9 sur Facebook  partag\u00e9 sur Twitter  partag\u00e9 sur Google+ <\/p>\n\n\n\n<p><\/p>\n","protected":false},"excerpt":{"rendered":"<p>Dakar, (APS) \u2013 Le Premier ministre, Amadou Ba, a annonc\u00e9, vendredi, \u00e0 Dakar, la cr\u00e9ation d\u2019un Conseil national des femmes<\/p>\n","protected":false},"author":1,"featured_media":27779,"comment_status":"open","ping_status":"open","sticky":false,"template":"","format":"standard","meta":{"footnotes":""},"categories":[21],"tags":[],"class_list":["post-32062","post","type-post","status-publish","format-standard","has-post-thumbnail","hentry","category-societe"],"_links":{"self":[{"href":"https:\/\/dekkbi.com\/index.php?rest_route=\/wp\/v2\/posts\/32062","targetHints":{"allow":["GET"]}}],"collection":[{"href":"https:\/\/dekkbi.com\/index.php?rest_route=\/wp\/v2\/posts"}],"about":[{"href":"https:\/\/dekkbi.com\/index.php?rest_route=\/wp\/v2\/types\/post"}],"author":[{"embeddable":true,"href":"https:\/\/dekkbi.com\/index.php?rest_route=\/wp\/v2\/users\/1"}],"replies":[{"embeddable":true,"href":"https:\/\/dekkbi.com\/index.php?rest_route=%2Fwp%2Fv2%2Fcomments&post=32062"}],"version-history":[{"count":1,"href":"https:\/\/dekkbi.com\/index.php?rest_route=\/wp\/v2\/posts\/32062\/revisions"}],"predecessor-version":[{"id":32063,"href":"https:\/\/dekkbi.com\/index.php?rest_route=\/wp\/v2\/posts\/32062\/revisions\/32063"}],"wp:featuredmedia":[{"embeddable":true,"href":"https:\/\/dekkbi.com\/index.php?rest_route=\/wp\/v2\/media\/27779"}],"wp:attachment":[{"href":"https:\/\/dekkbi.com\/index.php?rest_route=%2Fwp%2Fv2%2Fmedia&parent=32062"}],"wp:term":[{"taxonomy":"category","embeddable":true,"href":"https:\/\/dekkbi.com\/index.php?rest_route=%2Fwp%2Fv2%2Fcategories&post=32062"},{"taxonomy":"post_tag","embeddable":true,"href":"https:\/\/dekkbi.com\/index.php?rest_route=%2Fwp%2Fv2%2Ftags&post=32062"}],"curies":[{"name":"wp","href":"https:\/\/api.w.org\/{rel}","templated":true}]}}