{"id":32050,"date":"2024-03-01T13:31:15","date_gmt":"2024-03-01T13:31:15","guid":{"rendered":"https:\/\/dekkbi.com\/?p=32050"},"modified":"2024-03-01T13:31:16","modified_gmt":"2024-03-01T13:31:16","slug":"yoon-suk-yeol-le-president-sud-coreen-appelle-la-communaute-internationale-a-soutenir-les-efforts-dunification","status":"publish","type":"post","link":"https:\/\/dekkbi.com\/?p=32050","title":{"rendered":"Yoon Suk Yeol, le pr\u00e9sident sud-cor\u00e9en appelle la communaut\u00e9 internationale \u00e0 soutenir les \u00abefforts d&rsquo;unification\u00bb"},"content":{"rendered":"\n<p>\u00c0 l&rsquo;approche d&rsquo;\u00e9lections l\u00e9gislatives en Cor\u00e9e du Sud, et alors que Pyongyang a d\u00e9crit S\u00e9oul comme son \u00ab<em>\u00a0principal ennemi\u00a0<\/em>\u00bb, le pr\u00e9sident sud-cor\u00e9en a \u00e9voqu\u00e9\u00a0le sujet de l&rsquo;unification\u00a0de la p\u00e9ninsule cor\u00e9enne et r\u00e9clam\u00e9 un soutien international.\u00a0<\/p>\n\n\n\n<p>Par :RFI avec AFP<\/p>\n\n\n\n<p>Le pr\u00e9sident sud-cor\u00e9en, qui a jusque-l\u00e0 maintenu une position ferme contre Pyongyang, a rarement\u00a0abord\u00e9\u00a0le sujet de l&rsquo;unification depuis son entr\u00e9e en fonction en 2022. C&rsquo;est ce qu&rsquo;il a fait pourtant lors d&rsquo;une c\u00e9r\u00e9monie marquant l&rsquo;anniversaire du soul\u00e8vement cor\u00e9en de 1919 contre la domination coloniale japonaise. \u00ab\u00a0<em>Nous devons nous rassembler sur un chemin qui m\u00e8nera \u00e0 terme \u00e0 l&rsquo;unification<\/em>\u00a0\u00bb de la p\u00e9ninsule cor\u00e9enne, a-t-il d\u00e9clar\u00e9, soulignant que la communaut\u00e9 internationale \u00ab\u00a0<em>doit unir ses forces de mani\u00e8re responsable<\/em>\u00a0\u00bb.<\/p>\n\n\n\n<p>\u00ab&nbsp;<em>Nos efforts d&rsquo;unification doivent devenir une source d&rsquo;espoir et un phare pour le peuple nord-cor\u00e9en<\/em>&nbsp;\u00bb, a estim\u00e9 le pr\u00e9sident sud-cor\u00e9en.<\/p>\n\n\n\n<h2 class=\"wp-block-heading\"><strong>Les relations entre les deux Cor\u00e9es ne s&rsquo;am\u00e9liorent pas<\/strong><\/h2>\n\n\n\n<p>La Cor\u00e9e du Nord multiplie ces derniers temps les essais de missiles de croisi\u00e8res et les exercices de tirs r\u00e9els pr\u00e8s de la fronti\u00e8re. En d\u00e9cembre 2023, le dirigeant nord-cor\u00e9en Kim Jong-un a dit qu&rsquo;il ne chercherait plus la r\u00e9conciliation et la r\u00e9unification avec le sud, accusant S\u00e9oul et Washington d&rsquo;avoir provoqu\u00e9 une \u00ab&nbsp;<em>crise incontr\u00f4lable<\/em>&nbsp;\u00bb. Il a \u00e9galement ferm\u00e9 les agences charg\u00e9es de promouvoir la r\u00e9unification et d\u00e9crit la Cor\u00e9e du Sud comme son \u00ab&nbsp;<em>principal ennemi&nbsp;<\/em>\u00bb et a menac\u00e9 d&rsquo;entrer en guerre pour toute violation, m\u00eame minime, de son territoire.<\/p>\n\n\n\n<p>S\u00e9oul de son c\u00f4t\u00e9&nbsp;intensifie sa coop\u00e9ration militaire avec Washington et Tokyo.&nbsp;&nbsp;Yoon Suk-yeol estime d&rsquo;ailleurs que le renforcement des liens avec Tokyo contribue \u00e0 contrer la menace militaire toujours croissante de la Cor\u00e9e du Nord. Lors de cette c\u00e9r\u00e9monie, il a insist\u00e9 sur le renforcement de la coop\u00e9ration en mati\u00e8re de s\u00e9curit\u00e9 entre les deux pays contre les menaces nucl\u00e9aires et balistiques de la Cor\u00e9e du Nord, ajoutant que les deux pays \u00ab<em>&nbsp;travaillaient ensemble pour surmonter le pass\u00e9 douloureux<\/em>&nbsp;\u00bb.<\/p>\n","protected":false},"excerpt":{"rendered":"<p>\u00c0 l&rsquo;approche d&rsquo;\u00e9lections l\u00e9gislatives en Cor\u00e9e du Sud, et alors que Pyongyang a d\u00e9crit S\u00e9oul comme son \u00ab\u00a0principal ennemi\u00a0\u00bb, le<\/p>\n","protected":false},"author":1,"featured_media":32051,"comment_status":"open","ping_status":"open","sticky":false,"template":"","format":"standard","meta":{"footnotes":""},"categories":[51],"tags":[],"class_list":["post-32050","post","type-post","status-publish","format-standard","has-post-thumbnail","hentry","category-general"],"_links":{"self":[{"href":"https:\/\/dekkbi.com\/index.php?rest_route=\/wp\/v2\/posts\/32050","targetHints":{"allow":["GET"]}}],"collection":[{"href":"https:\/\/dekkbi.com\/index.php?rest_route=\/wp\/v2\/posts"}],"about":[{"href":"https:\/\/dekkbi.com\/index.php?rest_route=\/wp\/v2\/types\/post"}],"author":[{"embeddable":true,"href":"https:\/\/dekkbi.com\/index.php?rest_route=\/wp\/v2\/users\/1"}],"replies":[{"embeddable":true,"href":"https:\/\/dekkbi.com\/index.php?rest_route=%2Fwp%2Fv2%2Fcomments&post=32050"}],"version-history":[{"count":1,"href":"https:\/\/dekkbi.com\/index.php?rest_route=\/wp\/v2\/posts\/32050\/revisions"}],"predecessor-version":[{"id":32052,"href":"https:\/\/dekkbi.com\/index.php?rest_route=\/wp\/v2\/posts\/32050\/revisions\/32052"}],"wp:featuredmedia":[{"embeddable":true,"href":"https:\/\/dekkbi.com\/index.php?rest_route=\/wp\/v2\/media\/32051"}],"wp:attachment":[{"href":"https:\/\/dekkbi.com\/index.php?rest_route=%2Fwp%2Fv2%2Fmedia&parent=32050"}],"wp:term":[{"taxonomy":"category","embeddable":true,"href":"https:\/\/dekkbi.com\/index.php?rest_route=%2Fwp%2Fv2%2Fcategories&post=32050"},{"taxonomy":"post_tag","embeddable":true,"href":"https:\/\/dekkbi.com\/index.php?rest_route=%2Fwp%2Fv2%2Ftags&post=32050"}],"curies":[{"name":"wp","href":"https:\/\/api.w.org\/{rel}","templated":true}]}}