{"id":32047,"date":"2024-03-01T13:28:01","date_gmt":"2024-03-01T13:28:01","guid":{"rendered":"https:\/\/dekkbi.com\/?p=32047"},"modified":"2024-03-01T13:28:02","modified_gmt":"2024-03-01T13:28:02","slug":"en-russie-des-milliers-de-personnes-rendent-hommage-a-alexei-navalny-lors-dobseques-sous-haute-surveillance","status":"publish","type":"post","link":"https:\/\/dekkbi.com\/?p=32047","title":{"rendered":"En Russie, des milliers de personnes rendent hommage \u00e0 Alexe\u00ef Navalny lors d&rsquo;obs\u00e8ques sous haute surveillance"},"content":{"rendered":"\n<p>Plusieurs milliers de partisans de l&rsquo;opposant russe Alexe\u00ef Navalny se sont rassembl\u00e9s, vendredi 1er mars, pour lui rendre un dernier hommage devant une \u00e9glise de Moscou avant ses obs\u00e8ques, malgr\u00e9 le risque d&rsquo;arrestation.<\/p>\n\n\n\n<p>Le corbillard transportant le cercueil du principal adversaire de\u00a0<strong>Vladimir Poutine<\/strong>\u00a0est arriv\u00e9 vers 13h50 locales (10h50 TU) devant l&rsquo;\u00e9glise, sous les applaudissements de la foule, certains scandant le nom de l&rsquo;opposant.\u00a0Une longue file d&rsquo;attente de quelques milliers de personnes, sous une \u00e9troite surveillance polici\u00e8re, s&rsquo;\u00e9tait form\u00e9e depuis la matin\u00e9e devant l&rsquo;\u00e9glise de la c\u00e9r\u00e9monie,\u00a0dans le district de Marino, o\u00f9 habitait l&rsquo;opposant lorsqu&rsquo;il \u00e9tait libre. Des soutiens venus de Moscou bien s\u00fbr, mais aussi de toute la Russie.\u00a0<\/p>\n\n\n\n<p>Des dizaines de membres des forces de l&rsquo;ordre ont \u00e9t\u00e9 d\u00e9ploy\u00e9s dans la zone.&nbsp;Les autorit\u00e9s ont aussi d\u00e9limit\u00e9 avec des barri\u00e8res m\u00e9talliques le chemin menant de l&rsquo;\u00e9glise au cimeti\u00e8re. \u00c0 l&rsquo;int\u00e9rieur de l&rsquo;\u00e9glise, plusieurs t\u00e9moins rapportent des annonces pr\u00e9cisant que tout enregistrement visuel et sonore est interdit, et dans le quartier de l&rsquo;\u00e9glise, celui du cimeti\u00e8re et sur les quelques kilom\u00e8tres les s\u00e9parant, des cam\u00e9ras ont \u00e9t\u00e9 install\u00e9es ces deux derniers jours&nbsp;\u00e0 chaque lampadaire. Tout le monde a vu aussi de tr\u00e8s nombreuses barri\u00e8res sur les lieux et d\u00e9j\u00e0 des voitures banalis\u00e9es qui, de toute \u00e9vidence n&rsquo;appartiennent pas aux pompes fun\u00e8bres ni \u00e0 la famille.&nbsp;<\/p>\n\n\n\n<p>Les ambassadeurs fran\u00e7ais et allemand se sont rendus sur place, ainsi que trois figures de l&rsquo;opposition encore en libert\u00e9: Evgu\u00e9ni Ro\u00efzman, Boris Nadejdine et Ekaterina Dountsova. Selon le rite orthodoxe, le corps a \u00e9t\u00e9 expos\u00e9 \u00e0 cercueil ouvert pour les proches avant la mise en terre.<\/p>\n\n\n\n<h2 class=\"wp-block-heading\">\u00ab&nbsp;<em>Nous avons peur&nbsp;<\/em>\u00bb<\/h2>\n\n\n\n<p>Principal opposant du Kremlin,\u00a0<strong>Alexe\u00ef Navalny<\/strong>\u00a0est\u00a0<strong>mort le 16 f\u00e9vrier<\/strong>\u00a0\u00e0 l&rsquo;\u00e2ge de 47 ans dans une colonie p\u00e9nitentiaire russe de l&rsquo;Arctique dans des circonstances qui restent obscures. D&rsquo;apr\u00e8s les services p\u00e9nitentiaires, il est mort \u00e0 la suite d&rsquo;un soudain malaise \u00ab\u00a0<em>apr\u00e8s une promenade<\/em>\u00a0\u00bb. Ses collaborateurs, sa veuve Ioulia Navalna\u00efa et les Occidentaux ont accus\u00e9 Vladimir Poutine d&rsquo;\u00eatre responsable de sa mort, ce que le Kremlin nie. Apr\u00e8s avoir tard\u00e9 \u00e0 remettre la d\u00e9pouille d&rsquo;Alexe\u00ef Navalny \u00e0 ses proches, les autorit\u00e9s russes s&rsquo;y sont finalement r\u00e9solues le week-end dernier, permettant des fun\u00e9railles.<\/p>\n\n\n\n<p>Un mot revient souvent chez les personnes pr\u00e9sentes aux fun\u00e9railles : \u00ab<em>&nbsp;Nous avons peur, nous avons tous peur d&rsquo;\u00eatre venus. Mais nous avons fait ce choix entre la conscience et la peur. C&rsquo;est lui qui nous a donn\u00e9 l&rsquo;espoir, c&rsquo;est lui qui nous a rendu libre.<\/em>&nbsp;\u00bb<\/p>\n\n\n\n<h2 class=\"wp-block-heading\">\u00ab&nbsp;<em>Rien \u00e0 dire<\/em>&nbsp;\u00bb<\/h2>\n\n\n\n<p>Le porte-parole du Kremlin, Dmitri Peskov, a averti de potentielles sanctions en cas de participation \u00e0 toute manifestation \u00ab&nbsp;<em>non autoris\u00e9e<\/em>&nbsp;\u00bb \u00e0 l&rsquo;occasion de ces fun\u00e9railles. Lors de sa conf\u00e9rence de presse quotidienne, Dmitri Peskov a aussi affirm\u00e9 qu&rsquo;il n&rsquo;avait \u00ab<em>&nbsp;rien \u00e0 dire<\/em>&nbsp;\u00bb \u00e0 la famille du d\u00e9funt.&nbsp;<\/p>\n\n\n\n<p>Navalny avait \u00e9t\u00e9 la figure centrale d&rsquo;une vague de protestations en 2011-2012 pendant laquelle il avait d\u00e9clar\u00e9 pouvoir \u00ab&nbsp;<em>prendre le Kremlin<\/em>&nbsp;\u00bb&nbsp;; il avait tenu t\u00eate \u00e0 Sergue\u00ef Sobianine le candidat pro-Poutine lors des municipales \u00e0 Moscou en 2013 (pr\u00e8s de 30% des voix) &#8211;&nbsp;le seul scrutin auquel il a \u00e9t\u00e9 autoris\u00e9 \u00e0 se pr\u00e9senter&nbsp;&#8211; et \u00e9tait parvenu \u00e0 se cr\u00e9er un r\u00e9seau de soutien en dehors de la capitale. Il avait surtout multipli\u00e9 les vid\u00e9os sur internet qui commen\u00e7aient toujours pas la m\u00eame phrase, \u00ab<em>&nbsp;Privet, eto Navalny&nbsp;!&nbsp;<\/em>\u00bb (\u00ab&nbsp;<em>Salut, c&rsquo;est Navalny<\/em>&nbsp;\u00bb) et accusaient de corruption l&rsquo;\u00e9lite du Kremlin ainsi que Vladimir Poutine lui-m\u00eame. Rentr\u00e9 en Russie d\u00e9but 2021, Navalny avait \u00e9t\u00e9 imm\u00e9diatement arr\u00eat\u00e9 sur ordre des autorit\u00e9s.<\/p>\n\n\n\n<h2 class=\"wp-block-heading\">\u00ab&nbsp;<em>Une des personnes en prison<\/em>&nbsp;\u00bb<\/h2>\n\n\n\n<p>Interrog\u00e9 en juin 2021 par une cha\u00eene de t\u00e9l\u00e9 am\u00e9ricaine sur la possibilit\u00e9 qu&rsquo;Alexe\u00ef Navalny puisse \u00eatre lib\u00e9r\u00e9 de prison en bonne sant\u00e9, Vladimir Poutine avait d\u00e9clar\u00e9 s&rsquo;attendre \u00e0 \u00ab&nbsp;<em>ce que la personne que vous mentionnez soit soumise aux m\u00eames traitements<\/em>&nbsp;(&#8230;)&nbsp;<em>que d&rsquo;autres personnes en prison<\/em>&nbsp;\u00bb. Et quand le journaliste avait mentionn\u00e9 le nom de Navalny, Vladimir Poutine a coup\u00e9 court&nbsp;: \u00ab&nbsp;<em>Vous pouvez l&rsquo;appeler comme vous le voulez, il est une des personnes en prison&nbsp;<\/em>\u00bb.<\/p>\n","protected":false},"excerpt":{"rendered":"<p>Plusieurs milliers de partisans de l&rsquo;opposant russe Alexe\u00ef Navalny se sont rassembl\u00e9s, vendredi 1er mars, pour lui rendre un dernier<\/p>\n","protected":false},"author":1,"featured_media":32048,"comment_status":"open","ping_status":"open","sticky":false,"template":"","format":"standard","meta":{"footnotes":""},"categories":[51],"tags":[],"class_list":["post-32047","post","type-post","status-publish","format-standard","has-post-thumbnail","hentry","category-general"],"_links":{"self":[{"href":"https:\/\/dekkbi.com\/index.php?rest_route=\/wp\/v2\/posts\/32047","targetHints":{"allow":["GET"]}}],"collection":[{"href":"https:\/\/dekkbi.com\/index.php?rest_route=\/wp\/v2\/posts"}],"about":[{"href":"https:\/\/dekkbi.com\/index.php?rest_route=\/wp\/v2\/types\/post"}],"author":[{"embeddable":true,"href":"https:\/\/dekkbi.com\/index.php?rest_route=\/wp\/v2\/users\/1"}],"replies":[{"embeddable":true,"href":"https:\/\/dekkbi.com\/index.php?rest_route=%2Fwp%2Fv2%2Fcomments&post=32047"}],"version-history":[{"count":1,"href":"https:\/\/dekkbi.com\/index.php?rest_route=\/wp\/v2\/posts\/32047\/revisions"}],"predecessor-version":[{"id":32049,"href":"https:\/\/dekkbi.com\/index.php?rest_route=\/wp\/v2\/posts\/32047\/revisions\/32049"}],"wp:featuredmedia":[{"embeddable":true,"href":"https:\/\/dekkbi.com\/index.php?rest_route=\/wp\/v2\/media\/32048"}],"wp:attachment":[{"href":"https:\/\/dekkbi.com\/index.php?rest_route=%2Fwp%2Fv2%2Fmedia&parent=32047"}],"wp:term":[{"taxonomy":"category","embeddable":true,"href":"https:\/\/dekkbi.com\/index.php?rest_route=%2Fwp%2Fv2%2Fcategories&post=32047"},{"taxonomy":"post_tag","embeddable":true,"href":"https:\/\/dekkbi.com\/index.php?rest_route=%2Fwp%2Fv2%2Ftags&post=32047"}],"curies":[{"name":"wp","href":"https:\/\/api.w.org\/{rel}","templated":true}]}}