{"id":32034,"date":"2024-03-01T12:56:08","date_gmt":"2024-03-01T12:56:08","guid":{"rendered":"https:\/\/dekkbi.com\/?p=32034"},"modified":"2024-03-01T12:56:08","modified_gmt":"2024-03-01T12:56:08","slug":"la-loi-damnistie-ou-le-second-assassinat-des-martyrs-de-2021-a-2024","status":"publish","type":"post","link":"https:\/\/dekkbi.com\/?p=32034","title":{"rendered":"La loi d\u2019amnistie ou le second assassinat des martyrs de 2021 \u00e0 2024"},"content":{"rendered":"\n<p>L\u2019\u00e9ventuelle validation par les parlementaires d\u2019un projet de loi ayant pour objet l\u2019amnistie des infractions cons\u00e9cutives aux manifestations politiques interroge notre rapport \u00e0 l\u2019Histoire. Une telle amnistie rendrait tout acc\u00e8s impossible \u00e0 notre M\u00e9moire qui est un patrimoine immat\u00e9riel essentiel pour faire advenir une communaut\u00e9 nationale. L\u2019usage politicien de l\u2019amnistie constitue une d\u00e9fiance au Temps en ce qu\u2019il br\u00fble les&nbsp;<em>archives<\/em>&nbsp;d\u2019un Peuple et, par voie de cons\u00e9quence, brouille toute perspective de r\u00e9alisation d\u2019un avenir collectif empreint de s\u00e9r\u00e9nit\u00e9 et d\u2019apaisement. Une communaut\u00e9 humaine assimilant sciemment son pass\u00e9 macabre \u00e0 un trou noir inaccessible \u00e0 ses contemporains, se repr\u00e9sente son ordre social comme un champ de particules o\u00f9 les diff\u00e9rents \u00e9l\u00e9ments ne seraient li\u00e9s entre eux que par des relations de calculs, d\u2019opportunit\u00e9s, de strat\u00e9gies\u2026 Un tel pacte r\u00e9publicain nous semble odieux et innommable.<\/p>\n\n\n\n<p>D\u2019un point de vue anthropologique, l\u2019existence programm\u00e9e de cette loi amnistiante questionne nos rapports au R\u00e9el. Depuis mars 2021, notre soci\u00e9t\u00e9 s\u00e9n\u00e9galaise est dans une temporalit\u00e9 bestiale, animali\u00e8re&nbsp;; notre partie la plus monstrueuse a pris le dessus sur notre bienveillance et empathie certes parfois exag\u00e9r\u00e9es. La manipulation politicienne de l\u2019amnistie est constitutive d\u2019un mauvais tabou en ce qu\u2019elle interdit \u00e0 une soci\u00e9t\u00e9 de dialoguer avec ses propres d\u00e9mons. Toute communaut\u00e9 humaine g\u00e9n\u00e8re des monstres mais les ignorer contribue \u00e0 faire du mensonge un \u00e9l\u00e9ment essentiel de notre ordre symbolique. La loi d\u2019amnistie relative aux infractions commises depuis 2021 est une prohibition \u00e0 investir le pass\u00e9 et, ce faisant, obstrue l\u2019acc\u00e8s \u00e0 la v\u00e9rit\u00e9 en remettant en cause ses fonctions instituantes. Ce d\u00e9tournement de l\u2019institution de l\u2019oubli pour assurer l\u2019impunit\u00e9 de hauts responsables \u00e9tatiques est une menace au narratif r\u00e9publicain fond\u00e9 sur une id\u00e9e de vertu et de justice.<\/p>\n\n\n\n<p>Analys\u00e9 \u00e0 partir d\u2019un prisme propre \u00e0 la philosophie juridique, le projet de loi d\u2019amnistie fragilise la vision consistant \u00e0 admettre la nation comme une communaut\u00e9 li\u00e9e par un ordre l\u00e9gal. Si tous les vices et tortuosit\u00e9s pouvaient \u00eatre effac\u00e9s par des lois, ces derni\u00e8res perdraient leur sacralit\u00e9 ainsi que leur rationalit\u00e9.<\/p>\n\n\n\n<p>Ayant pour objet la mati\u00e8re p\u00e9nale, l\u2019amnistie pr\u00e9occupe la morale publique et particuli\u00e8rement les valeurs essentielles de notre soci\u00e9t\u00e9 d\u00e9mocratique. &nbsp;&nbsp;&nbsp;&nbsp;&nbsp;&nbsp;&nbsp; Le respect que devrait inspirer la pr\u00e9servation de la dignit\u00e9 de la personne humaine est aux antipodes d\u2019une \u00e9ventuelle l\u00e9gitimation d\u2019arrestations arbitraires, d\u2019actes de tortures et de barbarie envers des citoyens. Quelles formes de solidarit\u00e9s juridiques entretenons-nous avec nos concitoyens victimes de meurtres, de blessures physiques et psychologiques, d\u2019emprisonnements injustifi\u00e9s, de destructions de leurs biens\u2026&nbsp;? Une des fonctions du droit p\u00e9nal \u00e9tant la d\u00e9limitation rationnelle de la sph\u00e8re de libert\u00e9 par l\u2019identification des tabous, une telle discipline r\u00e9pare, \u00e0 cet effet, les vuln\u00e9rabilit\u00e9s en sanctionnant les d\u00e9viants et les transgresseurs. Cette promesse de justice assign\u00e9e \u00e0 la mati\u00e8re p\u00e9nale est un des garants du contrat social. Une loi d\u2019amnistie aux relents fonci\u00e8rement politiciens rend perm\u00e9able la morale publique et, par voie de cons\u00e9quence, rend fongible le vice et la vertu.<\/p>\n\n\n\n<p>C\u2019est parce que l\u2019amnistie du pr\u00e9sident Macky SALL est une invite \u00e0 l\u2019amn\u00e9sie, que sa vraie nature n\u2019est autre qu\u2019un permis de tuer. Un tel dessein ne devrait prosp\u00e9rer. L\u2019adoption du projet de loi portant amnistie devra entra\u00eener n\u00e9cessairement une saisine du Conseil constitutionnel qui pourrait invalider le texte sur le fondement de principes fondamentaux du droit p\u00e9nal comme le principe de n\u00e9cessit\u00e9.<\/p>\n\n\n\n<p>De surcro\u00eet, faut-il rappeler que la lutte contre l\u2019impunit\u00e9 a permis d\u2019apporter des limitations&nbsp;<em>ratione materiae<\/em>&nbsp;de l\u2019amnistie en ce qui concerne les crimes supranationaux. Le Comit\u00e9 contre la torture avait recommand\u00e9 l\u2019exclusion de la torture du champ des lois d\u2019amnistie (rapport sur l\u2019Azerba\u00efdjan, A\/55\/44,&nbsp;\u00a7.15).<\/p>\n\n\n\n<p>La jurisprudence va dans le m\u00eame sens d\u2019un recul des amnisties pour les crimes internationaux. En atteste l\u2019Affaire Ely Ould DHA qui a entra\u00een\u00e9 la remise en cause d\u2019une loi d\u2019amnistie.<\/p>\n\n\n\n<p>Par-del\u00e0, m\u00eame dans l\u2019hypoth\u00e8se d\u2019une validation constitutionnelle, aucune disposition ni principe ne s\u2019opposerait \u00e0 une abrogation de l\u2019amnistie apr\u00e8s l\u2019\u00e9lection d\u2019un nouveau pr\u00e9sident soucieux de r\u00e9tablir une orthodoxie dans la mise en \u0153uvre des principes qui guident la responsabilit\u00e9 p\u00e9nale.<\/p>\n\n\n\n<p>Les promoteurs de cette loi ne devraient pas ignorer que \u00ab\u00a0Rien ne peut faire que ce qui a \u00e9t\u00e9 n\u2019ait \u00e9t\u00e9\u00a0\u00bb. En somme, si ce projet de loi devait advenir les d\u00e9put\u00e9s sont invit\u00e9s \u00e0 se rem\u00e9morer le c\u00e9l\u00e8bre vers du po\u00e8me intitul\u00e9 \u201cSouffles\u201d de Birago DIOP \u00ab\u00a0les morts ne sont pas morts\u00a0\u00bb.<\/p>\n\n\n\n<p>SUDQUOTIDIEN<\/p>\n\n\n\n<p><strong>Signataires :<\/strong><\/p>\n\n\n\n<ol class=\"wp-block-list\">\n<li>Abdoulaye BATHILY, Professeur des Universit\u00e9s \u00e0 la retraite, Histoire, Universit\u00e9 Cheikh Anta Diop de Dakar&nbsp;;<\/li>\n<\/ol>\n\n\n\n<ol class=\"wp-block-list\" start=\"2\">\n<li>Mamadou DIOUF, Professeur des Universit\u00e9s, Histoire, Universit\u00e9 de Columbia et Mumbai ;<\/li>\n<\/ol>\n\n\n\n<ol class=\"wp-block-list\" start=\"3\">\n<li>Felwine SARR, Professeur titulaire, agr\u00e9g\u00e9 en Sciences \u00e9conomiques, Titulaire de la chaire Anne-Marie Bryan, Duke University, Caroline du Nord, USA ;<\/li>\n<\/ol>\n\n\n\n<ol class=\"wp-block-list\" start=\"4\">\n<li>Mbissane NGOM, Professeur titulaire, agr\u00e9g\u00e9 facult\u00e9s de droit, Universit\u00e9 Gaston Berger de Saint-Louis<\/li>\n<\/ol>\n\n\n\n<ol class=\"wp-block-list\" start=\"5\">\n<li>Moussa THIOYE, Professeur de droit priv\u00e9, Doyen de la Facult\u00e9 d\u2019administration et communication, Universit\u00e9 Toulouse Capitole, France ;<\/li>\n<\/ol>\n\n\n\n<ol class=\"wp-block-list\" start=\"6\">\n<li>Samba TRAORE, Professeur titulaire de classe exceptionnelle \u00e0 la retraite, Universit\u00e9 Gaston Berger de Saint-Louis ;<\/li>\n<\/ol>\n\n\n\n<ol class=\"wp-block-list\" start=\"7\">\n<li>Souleymane GOMIS, Professeur titulaire, Sociologie, Universit\u00e9 Cheikh Anta Diop de Dakar ;<\/li>\n<\/ol>\n\n\n\n<ol class=\"wp-block-list\" start=\"8\">\n<li>Fran\u00e7ois Joseph CABRAL, Professeur titulaire, Agr\u00e9g\u00e9 en sciences \u00e9conomiques, FASEG\/Universit\u00e9 Cheikh Anta Diop de Dakar ;<\/li>\n<\/ol>\n\n\n\n<ol class=\"wp-block-list\" start=\"9\">\n<li>Alioune Badara FALL, Professeur des Universit\u00e9s, Droit public, Universit\u00e9 Montesquieu Bordeaux ;<\/li>\n<\/ol>\n\n\n\n<ol class=\"wp-block-list\" start=\"10\">\n<li>Abdou Salam SALL, Professeur titulaire, Physique, ancien recteur, Universit\u00e9 Cheikh Anta Diop de Dakar ;<\/li>\n<\/ol>\n\n\n\n<ol class=\"wp-block-list\" start=\"11\">\n<li>Abdoul Aziz DIOUF, Professeur titulaire, agr\u00e9g\u00e9 des facult\u00e9s de droit, Droit priv\u00e9 et sciences criminelles, Universit\u00e9 Cheikh Anta Diop de Dakar&nbsp;;<\/li>\n<\/ol>\n\n\n\n<ol class=\"wp-block-list\" start=\"12\">\n<li>Malick DIAGNE, Professeur titulaire, Philosophie, FLSH\/Universit\u00e9 Cheikh Anta Diop de Dakar&nbsp;;<\/li>\n<\/ol>\n\n\n\n<ol class=\"wp-block-list\" start=\"13\">\n<li>Babacar GUEYE, Professeur titulaire de classe exceptionnelle, Droit public et Science politique, Ancien chef de d\u00e9partement du Droit public, FSJP\/Universit\u00e9 Cheikh Anta Diop de Dakar ;<\/li>\n<\/ol>\n\n\n\n<ol class=\"wp-block-list\" start=\"14\">\n<li>Mamadou Abdoulaye KONTE, Professeur titulaire en \u00c9conomie, Universit\u00e9 Gaston Berger de Saint-Louis ;<\/li>\n<\/ol>\n\n\n\n<ol class=\"wp-block-list\" start=\"15\">\n<li>Mohamed Ben Omar NDIAYE, Professeur Titulaire en \u00c9conomie, Universit\u00e9 Cheikh Anta DIOP de Dakar&nbsp;;<\/li>\n<\/ol>\n\n\n\n<ol class=\"wp-block-list\" start=\"16\">\n<li>Alassane DIEDHIOU, Professeur Titulaire en Math\u00e9matiques, Universit\u00e9 Assane SECK de Ziguinchor ;<\/li>\n<\/ol>\n\n\n\n<ol class=\"wp-block-list\" start=\"17\">\n<li>Samba Ndao SYLLA, Professeur titulaire de classe exceptionnelle, FST\/Universit\u00e9 Cheikh Anta Diop de Dakar&nbsp;;<\/li>\n<\/ol>\n\n\n\n<ol class=\"wp-block-list\" start=\"18\">\n<li>Pap Karounga DIAWARA, Professeur titulaire, Directeur du Centre d\u2019\u00e9tudes en droit \u00e9conomique, Facult\u00e9 de droit, Universit\u00e9 Laval, Qu\u00e9bec, Canada&nbsp;;<\/li>\n<\/ol>\n\n\n\n<ol class=\"wp-block-list\" start=\"19\">\n<li>Senghane MBODJI, Professeur titulaire, Physique, Energie solaire, Universit\u00e9 Alioune Diop de Bambey ;<\/li>\n<\/ol>\n\n\n\n<ol class=\"wp-block-list\" start=\"20\">\n<li>Idrissa BA, Professeur titulaire, Histoire m\u00e9di\u00e9vale, Universit\u00e9 Cheikh Anta Diop de Dakar ;<\/li>\n<\/ol>\n\n\n\n<ol class=\"wp-block-list\" start=\"21\">\n<li>Malick BODIAN, Professeur titulaire, FMPOS\/Universit\u00e9 Cheikh Anta Diop de Dakar ;<\/li>\n<\/ol>\n\n\n\n<ol class=\"wp-block-list\" start=\"22\">\n<li>Massamba DIOUF, Professeur titulaire, FMPOS\/Universit\u00e9 Cheikh Anta Diop de Dakar ;<\/li>\n<\/ol>\n\n\n\n<ol class=\"wp-block-list\" start=\"23\">\n<li>Ibrahima FALL, Professeur titulaire, ESP\/Universit\u00e9 Cheikh Anta Diop de Dakar&nbsp;;<\/li>\n<\/ol>\n\n\n\n<ol class=\"wp-block-list\" start=\"24\">\n<li>Maurice Soudieck DIONE, Professeur assimil\u00e9, agr\u00e9g\u00e9 en Science politique, Universit\u00e9 Gaston Berger de Saint-Louis ;<\/li>\n<\/ol>\n\n\n\n<ol class=\"wp-block-list\" start=\"25\">\n<li>Abdou Khadre DIOP, Professeur assimil\u00e9, agr\u00e9g\u00e9 en Droit public, Universit\u00e9 Num\u00e9rique Cheikh Hamidou Kane ;<\/li>\n<\/ol>\n\n\n\n<ol class=\"wp-block-list\" start=\"26\">\n<li>Abdoulaye NDIAYE, Ph.D., Assistant Professor of Economics, New York University&nbsp;;<\/li>\n<\/ol>\n\n\n\n<ol class=\"wp-block-list\" start=\"27\">\n<li>El Hadji Samba NDIAYE, Professeur assimil\u00e9, agr\u00e9g\u00e9 des facult\u00e9s de droit, Droit priv\u00e9 et sciences criminelles, Universit\u00e9 Cheikh Anta Diop de Dakar&nbsp;;<\/li>\n<\/ol>\n\n\n\n<ol class=\"wp-block-list\" start=\"28\">\n<li>Papa Alioune FALL, Professeur assimil\u00e9 en Electronique et T\u00e9l\u00e9communication, Universit\u00e9 Gaston Berger de Saint-Louis ;<\/li>\n<\/ol>\n\n\n\n<ol class=\"wp-block-list\" start=\"29\">\n<li>Sidy Alpha NDIAYE, Professeur assimil\u00e9, agr\u00e9g\u00e9 en droit public, Universit\u00e9 Cheikh Anta Diop de Dakar ;<\/li>\n<\/ol>\n\n\n\n<ol class=\"wp-block-list\" start=\"30\">\n<li>Oumar DIOP, Ma\u00eetre de conf\u00e9rences titulaire en Math\u00e9matiques appliqu\u00e9es, Universit\u00e9 Num\u00e9rique Cheikh Hamidou Kane ;<\/li>\n<\/ol>\n\n\n\n<ol class=\"wp-block-list\" start=\"31\">\n<li>Serigne Moustapha Bassirou NIANG, Ma\u00eetre de conf\u00e9rences assimil\u00e9 en Droit public, Universit\u00e9 Gaston Berger de Saint-Louis ;<\/li>\n<\/ol>\n\n\n\n<ol class=\"wp-block-list\" start=\"32\">\n<li>Boubacar SOLLY, Docteur en G\u00e9ographie, Universit\u00e9 Assane SECK de Ziguinchor ;<\/li>\n<\/ol>\n\n\n\n<ol class=\"wp-block-list\" start=\"33\">\n<li>Ibrahima Demba DIONE, Ma\u00eetre de conf\u00e9rences titulaire en Sociologie, Universit\u00e9 Assane SECK de Ziguinchor ;<\/li>\n<\/ol>\n\n\n\n<ol class=\"wp-block-list\" start=\"34\">\n<li>Aboubacar Abdoulaye BARRO, Assistant en Sociologie, Universit\u00e9 Assane SECK de Ziguinchor ;<\/li>\n<\/ol>\n\n\n\n<ol class=\"wp-block-list\" start=\"35\">\n<li>Muhamed BA, Ma\u00eetre de conf\u00e9rences titulaire en \u00c9conomie, Universit\u00e9 Gaston Berger de Saint-Louis ;<\/li>\n<\/ol>\n\n\n\n<ol class=\"wp-block-list\" start=\"36\">\n<li>Mouhamed El Hady BA, Ma\u00eetre de conf\u00e9rences titulaire en Philosophie, FASTEF ;<\/li>\n<\/ol>\n\n\n\n<ol class=\"wp-block-list\" start=\"37\">\n<li>Abdoul Aziz MBODJI, Ma\u00eetre de conf\u00e9rences assimil\u00e9 en droit public, Universit\u00e9 Alioune DIOP de Bambey ;<\/li>\n<\/ol>\n\n\n\n<ol class=\"wp-block-list\" start=\"38\">\n<li>Yade SARR, Ma\u00eetre de conf\u00e9rences assimil\u00e9, Droit priv\u00e9, Universit\u00e9 Cheikh Anta Diop de Dakar&nbsp;;<\/li>\n<\/ol>\n\n\n\n<ol class=\"wp-block-list\" start=\"39\">\n<li>Mamadou Lamine SARR, Ma\u00eetre de conf\u00e9rences assimil\u00e9 en science politique, Universit\u00e9 num\u00e9rique Cheikh Hamidou Kane (UNCHK)<\/li>\n<\/ol>\n\n\n\n<ol class=\"wp-block-list\" start=\"40\">\n<li>Mamadou BODIAN, Assistant de recherche, Sciences sociales, IFAN\/UCAD<\/li>\n<\/ol>\n\n\n\n<ol class=\"wp-block-list\" start=\"41\">\n<li>Mor BAKHOUM, Ma\u00eetre de conf\u00e9rences assimil\u00e9, droit priv\u00e9, Universit\u00e9 num\u00e9rique Cheikh Hamidou Kane (UNCHK)<\/li>\n<\/ol>\n\n\n\n<ol class=\"wp-block-list\" start=\"42\">\n<li>Momar Sylla DIENG, Ma\u00eetre de conf\u00e9rences titulaire, Economie, Universit\u00e9 num\u00e9rique Cheikh Hamidou Kane (UNCHK)<\/li>\n<\/ol>\n\n\n\n<ol class=\"wp-block-list\" start=\"43\">\n<li>Jean Louis CORR\u00c9A, Professeur assimil\u00e9, agr\u00e9g\u00e9 en droit priv\u00e9, Universit\u00e9 num\u00e9rique Cheikh Hamidou Kane (UNCHK)<\/li>\n<\/ol>\n\n\n\n<ol class=\"wp-block-list\" start=\"44\">\n<li>Mouhamed Abdallah LY, Professeur assimil\u00e9, IFAN\/Universit\u00e9 Cheikh Anta Diop de Dakar ;<\/li>\n<\/ol>\n\n\n\n<ol class=\"wp-block-list\" start=\"45\">\n<li>Abdourahmane SAMBA, Ma\u00eetre de conf\u00e9rences assimil\u00e9, FMPOS\/Universit\u00e9 Cheikh Anta Diop de Dakar ;<\/li>\n<\/ol>\n\n\n\n<ol class=\"wp-block-list\" start=\"46\">\n<li>Aliou THIONGANE, Professeur assimil\u00e9, FMPOS\/Universit\u00e9 Cheikh Anta Diop de Dakar ;<\/li>\n<\/ol>\n\n\n\n<ol class=\"wp-block-list\" start=\"47\">\n<li>Mame Abdallah DIOP, Ma\u00eetre de conf\u00e9rences, G\u00e9nie \u00e9lectrique, Universit\u00e9 Iba Der Thiam de Thi\u00e8s&nbsp;;<\/li>\n<\/ol>\n\n\n\n<ol class=\"wp-block-list\" start=\"48\">\n<li>Abdourahmane SECK, Ma\u00eetre de conf\u00e9rences titulaire, anthropologie, Universit\u00e9 Gaston Berger de Saint-Louis ;<\/li>\n<\/ol>\n\n\n\n<ol class=\"wp-block-list\" start=\"49\">\n<li>Salif BALDE, Ma\u00eetre de conf\u00e9rences titulaire, ESEA\/Universit\u00e9 Cheikh Anta Diop de Dakar ;<\/li>\n<\/ol>\n\n\n\n<ol class=\"wp-block-list\" start=\"50\">\n<li>Marie Pierre Rokhayatou SARR, Ma\u00eetre de conf\u00e9rences titulaire \u00e0 la retraite, Droit priv\u00e9, Universit\u00e9 Cheikh Anta Diop de Dakar ;<\/li>\n<\/ol>\n\n\n\n<ol class=\"wp-block-list\" start=\"51\">\n<li>Oumar DIA, Ma\u00eetre de conf\u00e9rences titulaire, FLSH\/Universit\u00e9 Cheikh Anta Diop de Dakar ;<\/li>\n<\/ol>\n\n\n\n<ol class=\"wp-block-list\" start=\"52\">\n<li>Pape Abdoulaye DIAW, Professeur assimil\u00e9, Chimie, Universit\u00e9 alioune Diop de Bambey ;<\/li>\n<\/ol>\n\n\n\n<ol class=\"wp-block-list\" start=\"53\">\n<li>Aliou NDIAYE, Professeur assimil\u00e9, FST\/Universit\u00e9 Cheikh Anta Diop de Dakar ;<\/li>\n<\/ol>\n\n\n\n<ol class=\"wp-block-list\" start=\"54\">\n<li>Seydi Djamil NIANE, Charg\u00e9 de recherche, Islamologie, IFAN\/Universit\u00e9 Cheikh Anta Diop de Dakar&nbsp;;<\/li>\n<\/ol>\n\n\n\n<ol class=\"wp-block-list\" start=\"55\">\n<li>Demba DIEDHIOU, Professeur assimil\u00e9, FMPOS\/Universit\u00e9 Cheikh Anta Diop de Dakar ;<\/li>\n<\/ol>\n\n\n\n<ol class=\"wp-block-list\" start=\"56\">\n<li>Moussa NDIOR, Ma\u00eetre de conf\u00e9rences assimil\u00e9, Science politique, Universit\u00e9 Assane Seck de Ziguinchor ;<\/li>\n<\/ol>\n\n\n\n<ol class=\"wp-block-list\" start=\"57\">\n<li>Mar MBODJ, Ma\u00eetre de conf\u00e9rences assimil\u00e9, Universit\u00e9 Gaston Berger de Saint-Louis ;<\/li>\n<\/ol>\n\n\n\n<ol class=\"wp-block-list\" start=\"58\">\n<li>Cheikh Abdoulaye NIANG, Charg\u00e9 de recherche, anthropologie, IFAN\/Universit\u00e9 Cheikh Anta Diop de Dakar ;<\/li>\n<\/ol>\n\n\n\n<ol class=\"wp-block-list\" start=\"59\">\n<li>Mamadou Bodian, Charg\u00e9 de recherche, Science politique, IFAN\/Universit\u00e9 Cheikh Anta Diop de Dakar ;<\/li>\n<\/ol>\n\n\n\n<ol class=\"wp-block-list\" start=\"60\">\n<li>Adjaratou Omar SALL, Charg\u00e9e de recherche, Linguistique africaine, IFAN\/Universit\u00e9 Cheikh Anta Diop de Dakar ;<\/li>\n<\/ol>\n\n\n\n<ol class=\"wp-block-list\" start=\"61\">\n<li>Ibrahima THIAW, Directeur de recherche, Arch\u00e9ologie, IFAN\/Universit\u00e9 Cheikh Anta Diop de Dakar ;<\/li>\n<\/ol>\n\n\n\n<ol class=\"wp-block-list\" start=\"62\">\n<li>Ibrahima Dally DIOUF, Professeur assimil\u00e9, agr\u00e9g\u00e9 en Sciences de gestion, FASEG\/Universit\u00e9 Cheikh Anta Diop de Dakar ;<\/li>\n<\/ol>\n\n\n\n<ol class=\"wp-block-list\" start=\"63\">\n<li>Abdoul Karim MBODJI, Ma\u00eetre de conf\u00e9rences titulaire, Universit\u00e9 Gaston Berger de Saint-Louis ;<\/li>\n<\/ol>\n\n\n\n<ol class=\"wp-block-list\" start=\"64\">\n<li>Joseph Sambasene DIATTA, Ma\u00eetre de conf\u00e9rences, Physique, Universit\u00e9 Assane Seck de Ziguinchor ;<\/li>\n<\/ol>\n\n\n\n<ol class=\"wp-block-list\" start=\"65\">\n<li>Saliou NGOM, Charg\u00e9 de recherche, Anthropologie, IFAN\/Universit\u00e9 Cheikh Anta Diop de Dakar&nbsp;;<\/li>\n<\/ol>\n\n\n\n<ol class=\"wp-block-list\" start=\"66\">\n<li>Samba CISSOKHO, Ma\u00eetre de conf\u00e9rences, G\u00e9ologie, FST\/Universit\u00e9 Cheikh Anta Diop de Dakar ;<\/li>\n<\/ol>\n\n\n\n<ol class=\"wp-block-list\" start=\"67\">\n<li>Fatoumata HANE, Professeur assimil\u00e9, Sociologie, Universit\u00e9 Assane Seck de Ziguinchor ;<\/li>\n<\/ol>\n\n\n\n<ol class=\"wp-block-list\" start=\"68\">\n<li>Ndiabou S\u00e9ga TOUR\u00c9, Ma\u00eetre de conf\u00e9rences titulaire, IFE\/Universit\u00e9 Cheikh Anta Diop de Dakar&nbsp;;<\/li>\n<\/ol>\n\n\n\n<ol class=\"wp-block-list\" start=\"69\">\n<li>Aboubacry KANE, Professeur assimil\u00e9, FST\/Universit\u00e9 Cheikh Anta Diop de Dakar&nbsp;;<\/li>\n<\/ol>\n\n\n\n<ol class=\"wp-block-list\" start=\"70\">\n<li>Alassane MBAYE, Professeur titulaire, Cardiologie, FMPOS\/Universit\u00e9 Cheikh Anta Diop de Dakar ;<\/li>\n<\/ol>\n\n\n\n<ol class=\"wp-block-list\" start=\"71\">\n<li>Amadou FALL, Professeur assimil\u00e9 \u00e0 la retraite, Histoire sociale, FASTEF\/Universit\u00e9 Cheikh Anta Diop de Dakar ;<\/li>\n<\/ol>\n\n\n\n<ol class=\"wp-block-list\" start=\"72\">\n<li>El Hadji Alioune FALL, Professeur assimil\u00e9, FST\/Universit\u00e9 Cheikh Anta Diop de Dakar&nbsp;;<\/li>\n<\/ol>\n\n\n\n<ol class=\"wp-block-list\" start=\"73\">\n<li>Abdoulaye KE\u00cfTA, Directeur de recherche assimil\u00e9, Litt\u00e9rature orale, Universit\u00e9 Cheikh Anta Diop de Dakar ;<\/li>\n<\/ol>\n\n\n\n<ol class=\"wp-block-list\" start=\"74\">\n<li>Babou DIENE, Professeur titulaire, Litt\u00e9rature africaine, Universit\u00e9 Gaston Berger de Saint-Louis ;<\/li>\n<\/ol>\n\n\n\n<ol class=\"wp-block-list\" start=\"75\">\n<li>Mame Cor FAYE, Ma\u00eetre de conf\u00e9rences titulaire, Biologie animale, FST\/Universit\u00e9 Cheikh Anta Diop de Dakar ;<\/li>\n<\/ol>\n\n\n\n<ol class=\"wp-block-list\" start=\"76\">\n<li>Bougar SARR, Ma\u00eetre de conf\u00e9rences titulaire, UFR SATIC, Universit\u00e9 Alioune Diop de Bambey ;<\/li>\n<\/ol>\n\n\n\n<ol class=\"wp-block-list\" start=\"77\">\n<li>Idrissa BA, Professeur titulaire, FLSH\/Universit\u00e9 Cheikh Anta Diop de Dakar ;<\/li>\n<\/ol>\n\n\n\n<ol class=\"wp-block-list\" start=\"78\">\n<li>Ibrahima Seydi BA, Charg\u00e9 d\u2019Enseignement, Lettres modernes, Universit\u00e9 Cheikh Anta Diop de Dakar ;<\/li>\n<\/ol>\n\n\n\n<ol class=\"wp-block-list\" start=\"79\">\n<li>Ibrahima WANE, Professeur titulaire, Litt\u00e9rature africaine, Universit\u00e9 Cheikh Anta Diop de Dakar ;<\/li>\n<\/ol>\n\n\n\n<ol class=\"wp-block-list\" start=\"80\">\n<li>Mame Penda BA, Professeur assimil\u00e9, agr\u00e9g\u00e9 en Science politique, Universit\u00e9 Gaston Berger de Saint-Louis ;<\/li>\n<\/ol>\n\n\n\n<ol class=\"wp-block-list\" start=\"81\">\n<li>Yankhoba SEYDI, Professeur assimil\u00e9, Civilisation britannique, FLSH\/Universit\u00e9 Cheikh Anta Diop de Dakar ;<\/li>\n<\/ol>\n\n\n\n<ol class=\"wp-block-list\" start=\"82\">\n<li>Falilou DIOP, Ma\u00eetre de conf\u00e9rences, Droit priv\u00e9, Universit\u00e9 Jean Moulin de Lyon, France ;<\/li>\n<\/ol>\n\n\n\n<ol class=\"wp-block-list\" start=\"83\">\n<li>Samba SIDIBE, Ma\u00eetre de conf\u00e9rences titulaire, Informatique, ESP\/Universit\u00e9 Cheikh Anta Diop de Dakar ;<\/li>\n<\/ol>\n\n\n\n<ol class=\"wp-block-list\" start=\"84\">\n<li>Thierno LY, Ma\u00eetre de conf\u00e9rences titulaire, Sciences de l\u2019\u00e9ducation, IFE\/Universit\u00e9 Cheikh Anta Diop de Dakar ;<\/li>\n<\/ol>\n\n\n\n<ol class=\"wp-block-list\" start=\"85\">\n<li>Babacar NIANG, Professeur assimil\u00e9, agr\u00e9g\u00e9 des facult\u00e9s de droit, Droit priv\u00e9 et sciences criminelles, Universit\u00e9 Cheikh Anta Diop de Dakar ;<\/li>\n<\/ol>\n\n\n\n<ol class=\"wp-block-list\" start=\"86\">\n<li>Baba Di\u00e8ye DIAGNE, Ma\u00eetre de conf\u00e9rences titulaire, ENSETP\/Universit\u00e9 Cheikh Anta Diop de Dakar ;<\/li>\n<\/ol>\n\n\n\n<ol class=\"wp-block-list\" start=\"87\">\n<li>Samba Ndao SYLLA, Professeur titulaire de classe exceptionnelle, Biologie v\u00e9g\u00e9tale, Universit\u00e9 Cheikh Anta Diop de Dakar ;<\/li>\n<\/ol>\n\n\n\n<ol class=\"wp-block-list\" start=\"88\">\n<li>Di\u00e8ne Di\u00e9gane THIARE, Professeur assimil\u00e9, Chimie, FST\/Universit\u00e9 Cheikh Anta Diop de Dakar ;<\/li>\n<\/ol>\n\n\n\n<ol class=\"wp-block-list\" start=\"89\">\n<li>Nd\u00e8ye Astou NDIAYE, Ma\u00eetresse de conf\u00e9rences titulaire, Science politique, Universit\u00e9 Cheikh Anta Diop de Dakar ;<\/li>\n<\/ol>\n\n\n\n<ol class=\"wp-block-list\" start=\"90\">\n<li>Ousmane NIANG, Ma\u00eetre de conf\u00e9rences titulaire, Sociologie, ENEA\/Universit\u00e9 Cheikh Anta Diop de Dakar ;<\/li>\n<\/ol>\n\n\n\n<ol class=\"wp-block-list\" start=\"91\">\n<li>Zeinab KANE, Ma\u00eetre de conf\u00e9rences titulaire, Droit public, Universit\u00e9 Alioune Diop de Bambey ;<\/li>\n<\/ol>\n\n\n\n<ol class=\"wp-block-list\" start=\"92\">\n<li>Mamadou Aguibou Diallo, Ma\u00eetre de conf\u00e9rences, Sociologie, Universit\u00e9 Assane Seck de Ziguinchor ;<\/li>\n<\/ol>\n\n\n\n<ol class=\"wp-block-list\" start=\"93\">\n<li>Serigne SEYE, Ma\u00eetre de conf\u00e9rences titulaires, FLSH, Universit\u00e9 Cheikh Anta Diop de Dakar ;<\/li>\n<\/ol>\n\n\n\n<ol class=\"wp-block-list\" start=\"94\">\n<li>Boubacar CAMARA, Ma\u00eetre de conf\u00e9rences, Agroforesterie, Universit\u00e9 Assane Seck de Ziguinchor ;<\/li>\n<\/ol>\n\n\n\n<ol class=\"wp-block-list\" start=\"95\">\n<li>Dominique MENDY, Enseignant-chercheur en sciences \u00e9conomiques, Universit\u00e9 Catholique de l\u2019Afrique de l\u2019Ouest, Ziguinchor ;<\/li>\n<\/ol>\n\n\n\n<ol class=\"wp-block-list\" start=\"96\">\n<li>Mouhamet DIEME, Ma\u00eetre de conf\u00e9rences titulaire, Sciences de gestion, FASEG\/Universit\u00e9 Cheikh Anta Diop de Dakar ;<\/li>\n<\/ol>\n\n\n\n<ol class=\"wp-block-list\" start=\"97\">\n<li>Gorgui DIOUF, Vacataire Agro-entomologiste, Universit\u00e9 Sine-Saloum Cheikh Ibrahima Niass ;<\/li>\n<\/ol>\n\n\n\n<ol class=\"wp-block-list\" start=\"98\">\n<li>Mouhamadou Aliou Mountaga Tall BALDE, Ma\u00eetre de conf\u00e9rences titulaire, Math\u00e9matiques, Universit\u00e9 Cheikh Anta Diop de Dakar ;<\/li>\n<\/ol>\n\n\n\n<ol class=\"wp-block-list\" start=\"99\">\n<li>Nd\u00e8ye Sophie DIAGNE NDIR, Professeur assimil\u00e9, agr\u00e9g\u00e9e des facult\u00e9s de droit, droit priv\u00e9 et sciences criminelles, Universit\u00e9 Cheikh Anta Diop de Dakar ;<\/li>\n<\/ol>\n\n\n\n<ol class=\"wp-block-list\" start=\"100\">\n<li>Sokhna Mariama S\u00e8ye FALL, Enseignante-chercheuse, Droit priv\u00e9, Universit\u00e9 Cheikh Anta Diop de Dakar&nbsp;;<\/li>\n<\/ol>\n\n\n\n<ol class=\"wp-block-list\" start=\"101\">\n<li>Aliou SENE, Enseignant-chercheur, FASTEF, Universit\u00e9 Cheikh Anta Diop de Dakar ;<\/li>\n<\/ol>\n\n\n\n<ol class=\"wp-block-list\" start=\"102\">\n<li>Mamadou THIOR, Ma\u00eetre de conf\u00e9rences assimil\u00e9, G\u00e9ographie, FLSH\/Universit\u00e9 Cheikh Anta Diop de Dakar ;<\/li>\n<\/ol>\n\n\n\n<ol class=\"wp-block-list\" start=\"103\">\n<li>Mouhamadou THIAM, Professeur assimil\u00e9, Ecole Polytechnique de Thi\u00e8s ;<\/li>\n<\/ol>\n\n\n\n<ol class=\"wp-block-list\" start=\"104\">\n<li>Hamidou DIA, Enseignant-chercheur, IRD et Universit\u00e9 Paris Cit\u00e9 ;<\/li>\n<\/ol>\n\n\n\n<ol class=\"wp-block-list\" start=\"105\">\n<li>Babacar Mbaye DIOP, Professeur assimil\u00e9, Philosophie, FLSH\/Universit\u00e9 Cheikh Anta Diop de Dakar ;<\/li>\n<\/ol>\n\n\n\n<ol class=\"wp-block-list\" start=\"106\">\n<li>Anna Modji BASSE, Professeur assimil\u00e9, M\u00e9decine, FMPOS\/Universit\u00e9 Cheikh Anta Diop de Dakar ;<\/li>\n<\/ol>\n\n\n\n<ol class=\"wp-block-list\" start=\"107\">\n<li>Rouguiyatou KANE, Enseignante-chercheuse, Droit public, Universit\u00e9 Cheikh Anta Diop de Dakar&nbsp;;<\/li>\n<\/ol>\n\n\n\n<ol class=\"wp-block-list\" start=\"108\">\n<li>Abdoul Alpha DIA, Ma\u00eetre de conf\u00e9rences titulaire, Economie, Universit\u00e9 num\u00e9rique Cheikh Hamidou Kane ;<\/li>\n<\/ol>\n\n\n\n<ol class=\"wp-block-list\" start=\"109\">\n<li>Cheikh BA, Ma\u00eetre de conf\u00e9rences titulaire, G\u00e9ographie humaine, Universit\u00e9 Cheikh Anta Diop de Dakar ;<\/li>\n<\/ol>\n\n\n\n<ol class=\"wp-block-list\" start=\"110\">\n<li>Oumy GUEYE, Enseignante-Chercheuse, Droit priv\u00e9, Universit\u00e9 Cheikh Anta Diop de Dakar ;<\/li>\n<\/ol>\n\n\n\n<ol class=\"wp-block-list\" start=\"111\">\n<li>Mame Mor Anta SYLL, Ma\u00eetre de conf\u00e9rences assimil\u00e9, Economie, Universit\u00e9 Gaston Berger de Saint-Louis ;<\/li>\n<\/ol>\n\n\n\n<ol class=\"wp-block-list\" start=\"112\">\n<li>Arame NDOYE GAYE, Enseignante-chercheuse, Droit public, Universit\u00e9 Cheikh Anta Diop de Dakar&nbsp;;<\/li>\n<\/ol>\n\n\n\n<ol class=\"wp-block-list\" start=\"113\">\n<li>Naphy SAMBA KA, Ma\u00eetre de conf\u00e9rences assimil\u00e9, Droit public, Universit\u00e9 Cheikh Anta Diop de Dakar ;<\/li>\n<\/ol>\n\n\n\n<ol class=\"wp-block-list\" start=\"114\">\n<li>Pape Fod\u00e9 KANTE, Ma\u00eetre de conf\u00e9rences assimil\u00e9, Droit public, Universit\u00e9 Gaston Berger de Saint-Louis ;<\/li>\n<\/ol>\n\n\n\n<ol class=\"wp-block-list\" start=\"115\">\n<li>Boubacar KANTE, Ma\u00eetre de conf\u00e9rences titulaire, Science politique, Universit\u00e9 Cheikh Anta Diop de Dakar ;<\/li>\n<\/ol>\n\n\n\n<ol class=\"wp-block-list\" start=\"116\">\n<li>Mouhamadou El Hady BA, Ma\u00eetre de conf\u00e9rences titulaire, Philosophie, FASTEF\/Universit\u00e9 Cheikh Anta Diop de Dakar ;<\/li>\n<\/ol>\n\n\n\n<ol class=\"wp-block-list\" start=\"117\">\n<li>Nalla Soc\u00e9 FALL, Ma\u00eetre de conf\u00e9rences titulaire, Psychosociologie du Sport, Universit\u00e9 Gastion Berger de Saint-Louis ;<\/li>\n<\/ol>\n\n\n\n<ol class=\"wp-block-list\" start=\"118\">\n<li>Amadou FALL, Professeur assimil\u00e9 \u00e0 la retraite, Histoire sociale, FASTEF\/Universit\u00e9 Cheikh Anta Diop de Dakar ;<\/li>\n<\/ol>\n\n\n\n<ol class=\"wp-block-list\" start=\"119\">\n<li>Sadibou SOW, Ma\u00eetre de conf\u00e9rences assimil\u00e9, Agro \u00e9conomie, Universit\u00e9 Cheikh Anta Diop de Dakar ;<\/li>\n<\/ol>\n\n\n\n<ol class=\"wp-block-list\" start=\"120\">\n<li>Ababacar GUEYE, Ma\u00eetre de conf\u00e9rences assimil\u00e9, Droit public, Universit\u00e9 Cheikh Anta Diop de Dakar&nbsp;;<\/li>\n<\/ol>\n\n\n\n<ol class=\"wp-block-list\" start=\"121\">\n<li>Ibrahima FALL, Professeur titulaire, Informatique, ESP\/Universit\u00e9 Cheikh Anta Diop de Dakar ;<\/li>\n<\/ol>\n\n\n\n<ol class=\"wp-block-list\" start=\"122\">\n<li>Bakary MANGA, Ma\u00eetre de conf\u00e9rences, Math\u00e9matiques, FST\/Universit\u00e9 Cheikh Anta Diop de Dakar ;<\/li>\n<\/ol>\n\n\n\n<ol class=\"wp-block-list\" start=\"123\">\n<li>Ami Coll\u00e9 SECK, Ma\u00eetre de conf\u00e9rences titulaire, Droit public, Universit\u00e9 Cheikh Anta Diop de Dakar ;<\/li>\n<\/ol>\n\n\n\n<ol class=\"wp-block-list\" start=\"124\">\n<li>Thierno GUEYE, Enseignant-Chercheur, Philosophie, Universit\u00e9 Cheikh Anta Diop de Dakar ;<\/li>\n<\/ol>\n\n\n\n<ol class=\"wp-block-list\" start=\"125\">\n<li>Tiff\u00e8ne DIOME, Professeur assimil\u00e9, Acarologie-entomologie, FST\/Universit\u00e9 Cheikh Anta Diop de Dakar ;<\/li>\n<\/ol>\n\n\n\n<ol class=\"wp-block-list\" start=\"126\">\n<li>Alioune Wagane NGOM, Chercheur en droit public, Universit\u00e9 de Reims Champagne Ardenne, France ;<\/li>\n<\/ol>\n\n\n\n<ol class=\"wp-block-list\" start=\"127\">\n<li>Ibrahima THIAW, Directeur de recherche, Arch\u00e9ologie, IFAN\/Universit\u00e9 Cheikh Anta Diop de Dakar&nbsp;;<\/li>\n<\/ol>\n\n\n\n<ol class=\"wp-block-list\" start=\"128\">\n<li>Jean Alain GOUDIABY, Professeur assimil\u00e9, Sociologie, Universit\u00e9 Assane Seck de Ziguinchor&nbsp;;<\/li>\n<\/ol>\n\n\n\n<ol class=\"wp-block-list\" start=\"129\">\n<li>Cheikh NGUIRANE, Ma\u00eetre de conf\u00e9rences, Etudes Anglophones, Universit\u00e9 des Antilles ;<\/li>\n<\/ol>\n\n\n\n<ol class=\"wp-block-list\" start=\"130\">\n<li>Beno\u00eft TINE, Professeur assimil\u00e9, Sociologie, Universit\u00e9 Assane Seck de Ziguinchor ;<\/li>\n<\/ol>\n\n\n\n<ol class=\"wp-block-list\" start=\"131\">\n<li>Fatou NDIAYE, Ma\u00eetre de conf\u00e9rences titulaire, FLSH\/Universit\u00e9 Cheikh Anta Dio de Dakar ;<\/li>\n<\/ol>\n\n\n\n<ol class=\"wp-block-list\" start=\"132\">\n<li>Ismahan Soukeyna DIOP, Ma\u00eetre de conf\u00e9rences titulaire, FLSH\/Universit\u00e9 Cheikh Anta Diop de Dakar ;<\/li>\n<\/ol>\n\n\n\n<ol class=\"wp-block-list\" start=\"133\">\n<li>Dieynaba Gabrielle NDIAYE, Ma\u00eetre de conf\u00e9rences assimil\u00e9e, FLSH\/Universit\u00e9 Cheikh Anta Diop de Dakar ;<\/li>\n<\/ol>\n\n\n\n<ol class=\"wp-block-list\" start=\"134\">\n<li>Seynabou NDIAYE, Ma\u00eetre de conf\u00e9rences assimil\u00e9e, FLSH\/Universit\u00e9 Cheikh Anta Diop de Dakar ;<\/li>\n<\/ol>\n\n\n\n<ol class=\"wp-block-list\" start=\"135\">\n<li>Mamadou Kabirou GANO, Ma\u00eetre de conf\u00e9rences titulaire, FASTEF\/Universit\u00e9 Cheikh Anta Diop de Dakar ;<\/li>\n<\/ol>\n\n\n\n<ol class=\"wp-block-list\" start=\"136\">\n<li>Mouhamadou El Hady BA, Ma\u00eetre de conf\u00e9rences titulaire, FASTEF\/Universit\u00e9 Cheikh Anta Diop de Dakar ;<\/li>\n<\/ol>\n\n\n\n<ol class=\"wp-block-list\" start=\"137\">\n<li>Thierno GUEYE, Ma\u00eetre de conf\u00e9rences assimil\u00e9, FASTEF\/Universit\u00e9 Cheikh Anta Diop de Dakar&nbsp;;<\/li>\n<\/ol>\n\n\n\n<ol class=\"wp-block-list\" start=\"138\">\n<li>Ibrahima DIAGNE, Professeur assimil\u00e9, FLSH\/Universit\u00e9 Cheikh Anta Diop de Dakar ;<\/li>\n<\/ol>\n\n\n\n<ol class=\"wp-block-list\" start=\"139\">\n<li>Nd\u00e9n\u00e9 MBODJI, Ma\u00eetre de conf\u00e9rences titulaire, FLSH\/Universit\u00e9 Cheikh Anta Diop de Dakar ;<\/li>\n<\/ol>\n\n\n\n<ol class=\"wp-block-list\" start=\"140\">\n<li>Mounirou DIALLO, Ma\u00eetre de conf\u00e9rences titulaire, FLSH\/Universit\u00e9 Cheikh Anta Diop de Dakar ;<\/li>\n<\/ol>\n\n\n\n<ol class=\"wp-block-list\" start=\"141\">\n<li>Mory Thiam, Ma\u00eetre de conf\u00e9rences titulaire, FLSH\/Universit\u00e9 Cheikh Anta Diop de Dakar ;<\/li>\n<\/ol>\n\n\n\n<ol class=\"wp-block-list\" start=\"142\">\n<li>Papa Abdou Fall, Ma\u00eetre de conf\u00e9rences titulaire, FLSH\/Universit\u00e9 Cheikh Anta Diop de Dakar ;<\/li>\n<\/ol>\n\n\n\n<ol class=\"wp-block-list\" start=\"143\">\n<li>Cheikh KALING, Ma\u00eetre de conf\u00e9rences titulaire, Histoire, Universit\u00e9 Cheikh Anta Diop de Dakar ;<\/li>\n<\/ol>\n\n\n\n<ol class=\"wp-block-list\" start=\"144\">\n<li>El Hadji Malick Sy CAMARA, Ma\u00eetre de conf\u00e9rences titulaire, FLSH\/Universit\u00e9 Cheikh Anta Diop de Dakar ;<\/li>\n<\/ol>\n\n\n\n<ol class=\"wp-block-list\" start=\"145\">\n<li>Cheikh Anta BABOU, Ma\u00eetre de conf\u00e9rences titulaire, FLSH\/Universit\u00e9 Cheikh Anta Diop de Dakar ;<\/li>\n<\/ol>\n\n\n\n<ol class=\"wp-block-list\" start=\"146\">\n<li>Alioune POUYE, Ma\u00eetre de conf\u00e9rences titulaire, FLSH\/Universit\u00e9 Cheikh Anta Diop de Dakar ;<\/li>\n<\/ol>\n\n\n\n<ol class=\"wp-block-list\" start=\"147\">\n<li>Benjamin DIOUF, Ma\u00eetre de conf\u00e9rences titulaire, FLSH\/Universit\u00e9 Cheikh Anta Diop de Dakar ;<\/li>\n<\/ol>\n\n\n\n<ol class=\"wp-block-list\" start=\"148\">\n<li>Mohamadou BOYE, Ma\u00eetre de conf\u00e9rences assimil\u00e9, UFR SJP\/Universit\u00e9 Gaston Berger de Saint-Louis ;<\/li>\n<\/ol>\n\n\n\n<ol class=\"wp-block-list\" start=\"149\">\n<li>Jean Sibadioumeg DIATTA, Ma\u00eetre de conf\u00e9rences assimil\u00e9, FLSH\/Universit\u00e9 Cheikh Anta Diop de Dakar ;<\/li>\n<\/ol>\n\n\n\n<ol class=\"wp-block-list\" start=\"150\">\n<li>Mouhamed Abdou Latif MBENGUE, Professeur assimil\u00e9, FLSH\/Universit\u00e9 Cheikh Anta Diop de Dakar ;<\/li>\n<\/ol>\n\n\n\n<ol class=\"wp-block-list\" start=\"151\">\n<li>Alioune Badara MBOUP, Professeur assimil\u00e9, ESP\/Universit\u00e9 Cheikh Anta Diop de Dakar ;<\/li>\n<\/ol>\n\n\n\n<ol class=\"wp-block-list\" start=\"152\">\n<li>Pape Ch\u00e9rif Bertrand BASS\u00c8NE, Ma\u00eetre de conf\u00e9rences titulaire, FLSH\/Universit\u00e9 Cheikh Anta Diop de Dakar ;<\/li>\n<\/ol>\n\n\n\n<ol class=\"wp-block-list\" start=\"153\">\n<li>Jean DOMINGO, Ma\u00eetre de conf\u00e9rences assimil\u00e9, FST\/Universit\u00e9 Cheikh Anta Diop de Dakar ;<\/li>\n<\/ol>\n\n\n\n<ol class=\"wp-block-list\" start=\"154\">\n<li>Daouda NGOM, Professeur titulaire, FST\/Universit\u00e9 Cheikh Anta Diop de Dakar ;<\/li>\n<\/ol>\n\n\n\n<ol class=\"wp-block-list\" start=\"155\">\n<li>Cheikh BA, Ma\u00eetre de conf\u00e9rences titulaire, IGT\/Universit\u00e9 Cheikh Anta Diop de Dakar ;<\/li>\n<\/ol>\n\n\n\n<ol class=\"wp-block-list\" start=\"156\">\n<li>El Hadji Omar THIAM, Professeur assimil\u00e9, FLSH\/Universit\u00e9 Cheikh Anta Diop de Dakar ;<\/li>\n<\/ol>\n\n\n\n<ol class=\"wp-block-list\" start=\"157\">\n<li>Mamadou Y\u00e9ro BALDE, Ma\u00eetre de conf\u00e9rences assimil\u00e9, FASTEF\/Universit\u00e9 Cheikh Anta Diop de Dakar ;<\/li>\n<\/ol>\n\n\n\n<ol class=\"wp-block-list\" start=\"158\">\n<li>Mouhamed Lat DIOP, Ma\u00eetre de conf\u00e9rences assimil\u00e9, EBAD\/Universit\u00e9 Cheikh Anta Diop de Dakar ;<\/li>\n<\/ol>\n\n\n\n<ol class=\"wp-block-list\" start=\"159\">\n<li>Mor DIEYE, Ma\u00eetre de conf\u00e9rences titulaire, FLSH\/Universit\u00e9 Cheikh Anta Diop de Dakar ;<\/li>\n<\/ol>\n\n\n\n<ol class=\"wp-block-list\" start=\"160\">\n<li>Babacar DIAKHATE, Professeur assimil\u00e9, FST\/Universit\u00e9 Cheikh Anta Diop de Dakar ;<\/li>\n<\/ol>\n\n\n\n<ol class=\"wp-block-list\" start=\"161\">\n<li>Bakary MANGA, Professeur assimil\u00e9, FST\/Universit\u00e9 Cheikh Anta Diop de Dakar ;<\/li>\n<\/ol>\n\n\n\n<ol class=\"wp-block-list\" start=\"162\">\n<li>Ahmadou WAGUE, Professeur titulaire \u00e0 la retraite, FST\/Universit\u00e9 Cheikh Anta Diop de Dakar ;<\/li>\n<\/ol>\n\n\n\n<ol class=\"wp-block-list\" start=\"163\">\n<li>Papa Samba NDIAYE, Ma\u00eetre de conf\u00e9rences assimil\u00e9, FLSH\/Universit\u00e9 Cheikh Anta Diop de Dakar&nbsp;;<\/li>\n<\/ol>\n\n\n\n<ol class=\"wp-block-list\" start=\"164\">\n<li>Abdoulaye Gassama, Professeur titulaire, UFR SAT\/Universit\u00e9 Assane Seck de Ziguinchor ;<\/li>\n<\/ol>\n\n\n\n<ol class=\"wp-block-list\" start=\"165\">\n<li>Doudou DIOUF, Ma\u00eetre de conf\u00e9rences titulaire, FMPOS\/Universit\u00e9 Cheikh Anta Diop de Dakar ;<\/li>\n<\/ol>\n\n\n\n<ol class=\"wp-block-list\" start=\"166\">\n<li>Mouhamed DIME, Ma\u00eetre de conf\u00e9rences titulaire, FASEG\/Universit\u00e9 Cheikh Anta Diop de Dakar ;<\/li>\n<\/ol>\n\n\n\n<ol class=\"wp-block-list\" start=\"167\">\n<li>Mouhamed BADJI, Ma\u00eetre de conf\u00e9rences assimil\u00e9, FASEG\/Universit\u00e9 Cheikh Anta Diop de Dakar ;<\/li>\n<\/ol>\n\n\n\n<ol class=\"wp-block-list\" start=\"168\">\n<li>Mamadou BALDE, Ma\u00eetre de conf\u00e9rences titulaire, FMPOS\/Universit\u00e9 Cheikh Anta Diop de Dakar ;<\/li>\n<\/ol>\n\n\n\n<ol class=\"wp-block-list\" start=\"169\">\n<li>Abdoulaye Chim\u00e8re NDIAYE, Professeur assimil\u00e9, FASTEF\/Universit\u00e9 Cheikh Anta Diop de Dakar ;<\/li>\n<\/ol>\n\n\n\n<ol class=\"wp-block-list\" start=\"170\">\n<li>Abdoulaye MBAYE, Ma\u00eetre de conf\u00e9rences titulaire, ESP\/Universit\u00e9 Cheikh Anta Diop de Dakar ;<\/li>\n<\/ol>\n\n\n\n<ol class=\"wp-block-list\" start=\"171\">\n<li>Christian Ousmane DIOUF, Maitre de conf\u00e9rences assimil\u00e9, Droit priv\u00e9, Universit\u00e9 Cheikh Anta Diop de Dakar&nbsp;;<\/li>\n<\/ol>\n\n\n\n<ol class=\"wp-block-list\" start=\"172\">\n<li>Oumar SARR, Ma\u00eetre de conf\u00e9rences titulaire, FST\/Universit\u00e9 Cheikh Anta Diop de Dakar ;<\/li>\n<\/ol>\n\n\n\n<ol class=\"wp-block-list\" start=\"173\">\n<li>Mouhamadou Saliou DIALLO, Ma\u00eetre de conf\u00e9rences titulaire, FASEG\/Universit\u00e9 Cheikh Anta Diop de Dakar&nbsp;;<\/li>\n<\/ol>\n\n\n\n<ol class=\"wp-block-list\" start=\"174\">\n<li>S\u00e9kouna DIATTA, Ma\u00eetre de conf\u00e9rences titulaire, FST\/Universit\u00e9 Cheikh Anta Diop de Dakar ;<\/li>\n<\/ol>\n\n\n\n<ol class=\"wp-block-list\" start=\"175\">\n<li>Moustapha Bassimb\u00e9 SAGNA, Ma\u00eetre de conf\u00e9rences titulaire, FST\/Universit\u00e9 Cheikh Anta Diop de Dakar ;<\/li>\n<\/ol>\n\n\n\n<ol class=\"wp-block-list\" start=\"176\">\n<li>Babacar DIOP, Ma\u00eetre de conf\u00e9rences assimil\u00e9, FASTEF\/Universit\u00e9 Cheikh Anta Diop de Dakar ;<\/li>\n<\/ol>\n\n\n\n<ol class=\"wp-block-list\" start=\"177\">\n<li>Paul DIEDHIOU, Ma\u00eetre de conf\u00e9rences titulaire, UFR LSH\/Universit\u00e9 Assane Seck De Ziguinchor&nbsp;;<\/li>\n<\/ol>\n\n\n\n<ol class=\"wp-block-list\" start=\"178\">\n<li>Mamadou Lamine Ndiaye, Professeur titulaire, ESP\/Universit\u00e9 Cheikh Anta Diop de Dakar ;<\/li>\n<\/ol>\n\n\n\n<ol class=\"wp-block-list\" start=\"179\">\n<li>Issa DIEDHIOU, Ma\u00eetre de conf\u00e9rences titulaire, FST\/Universit\u00e9 Cheikh Anta Diop de Dakar ;<\/li>\n<\/ol>\n\n\n\n<ol class=\"wp-block-list\" start=\"180\">\n<li>Souleymane LO, Ma\u00eetre de conf\u00e9rences titulaire, ESEA\/Universit\u00e9 Cheikh Anta Diop de Dakar ;<\/li>\n<\/ol>\n\n\n\n<ol class=\"wp-block-list\" start=\"181\">\n<li>El Hadji Malick Sy Wone, Ma\u00eetre de conf\u00e9rences titulaire, IFE\/Universit\u00e9 Cheikh Anta Diop de Dakar&nbsp;;<\/li>\n<\/ol>\n\n\n\n<ol class=\"wp-block-list\" start=\"182\">\n<li>Assane MBAYE, Enseignant-chercheur, Droit priv\u00e9, Universit\u00e9 Cheikh Anta Diop de Dakar&nbsp;;<\/li>\n<\/ol>\n\n\n\n<ol class=\"wp-block-list\" start=\"183\">\n<li>Khalia HAYDARA, Ma\u00eetre de conf\u00e9rences titulaire, Philosophie, Universit\u00e9 Cheikh Anta Diop de Dakar ;<\/li>\n<\/ol>\n\n\n\n<ol class=\"wp-block-list\" start=\"184\">\n<li>Cheikh SAKHO, Professeur assimil\u00e9, Litt\u00e9rature orale, Universit\u00e9 Cheikh Anta Diop de Dakar ;<\/li>\n<\/ol>\n\n\n\n<ol class=\"wp-block-list\" start=\"185\">\n<li>Lamine DIEDHIOU, Ma\u00eetre de conf\u00e9rences titulaire, Philosophie, Universit\u00e9 Cheikh Anta Diop de Dakar ;<\/li>\n<\/ol>\n\n\n\n<ol class=\"wp-block-list\" start=\"186\">\n<li>Abdoul Alpha DIA, Ma\u00eetre de conf\u00e9rences titulaire, Economie, Universit\u00e9 num\u00e9rique Cheikh Hamidou Kane&nbsp;;<\/li>\n<\/ol>\n\n\n\n<ol class=\"wp-block-list\" start=\"187\">\n<li>Abdoul Aziz FALL, Enseignant-chercheur, Universit\u00e9 Alioune Diop de Bambey ;<\/li>\n<\/ol>\n\n\n\n<ol class=\"wp-block-list\" start=\"188\">\n<li>Abdoulaye NGOM, Ma\u00eetre de conf\u00e9rences titulaire, Sociologie, Universit\u00e9 Assane Seck de Ziguinchor ;<\/li>\n<\/ol>\n\n\n\n<ol class=\"wp-block-list\" start=\"189\">\n<li>Aminata Sarr Malick NDIAYE, Tutrice P\u00f4le STN, Universit\u00e9 num\u00e9rique Cheikh Hamidou Kane ;<\/li>\n<\/ol>\n\n\n\n<ol class=\"wp-block-list\" start=\"190\">\n<li>Yakhara Gassama DIOP, Enseignante-chercheuse, Sciences Psycho\u00e9ducation, Universit\u00e9 Laval Qu\u00e9bec, Canada ;<\/li>\n<\/ol>\n\n\n\n<ol class=\"wp-block-list\" start=\"191\">\n<li>Abdou Kadri SAMBOU, Enseignant-chercheur, G\u00e9ographie, Universit\u00e9 Assane Seck de Ziguinchor&nbsp;;<\/li>\n<\/ol>\n\n\n\n<ol class=\"wp-block-list\" start=\"192\">\n<li>Matar FAYE, Professeur assimil\u00e9, Physique, Universit\u00e9 Alioune Diop de Bambey ;<\/li>\n<\/ol>\n\n\n\n<ol class=\"wp-block-list\" start=\"193\">\n<li>Mamadou Moustapha SARR, Professeur titulaire, Neurologie, UIDT de Thi\u00e8s ;<\/li>\n<\/ol>\n\n\n\n<ol class=\"wp-block-list\" start=\"194\">\n<li>Moustapha NDIAYE, Professeur titulaire, Neurologie, FMPOS\/Universit\u00e9 Cheikh Anta Diop de Dakar ;<\/li>\n<\/ol>\n\n\n\n<ol class=\"wp-block-list\" start=\"195\">\n<li>Anna Marie DIAGNE, Linguiste, IFAN\/Universit\u00e9 Cheikh Anta Diop de Dakar ;<\/li>\n<\/ol>\n\n\n\n<ol class=\"wp-block-list\" start=\"196\">\n<li>El Hadji Abdoulaye SALL, Enseignant-chercheur, FLSH\/Universit\u00e9 Cheikh Anta Diop de Dakar ;<\/li>\n<\/ol>\n\n\n\n<ol class=\"wp-block-list\" start=\"197\">\n<li>Alassane DIEDHIOU, Professeur titulaire, Universit\u00e9 Assane Seck de Ziguinchor ;<\/li>\n<\/ol>\n\n\n\n<ol class=\"wp-block-list\" start=\"198\">\n<li>Adjaratou Dieynabou SOW, Professeur assimil\u00e9, Neurologie, CHNU FANN ;<\/li>\n<\/ol>\n\n\n\n<ol class=\"wp-block-list\" start=\"199\">\n<li>Alla MANGA, Charg\u00e9 de recherche, G\u00e9ographie, IFAN\/Universit\u00e9 Cheikh Anta Diop de Dakar ;<\/li>\n<\/ol>\n\n\n\n<ol class=\"wp-block-list\" start=\"200\">\n<li>Oumar SOW, Ma\u00eetre de conf\u00e9rences assimil\u00e9, Droit public, Universit\u00e9 Cheikh Anta Diop de Dakar ;<\/li>\n<\/ol>\n\n\n\n<ol class=\"wp-block-list\" start=\"201\">\n<li>Doudou DIOP, Charg\u00e9 de recherche assimil\u00e9, Botaniste, IFAN\/Universit\u00e9 Cheikh Anta Diop de Dakar ;<\/li>\n<\/ol>\n\n\n\n<ol class=\"wp-block-list\" start=\"202\">\n<li>Oumar DIA, Ma\u00eetre de conf\u00e9rences assimil\u00e9, Electrotechnique, ENSETP\/Universit\u00e9 Cheikh Anta Diop de Dakar ;<\/li>\n<\/ol>\n\n\n\n<ol class=\"wp-block-list\" start=\"203\">\n<li>Mari\u00e8me Soda DIOP-SENE, Professeur assimil\u00e9, agr\u00e9g\u00e9e de neurologie, FMPOS\/Universit\u00e9 Cheikh Anta Diop de Dakar ;<\/li>\n<\/ol>\n\n\n\n<ol class=\"wp-block-list\" start=\"204\">\n<li>Boubacar SOLLY, Docteur en g\u00e9ographie, Universit\u00e9 Assane Seck de Ziguinchor ;<\/li>\n<\/ol>\n\n\n\n<ol class=\"wp-block-list\" start=\"205\">\n<li>Amadou FALL, Professeur assimil\u00e9 \u00e0 la retraite, Histoire sociale, FASTEF\/Universit\u00e9 Cheikh Anta Diop de Dakar ;<\/li>\n<\/ol>\n\n\n\n<ol class=\"wp-block-list\" start=\"206\">\n<li>Ibrahima Demba DIONE, Ma\u00eetre de conf\u00e9rences titulaire, Sociologie, Universit\u00e9 Assane Seck de Ziguinchor ;<\/li>\n<\/ol>\n\n\n\n<ol class=\"wp-block-list\" start=\"207\">\n<li>Mohamed Ben Omar NDIAYE, Professeur titulaire des Universit\u00e9s, agr\u00e9g\u00e9 en Economie, Universit\u00e9 Cheikh Anta Diop de Dakar ;<\/li>\n<\/ol>\n\n\n\n<ol class=\"wp-block-list\" start=\"208\">\n<li>Abdou Karim Diagne DIAW, Professeur titulaire, Chimie, FST\/Universit\u00e9 Cheikh Anta Diop de Dakar&nbsp;;<\/li>\n<\/ol>\n\n\n\n<ol class=\"wp-block-list\" start=\"209\">\n<li>Oumar SY, Professeur titulaire, G\u00e9ographie, Universit\u00e9 Assane Seck de Ziguinchor ;<\/li>\n<\/ol>\n\n\n\n<ol class=\"wp-block-list\" start=\"210\">\n<li>Fatoumata HANE, Professeure assimil\u00e9e, Sociologie, Universit\u00e9 Assane Seck de Ziguinchor ;<\/li>\n<\/ol>\n\n\n\n<ol class=\"wp-block-list\" start=\"211\">\n<li>Cheikh Tidiane NDIAYE, Professeur, assimil\u00e9, agr\u00e9g\u00e9 en sciences \u00e9conomiques, Universit\u00e9 Gaston Berger de Saint-Louis ;<\/li>\n<\/ol>\n\n\n\n<ol class=\"wp-block-list\" start=\"212\">\n<li>Abdoulaye KONTE, Professeur titulaire, Sciences \u00e9conomiques, Universit\u00e9 Gaston Berger de Saint-Louis ;<\/li>\n<\/ol>\n\n\n\n<ol class=\"wp-block-list\" start=\"213\">\n<li>Ibrahima NDIAYE, Ma\u00eetre de conf\u00e9rences titulaire, Math\u00e9matiques, Universit\u00e9 Alioune Diop de Bambey ;<\/li>\n<\/ol>\n\n\n\n<ol class=\"wp-block-list\" start=\"214\">\n<li>Muhammad BA, Ma\u00eetre de conf\u00e9rences titulaire, Sciences \u00e9conomiques, Universit\u00e9 Gaston Berger de Saint-Louis ;<\/li>\n<\/ol>\n\n\n\n<ol class=\"wp-block-list\" start=\"215\">\n<li>Abou SENE, Docteur en Math\u00e9matiques, Universit\u00e9 Gaston Berger de Saint-Louis ;<\/li>\n<\/ol>\n\n\n\n<ol class=\"wp-block-list\" start=\"216\">\n<li>Alassane DIALLO, Ma\u00eetre de conf\u00e9rences en \u00e9conomie, Universit\u00e9 Amadou Moctar Mbow ;<\/li>\n<\/ol>\n\n\n\n<ol class=\"wp-block-list\" start=\"217\">\n<li>Abou SALL, Enseignant-chercheur, Droit priv\u00e9, Universit\u00e9 Cheikh Anta Diop de Dakar ;<\/li>\n<\/ol>\n\n\n\n<ol class=\"wp-block-list\" start=\"218\">\n<li>Abdoulaye NDIAYE, enseignant chercheur en Economie, New York University ;<\/li>\n<\/ol>\n\n\n\n<ol class=\"wp-block-list\" start=\"219\">\n<li>Aliou SENE, Ma\u00eetre de conf\u00e9rences assimil\u00e9, FASTEF\/Universit\u00e9 Cheikh Anta Diop de Dakar ;<\/li>\n<\/ol>\n\n\n\n<ol class=\"wp-block-list\" start=\"220\">\n<li>Ibra SENE, Associate Professor, Histoire,The College of Wooster, USA ;<\/li>\n<\/ol>\n\n\n\n<ol class=\"wp-block-list\" start=\"221\">\n<li>Malado AGNE, Ma\u00eetre de conf\u00e9rences assimil\u00e9, Droit public, Universit\u00e9 Cheikh Anta Diop de Dakar ;<\/li>\n<\/ol>\n\n\n\n<ol class=\"wp-block-list\" start=\"222\">\n<li>Khady GUEYE, Enseignante en Philosophie, membre de ResearchGate, Universit\u00e9 de Montr\u00e9al<\/li>\n<\/ol>\n","protected":false},"excerpt":{"rendered":"<p>L\u2019\u00e9ventuelle validation par les parlementaires d\u2019un projet de loi ayant pour objet l\u2019amnistie des infractions cons\u00e9cutives aux manifestations politiques interroge<\/p>\n","protected":false},"author":1,"featured_media":32035,"comment_status":"open","ping_status":"open","sticky":false,"template":"","format":"standard","meta":{"footnotes":""},"categories":[6],"tags":[],"class_list":["post-32034","post","type-post","status-publish","format-standard","has-post-thumbnail","hentry","category-politics"],"_links":{"self":[{"href":"https:\/\/dekkbi.com\/index.php?rest_route=\/wp\/v2\/posts\/32034","targetHints":{"allow":["GET"]}}],"collection":[{"href":"https:\/\/dekkbi.com\/index.php?rest_route=\/wp\/v2\/posts"}],"about":[{"href":"https:\/\/dekkbi.com\/index.php?rest_route=\/wp\/v2\/types\/post"}],"author":[{"embeddable":true,"href":"https:\/\/dekkbi.com\/index.php?rest_route=\/wp\/v2\/users\/1"}],"replies":[{"embeddable":true,"href":"https:\/\/dekkbi.com\/index.php?rest_route=%2Fwp%2Fv2%2Fcomments&post=32034"}],"version-history":[{"count":1,"href":"https:\/\/dekkbi.com\/index.php?rest_route=\/wp\/v2\/posts\/32034\/revisions"}],"predecessor-version":[{"id":32036,"href":"https:\/\/dekkbi.com\/index.php?rest_route=\/wp\/v2\/posts\/32034\/revisions\/32036"}],"wp:featuredmedia":[{"embeddable":true,"href":"https:\/\/dekkbi.com\/index.php?rest_route=\/wp\/v2\/media\/32035"}],"wp:attachment":[{"href":"https:\/\/dekkbi.com\/index.php?rest_route=%2Fwp%2Fv2%2Fmedia&parent=32034"}],"wp:term":[{"taxonomy":"category","embeddable":true,"href":"https:\/\/dekkbi.com\/index.php?rest_route=%2Fwp%2Fv2%2Fcategories&post=32034"},{"taxonomy":"post_tag","embeddable":true,"href":"https:\/\/dekkbi.com\/index.php?rest_route=%2Fwp%2Fv2%2Ftags&post=32034"}],"curies":[{"name":"wp","href":"https:\/\/api.w.org\/{rel}","templated":true}]}}