{"id":32031,"date":"2024-03-01T12:15:49","date_gmt":"2024-03-01T12:15:49","guid":{"rendered":"https:\/\/dekkbi.com\/?p=32031"},"modified":"2024-03-01T12:59:04","modified_gmt":"2024-03-01T12:59:04","slug":"attitude-des-greffiers-lors-de-laudition-de-ngagne-demba-toure-le-parquet-lance-des-poursuites","status":"publish","type":"post","link":"https:\/\/dekkbi.com\/?p=32031","title":{"rendered":"Attitude des greffiers lors de l\u2019audition de Ngagne Demba Tour\u00e9"},"content":{"rendered":"\n<p><strong>L\u2019attitude des greffiers durant l\u2019audition Ngagne Demba Tour\u00e9 face au juge d\u2019instruction du 2\u00e8me Cabinet aura des suites judiciaires. Le Parquet de Dakar a d\u00e9cid\u00e9 de lancer des poursuites contre les personnes d\u00e9j\u00e0 identifi\u00e9es pour outrage \u00e0 magistrat et voies de fait, entre autres.<\/strong><\/p>\n\n\n\n<p><strong>Par Bocar SAKHO \u2013&nbsp;<\/strong>Lors de l\u2019audition de Ngagne Demba Tour\u00e9 le 23 f\u00e9vier dernier, arr\u00eat\u00e9 apr\u00e8s son retour \u00abd\u2019exil\u00bb suite \u00e0 l\u2019application d\u2019un mandat d\u2019arr\u00eat lanc\u00e9 contre lui, le magistrat Mamadou Seck a \u00e9t\u00e9 conspu\u00e9 par des greffiers au Palais de justice de Dakar. Mais, ces actes ne vont pas certainement \u00eatre impunis. Le Parquet a d\u00e9cid\u00e9 de lancer des poursuites contre les personnes impliqu\u00e9es dans ces incidents qui ont \u00e9t\u00e9 document\u00e9s. Gr\u00e2ce \u00e0 des vid\u00e9os de surveillance et aussi des t\u00e9moins, les auteurs ont \u00e9t\u00e9 identifi\u00e9s et vont \u00eatre poursuivis pour outrage \u00e0 magistrat, voies de fait et autres actes de vandalisme.<\/p>\n\n\n\n<p>Le jour de l\u2019audition tr\u00e8s tendu de Me Tour\u00e9, le juge d\u2019instruction du deuxi\u00e8me Cabinet a \u00e9t\u00e9 chahut\u00e9 par des greffiers qui s\u2019opposaient \u00e0 l\u2019audition de leur confr\u00e8re. En signe de protestations de l\u2019arrestation du coordonnateur de la Jps, la plupart des membres des structures qui regroupent les syndicats des travailleurs de la Justice (Sytjust) et l\u2019Amicale des greffiers du S\u00e9n\u00e9gal se sont rassembl\u00e9s devant le bureau de Mamadou Seck, qui a eu une audition houleuse avec Ngagne D. Tour\u00e9. En outre, des proc\u00e8s qui se tenaient dans certaines salles d\u2019audience ont \u00e9t\u00e9 perturb\u00e9s par des travailleurs de la Justice en col\u00e8re. Il a fallu l\u2019intervention de la gendarmerie pour les \u00e9vacuer, afin de permettre la reprise du jugement des affaires inscrites au r\u00f4le. Sans les avocats, il y aurait m\u00eame eu des coups de poing dans le bureau du juge Seck.<\/p>\n\n\n\n<p>Cette situation avait passablement agac\u00e9 l\u2019Union des magistrats s\u00e9n\u00e9galais (Ums), qui avait condamn\u00e9 une \u00abimpardonnable forfaiture\u00bb. Elle avait d\u00e9nonc\u00e9 que \u00abdes greffiers se sont permis de se rassembler, de prononcer des insanit\u00e9s \u00e0 l\u2019endroit des magistrats de fa\u00e7on g\u00e9n\u00e9rale ainsi que des propos outrageants contre le juge dudit cabinet, sur lequel ils ont exerc\u00e9 une pression inou\u00efe\u00bb. Pour elle, ces actes pos\u00e9s \u00abne sauraient rester sans cons\u00e9quence au vu de leur gravit\u00e9\u00bb, car \u00abnul n\u2019est au-dessus des lois, pas m\u00eame les acteurs de la Justice\u00bb.<\/p>\n\n\n\n<p>Le greffier Me Ngagne Demba Tour\u00e9 a \u00e9t\u00e9 plac\u00e9 sous mandat de d\u00e9p\u00f4t jeudi 23 f\u00e9vrier dernier. Il est poursuivi pour \u00abassociation de malfaiteurs en rapport avec une entreprise terroriste, offense au chef de l\u2019Etat, atteinte \u00e0 l\u2019autorit\u00e9 de la Justice, outrage \u00e0 magistrat, actes de nature \u00e0 compromettre la s\u00e9curit\u00e9 publique ou ayant entra\u00een\u00e9 des troubles politiques graves\u00bb. L\u2019arrestation du jeune responsable de l\u2019ex-parti Pastef par la Division des investigations criminelles (Dic) puis son transf\u00e8rement \u00e0 la prison de Rebeuss s\u2019inscrivent dans le cadre de l\u2019ex\u00e9cution d\u2019un mandat d\u2019arr\u00eat que lui a d\u00e9cern\u00e9 la Justice s\u00e9n\u00e9galaise. Il faut noter que Me Tour\u00e9, \u00aben exil\u00bb au Mali depuis 6 mois, a fait son retour au S\u00e9n\u00e9gal au moment o\u00f9 s\u2019op\u00e8re une s\u00e9rie de lib\u00e9rations de d\u00e9tenus arr\u00eat\u00e9s dans le cadre des violentes manifestations de 2021 et 2023.<\/p>\n\n\n\n<p><br><strong>bsakho@lequotidien.sn<\/strong><\/p>\n","protected":false},"excerpt":{"rendered":"<p>L\u2019attitude des greffiers durant l\u2019audition Ngagne Demba Tour\u00e9 face au juge d\u2019instruction du 2\u00e8me Cabinet aura des suites judiciaires. Le<\/p>\n","protected":false},"author":1,"featured_media":17105,"comment_status":"open","ping_status":"open","sticky":false,"template":"","format":"standard","meta":{"footnotes":""},"categories":[26],"tags":[],"class_list":["post-32031","post","type-post","status-publish","format-standard","has-post-thumbnail","hentry","category-fait-divers"],"_links":{"self":[{"href":"https:\/\/dekkbi.com\/index.php?rest_route=\/wp\/v2\/posts\/32031","targetHints":{"allow":["GET"]}}],"collection":[{"href":"https:\/\/dekkbi.com\/index.php?rest_route=\/wp\/v2\/posts"}],"about":[{"href":"https:\/\/dekkbi.com\/index.php?rest_route=\/wp\/v2\/types\/post"}],"author":[{"embeddable":true,"href":"https:\/\/dekkbi.com\/index.php?rest_route=\/wp\/v2\/users\/1"}],"replies":[{"embeddable":true,"href":"https:\/\/dekkbi.com\/index.php?rest_route=%2Fwp%2Fv2%2Fcomments&post=32031"}],"version-history":[{"count":3,"href":"https:\/\/dekkbi.com\/index.php?rest_route=\/wp\/v2\/posts\/32031\/revisions"}],"predecessor-version":[{"id":32039,"href":"https:\/\/dekkbi.com\/index.php?rest_route=\/wp\/v2\/posts\/32031\/revisions\/32039"}],"wp:featuredmedia":[{"embeddable":true,"href":"https:\/\/dekkbi.com\/index.php?rest_route=\/wp\/v2\/media\/17105"}],"wp:attachment":[{"href":"https:\/\/dekkbi.com\/index.php?rest_route=%2Fwp%2Fv2%2Fmedia&parent=32031"}],"wp:term":[{"taxonomy":"category","embeddable":true,"href":"https:\/\/dekkbi.com\/index.php?rest_route=%2Fwp%2Fv2%2Fcategories&post=32031"},{"taxonomy":"post_tag","embeddable":true,"href":"https:\/\/dekkbi.com\/index.php?rest_route=%2Fwp%2Fv2%2Ftags&post=32031"}],"curies":[{"name":"wp","href":"https:\/\/api.w.org\/{rel}","templated":true}]}}