{"id":32028,"date":"2024-03-01T12:13:55","date_gmt":"2024-03-01T12:13:55","guid":{"rendered":"https:\/\/dekkbi.com\/?p=32028"},"modified":"2024-03-01T12:13:55","modified_gmt":"2024-03-01T12:13:55","slug":"coordination-des-actions-sociales-des-emirats-arabes-unies-au-senegal-la-haute-autorite-du-waqf-en-piste","status":"publish","type":"post","link":"https:\/\/dekkbi.com\/?p=32028","title":{"rendered":"Coordination des actions sociales des \u00e9mirats arabes unies au S\u00e9n\u00e9gal : la Haute Autorit\u00e9 du Waqf en piste"},"content":{"rendered":"\n<p>A quelques jours du d\u00e9but du Ramadan, le\u00a0 S\u00e9n\u00e9gal et les Emirats Arabes Unis ont sign\u00e9 un accord vers une coordination des actions sociales des Emirats Arabes Unies au S\u00e9n\u00e9gal par la Haute Autorit\u00e9 du Waqf. La Haute Autorit\u00e9 du Waqf (HAW) a eu le privil\u00e8ge de recevoir la visite du Charg\u00e9 d\u2019Affaires de l\u2019Ambassade des (EAU) \u00e0 Dakar, le mercredi 28 f\u00e9vrier 2024.<\/p>\n\n\n\n<p> Mohamed Ali bin Aylan Al Shamsi a \u00e9t\u00e9 accueilli par le Pr\u00e9sident de la Commission de Supervision M. El Hadji Amar L\u00f4 et le Directeur g\u00e9n\u00e9ral M. Racine Ba. Lors de cette visite de courtoisie, souligne la note, Mohamed Ali bin Aylan Al Shamsi s\u2019est dit \u00ab\u00a0honor\u00e9 d\u2019\u00eatre re\u00e7u par la HAW. Saluant l\u2019excellence des relations entre le S\u00e9n\u00e9gal et les EAU, il s\u2019est engag\u00e9 \u00e0 ne m\u00e9nager aucun effort pour consolider ces liens et les approfondir\u00a0\u00bb. <\/p>\n\n\n\n<p>C\u2019est dans ce cadre,\u00a0 qu\u2019il a propos\u00e9 \u00ab\u00a0une harmonisation des actions des organisations caritatives \u00e9miraties, pour qu\u2019elles aient plus d\u2019impact et de visibilit\u00e9\u00a0\u00bb, peut-on lire sur le communiqu\u00e9 transmis \u00e0 la presse. Pour ce faire, poursuit le document, \u00ab\u00a0les deux parties ont retenu une coordination assur\u00e9e par la Haute Autorit\u00e9 du Waqf (HAW)\u00a0\u00bb. En outre, indique le communiqu\u00e9, \u00ab\u00a0la HAW sera associ\u00e9e aux actions sociales de l\u2019Ambassade des EAU \u00e0 Dakar, en particulier ses \u0153uvres de solidarit\u00e9 pr\u00e9vues cette ann\u00e9e au mois de Ramadan\u00a0\u00bb.<\/p>\n\n\n\n<p><strong>BARTHELEMY COLY (STAGIAIRE)&nbsp;<\/strong><\/p>\n","protected":false},"excerpt":{"rendered":"<p>A quelques jours du d\u00e9but du Ramadan, le\u00a0 S\u00e9n\u00e9gal et les Emirats Arabes Unis ont sign\u00e9 un accord vers une<\/p>\n","protected":false},"author":1,"featured_media":32029,"comment_status":"open","ping_status":"open","sticky":false,"template":"","format":"standard","meta":{"footnotes":""},"categories":[21],"tags":[],"class_list":["post-32028","post","type-post","status-publish","format-standard","has-post-thumbnail","hentry","category-societe"],"_links":{"self":[{"href":"https:\/\/dekkbi.com\/index.php?rest_route=\/wp\/v2\/posts\/32028","targetHints":{"allow":["GET"]}}],"collection":[{"href":"https:\/\/dekkbi.com\/index.php?rest_route=\/wp\/v2\/posts"}],"about":[{"href":"https:\/\/dekkbi.com\/index.php?rest_route=\/wp\/v2\/types\/post"}],"author":[{"embeddable":true,"href":"https:\/\/dekkbi.com\/index.php?rest_route=\/wp\/v2\/users\/1"}],"replies":[{"embeddable":true,"href":"https:\/\/dekkbi.com\/index.php?rest_route=%2Fwp%2Fv2%2Fcomments&post=32028"}],"version-history":[{"count":1,"href":"https:\/\/dekkbi.com\/index.php?rest_route=\/wp\/v2\/posts\/32028\/revisions"}],"predecessor-version":[{"id":32030,"href":"https:\/\/dekkbi.com\/index.php?rest_route=\/wp\/v2\/posts\/32028\/revisions\/32030"}],"wp:featuredmedia":[{"embeddable":true,"href":"https:\/\/dekkbi.com\/index.php?rest_route=\/wp\/v2\/media\/32029"}],"wp:attachment":[{"href":"https:\/\/dekkbi.com\/index.php?rest_route=%2Fwp%2Fv2%2Fmedia&parent=32028"}],"wp:term":[{"taxonomy":"category","embeddable":true,"href":"https:\/\/dekkbi.com\/index.php?rest_route=%2Fwp%2Fv2%2Fcategories&post=32028"},{"taxonomy":"post_tag","embeddable":true,"href":"https:\/\/dekkbi.com\/index.php?rest_route=%2Fwp%2Fv2%2Ftags&post=32028"}],"curies":[{"name":"wp","href":"https:\/\/api.w.org\/{rel}","templated":true}]}}