{"id":31987,"date":"2024-02-28T21:59:47","date_gmt":"2024-02-28T21:59:47","guid":{"rendered":"https:\/\/dekkbi.com\/?p=31987"},"modified":"2024-02-28T21:59:47","modified_gmt":"2024-02-28T21:59:47","slug":"etat-de-sante-de-la-detenue-amy-dia-la-requete-des-patriotes-a-macky-et-ats","status":"publish","type":"post","link":"https:\/\/dekkbi.com\/?p=31987","title":{"rendered":"Etat de sant\u00e9 de la d\u00e9tenue Amy Dia : La requ\u00eate des \u00abPatriotes\u00bb \u00e0 Macky et ATS"},"content":{"rendered":"\n<p>Incarc\u00e9r\u00e9e depuis juillet 2022 dans l\u2019affaire de la \u00abForce sp\u00e9ciale\u00bb, Amy Dia, membre \u00e9minent de l\u2019ex-Pastef, a connu un \u00e9pisode de malaise en d\u00e9tention. Dans l\u2019optique de la voir lib\u00e9r\u00e9e, \u00e0 l\u2019instar d\u2019autres d\u00e9tenus r\u00e9cemment \u00e9largis, le pr\u00e9sident de la commission communication de l\u2019ex-Pastef \u00e0 Gu\u00e9diawaye, Dabakh Zoumarou, a formul\u00e9 une requ\u00eate au Pr\u00e9sident Macky Sall et \u00e0 la ministre de la Justice, A\u00efssata Tall Sall.Par Ousmane SOW \u2013 Dans une lettre poignante adress\u00e9e directement au Pr\u00e9sident Macky Sall, ainsi qu\u2019\u00e0 la ministre de la Justice, A\u00efssata Tall Sall, Dabakh Zoumarou, porte-parole de l\u2019ex-parti Pastef \u00e0 Gu\u00e9diawaye, a exprim\u00e9 une profonde inqui\u00e9tude quant \u00e0 la situation de sant\u00e9 de Amy Dia, incarc\u00e9r\u00e9e depuis juillet 2022 dans le cadre de l\u2019affaire de la \u00abForce sp\u00e9ciale\u00bb. \u00abJe vous adresse cet appel avec une profonde pr\u00e9occupation concernant la situation de Amy Dia, une citoyenne de Gu\u00e9diawaye qui endure injustement plus d\u2019un an de d\u00e9tention.<\/p>\n\n\n\n<p> Son r\u00e9cent malaise et son admission \u00e0 l\u2019h\u00f4pital Abbas Ndao soulignent l\u2019urgence de cette demande de lib\u00e9ration imm\u00e9diate\u00bb, a \u00e9crit Dabakh Zoumarou. Dans sa lettre, Zoumarou ne manque pas aussi de souligner le r\u00f4le central qu\u2019occupe Amy Dia au sein de sa communaut\u00e9, saluant son d\u00e9vouement et sa g\u00e9n\u00e9rosit\u00e9. \u00abAmy Dia est bien plus qu\u2019une simple habitante de Gu\u00e9diawaye.<\/p>\n\n\n\n<p> Elle est un pilier de notre communaut\u00e9, elle est reconnue pour son d\u00e9vouement envers ses concitoyens et sa g\u00e9n\u00e9rosit\u00e9 sans faille. Son arrestation, bas\u00e9e sur des accusations infond\u00e9es, est une grave injustice qui doit \u00eatre corrig\u00e9e sans d\u00e9lai\u00bb, a-t-il assur\u00e9.La missive exhorte le Pr\u00e9sident Macky Sall et la ministre A\u00efssata Tall Sall \u00e0 agir sans d\u00e9lai pour mettre fin \u00e0 cette situation d\u2019injustice.<\/p>\n\n\n\n<p> Le pr\u00e9sident de la commission communication de l\u2019ex-parti Pastef \u00e0 Gu\u00e9diawaye insiste sur le fait que Amy Dia, une figure respect\u00e9e et appr\u00e9ci\u00e9e, m\u00e9rite d\u2019\u00eatre r\u00e9unie avec sa famille et sa communaut\u00e9. Il souligne \u00e9galement que \u00abchaque jour pass\u00e9 en d\u00e9tention constitue une atteinte \u00e0 ses droits fondamentaux et une douleur pour ceux qui la connaissent et l\u2019appr\u00e9cient\u00bb.<\/p>\n\n\n\n<p> La lettre conclut sur une demande pressante d\u2019action imm\u00e9diate de la part des autorit\u00e9s, r\u00e9affirmant la d\u00e9termination de l\u2019ex-parti Pastef \u00e0 lutter pour la justice et la dignit\u00e9 de tous les citoyens, quel que soit leur statut. \u00abNous vous demandons instamment de prendre les mesures n\u00e9cessaires pour r\u00e9tablir l\u2019int\u00e9grit\u00e9 et la dignit\u00e9 de Amy Dia. Nous ne cesserons de r\u00e9clamer justice tant que cette affaire ne sera pas r\u00e9solue\u00bb, exhorte Dabakh Zoumarou.<\/p>\n","protected":false},"excerpt":{"rendered":"<p>Incarc\u00e9r\u00e9e depuis juillet 2022 dans l\u2019affaire de la \u00abForce sp\u00e9ciale\u00bb, Amy Dia, membre \u00e9minent de l\u2019ex-Pastef, a connu un \u00e9pisode<\/p>\n","protected":false},"author":1,"featured_media":31988,"comment_status":"open","ping_status":"open","sticky":false,"template":"","format":"standard","meta":{"footnotes":""},"categories":[26],"tags":[],"class_list":["post-31987","post","type-post","status-publish","format-standard","has-post-thumbnail","hentry","category-fait-divers"],"_links":{"self":[{"href":"https:\/\/dekkbi.com\/index.php?rest_route=\/wp\/v2\/posts\/31987","targetHints":{"allow":["GET"]}}],"collection":[{"href":"https:\/\/dekkbi.com\/index.php?rest_route=\/wp\/v2\/posts"}],"about":[{"href":"https:\/\/dekkbi.com\/index.php?rest_route=\/wp\/v2\/types\/post"}],"author":[{"embeddable":true,"href":"https:\/\/dekkbi.com\/index.php?rest_route=\/wp\/v2\/users\/1"}],"replies":[{"embeddable":true,"href":"https:\/\/dekkbi.com\/index.php?rest_route=%2Fwp%2Fv2%2Fcomments&post=31987"}],"version-history":[{"count":1,"href":"https:\/\/dekkbi.com\/index.php?rest_route=\/wp\/v2\/posts\/31987\/revisions"}],"predecessor-version":[{"id":31989,"href":"https:\/\/dekkbi.com\/index.php?rest_route=\/wp\/v2\/posts\/31987\/revisions\/31989"}],"wp:featuredmedia":[{"embeddable":true,"href":"https:\/\/dekkbi.com\/index.php?rest_route=\/wp\/v2\/media\/31988"}],"wp:attachment":[{"href":"https:\/\/dekkbi.com\/index.php?rest_route=%2Fwp%2Fv2%2Fmedia&parent=31987"}],"wp:term":[{"taxonomy":"category","embeddable":true,"href":"https:\/\/dekkbi.com\/index.php?rest_route=%2Fwp%2Fv2%2Fcategories&post=31987"},{"taxonomy":"post_tag","embeddable":true,"href":"https:\/\/dekkbi.com\/index.php?rest_route=%2Fwp%2Fv2%2Ftags&post=31987"}],"curies":[{"name":"wp","href":"https:\/\/api.w.org\/{rel}","templated":true}]}}