{"id":31957,"date":"2024-02-28T20:52:46","date_gmt":"2024-02-28T20:52:46","guid":{"rendered":"https:\/\/dekkbi.com\/?p=31957"},"modified":"2024-02-28T20:52:46","modified_gmt":"2024-02-28T20:52:46","slug":"france-le-senat-approuve-linscription-de-livg-dans-la-constitution-le-parlement-en-congres-lundi","status":"publish","type":"post","link":"https:\/\/dekkbi.com\/?p=31957","title":{"rendered":"France: le S\u00e9nat approuve l&rsquo;inscription de l&rsquo;IVG dans la Constitution, le Parlement en Congr\u00e8s lundi"},"content":{"rendered":"\n<p>L&rsquo;inscription de l&rsquo;IVG dans la Constitution fran\u00e7aise a franchi ce mercredi 28 f\u00e9vrier son \u00e9tape la plus d\u00e9licate au Parlement avec le vote favorable du S\u00e9nat, \u00e9vacuant les derniers doutes entourant l&rsquo;adoption d\u00e9finitive de cette r\u00e9forme. Le Congr\u00e8s sera convoqu\u00e9 d\u00e8s lundi \u00e0 Versailles, a annonc\u00e9 Emmanuel Macron.<\/p>\n\n\n\n<p>Malgr\u00e9 les r\u00e9ticences de certains s\u00e9nateurs de la droite et du centre, majoritaires \u00e0 la Chambre haute du Parlement, l&rsquo;h\u00e9micycle s&rsquo;est prononc\u00e9 en faveur d&rsquo;une \u00ab libert\u00e9 garantie \u00bb \u00e0 l&rsquo;interruption volontaire de grossesse, sans modifier le texte du gouvernement, malgr\u00e9 de longs d\u00e9bats s\u00e9mantiques. Emmanuel Macron a imm\u00e9diatement convoqu\u00e9 le Congr\u00e8s des deux chambres du Parlement lundi 4 mars, ultime \u00e9tape du chemin parlementaire de la r\u00e9vision, saluant \u00ab un pas d\u00e9cisif \u00bb apr\u00e8s le vote du S\u00e9nat.La r\u00e9vision constitutionnelle, d\u00e9j\u00e0 adopt\u00e9e \u00e0 la quasi-unanimit\u00e9 par l&rsquo;Assembl\u00e9e nationale, a re\u00e7u le soutien de 267 voix contre 50 au palais du Luxembourg, apr\u00e8s plus de trois heures de discussions parfois agit\u00e9es dans cet h\u00e9micycle habituellement tr\u00e8s apais\u00e9. \u00ab Le S\u00e9nat a \u00e9crit une nouvelle page du droit des femmes \u00bb, a savour\u00e9 le ministre de la Justice \u00c9ric Dupond-Moretti, qui assure que la France serait \u00ab le premier pays au monde \u00bb \u00e0 prot\u00e9ger l&rsquo;avortement dans son texte fondamental.\u00ab C&rsquo;est une victoire f\u00e9ministe immense \u00bb, a r\u00e9agi la s\u00e9natrice \u00e9cologiste M\u00e9lanie Vogel, saluant \u00ab une avanc\u00e9e majeure \u00bb et \u00ab un message envoy\u00e9 aux f\u00e9ministes du monde entier \u00bb. De nombreux s\u00e9nateurs de gauche ont d\u00e9crit dans l&rsquo;h\u00e9micycle leur \u00ab \u00e9motion \u00bb devant un moment \u00ab fort \u00bb et \u00ab grisant \u00bb. \u00ab Nous \u00e9crivons l&rsquo;Histoire \u00bb, a rench\u00e9ri sur X la cheffe de file des d\u00e9put\u00e9s LFI, Mathilde Panot.Congr\u00e8s \u00e0 Versailles<\/p>\n\n\n\n<p>Le long chemin vers la constitutionnalisation, pl\u00e9biscit\u00e9e par la gauche, l&rsquo;opinion publique et les associations de d\u00e9fense des droits des femmes, va d\u00e9sormais pouvoir aboutir au Congr\u00e8s lundi. \u00c0 quatre jours du 8 mars, Journ\u00e9e internationale du droit des femmes, cette date sera tr\u00e8s symbolique. Une majorit\u00e9 des trois cinqui\u00e8mes sera n\u00e9cessaire dans la prestigieuse salle du Congr\u00e8s du ch\u00e2teau des Yvelines pour une adoption d\u00e9finitive, mais elle ne fait aucun doute au vu des votes successifs des deux assembl\u00e9es.<\/p>\n\n\n\n<p>Le Congr\u00e8s a \u00e9t\u00e9 r\u00e9uni \u00e0 deux reprises depuis l&rsquo;arriv\u00e9e au pouvoir d&rsquo;Emmanuel Macron : en 2017 et 2018, \u00e0 chaque fois en juillet. Le pr\u00e9sident de la R\u00e9publique avait fix\u00e9 les grandes lignes de sa politique devant la repr\u00e9sentation nationale. La derni\u00e8re r\u00e9vision constitutionnelle, elle, remonte \u00e0 2008. Face \u00e0 la remise en cause du droit \u00e0 l&rsquo;avortement aux \u00c9tats-Unis et dans certains pays d&rsquo;Europe, l&rsquo;ex\u00e9cutif avait fait de cette r\u00e9forme l&rsquo;une de ses priorit\u00e9s, aboutissant \u00e0 un texte de compromis malgr\u00e9 son absence de majorit\u00e9 dans les deux chambres. SOUR RFI<\/p>\n","protected":false},"excerpt":{"rendered":"<p>L&rsquo;inscription de l&rsquo;IVG dans la Constitution fran\u00e7aise a franchi ce mercredi 28 f\u00e9vrier son \u00e9tape la plus d\u00e9licate au Parlement<\/p>\n","protected":false},"author":1,"featured_media":30743,"comment_status":"open","ping_status":"open","sticky":false,"template":"","format":"standard","meta":{"footnotes":""},"categories":[51],"tags":[],"class_list":["post-31957","post","type-post","status-publish","format-standard","has-post-thumbnail","hentry","category-general"],"_links":{"self":[{"href":"https:\/\/dekkbi.com\/index.php?rest_route=\/wp\/v2\/posts\/31957","targetHints":{"allow":["GET"]}}],"collection":[{"href":"https:\/\/dekkbi.com\/index.php?rest_route=\/wp\/v2\/posts"}],"about":[{"href":"https:\/\/dekkbi.com\/index.php?rest_route=\/wp\/v2\/types\/post"}],"author":[{"embeddable":true,"href":"https:\/\/dekkbi.com\/index.php?rest_route=\/wp\/v2\/users\/1"}],"replies":[{"embeddable":true,"href":"https:\/\/dekkbi.com\/index.php?rest_route=%2Fwp%2Fv2%2Fcomments&post=31957"}],"version-history":[{"count":1,"href":"https:\/\/dekkbi.com\/index.php?rest_route=\/wp\/v2\/posts\/31957\/revisions"}],"predecessor-version":[{"id":31958,"href":"https:\/\/dekkbi.com\/index.php?rest_route=\/wp\/v2\/posts\/31957\/revisions\/31958"}],"wp:featuredmedia":[{"embeddable":true,"href":"https:\/\/dekkbi.com\/index.php?rest_route=\/wp\/v2\/media\/30743"}],"wp:attachment":[{"href":"https:\/\/dekkbi.com\/index.php?rest_route=%2Fwp%2Fv2%2Fmedia&parent=31957"}],"wp:term":[{"taxonomy":"category","embeddable":true,"href":"https:\/\/dekkbi.com\/index.php?rest_route=%2Fwp%2Fv2%2Fcategories&post=31957"},{"taxonomy":"post_tag","embeddable":true,"href":"https:\/\/dekkbi.com\/index.php?rest_route=%2Fwp%2Fv2%2Ftags&post=31957"}],"curies":[{"name":"wp","href":"https:\/\/api.w.org\/{rel}","templated":true}]}}