{"id":31949,"date":"2024-02-28T14:15:05","date_gmt":"2024-02-28T14:15:05","guid":{"rendered":"https:\/\/dekkbi.com\/?p=31949"},"modified":"2024-02-28T14:15:06","modified_gmt":"2024-02-28T14:15:06","slug":"la-controverse-autour-de-lexclusion-de-laffaire-adji-sarr-ousmane-sonko-de-la-loi-damnistie-silence-deals-et-position-des-deputes-pro-sonko","status":"publish","type":"post","link":"https:\/\/dekkbi.com\/?p=31949","title":{"rendered":"La Controverse Autour de l&rsquo;Exclusion de l&rsquo;Affaire Adji Sarr &#8211; Ousmane Sonko de la Loi d&rsquo;Amnistie : Silence, Deals et Position des D\u00e9put\u00e9s Pro-Sonko\u00a0\u00bb"},"content":{"rendered":"\n<h3 class=\"wp-block-heading\">Le r\u00e9cent dialogue politique au S\u00e9n\u00e9gal a mis en lumi\u00e8re une controverse majeure li\u00e9e \u00e0 la proposition de loi d&rsquo;amnistie annonc\u00e9e par le pr\u00e9sident Macky Sall. Cette loi devrait couvrir les \u00e9v\u00e9nements survenus entre 2021 et 2024, mais le ministre des Affaires \u00e9trang\u00e8res, Ismaila Madior Fall, a pr\u00e9cis\u00e9 que l&rsquo;affaire Adji Sarr &#8211; Ousmane Sonko ne serait pas incluse, malgr\u00e9 son occurrence dans cette p\u00e9riode.<\/h3>\n\n\n\n<p><strong>Le Contenu de la Loi d&rsquo;Amnistie :<br><\/strong>Selon Ismaila Madior Fall, la loi d&rsquo;amnistie cible sp\u00e9cifiquement les faits li\u00e9s aux manifestations, excluant ainsi des affaires telles que celle impliquant Ousmane Sonko et Adji Sarr. Cependant, cette exclusion a suscit\u00e9 des interrogations et des inqui\u00e9tudes quant \u00e0 la transparence et \u00e0 l&rsquo;\u00e9quit\u00e9 de cette d\u00e9marche.<\/p>\n\n\n\n<p><strong>Silence de l&rsquo;Ex-PAstef de Ousmane Sonko :<br><\/strong>Un aspect intrigant de cette situation est le silence apparent de l&rsquo;ex-PAstef (personnel de s\u00e9curit\u00e9 et de travail du pr\u00e9sident) d&rsquo;Ousmane Sonko. Les observateurs se demandent s&rsquo;il y a un accord tacite entre Sonko et les autorit\u00e9s, justifiant le mutisme de ses partisans sur la question de l&rsquo;amnistie. Cette absence de d\u00e9claration pourrait \u00eatre interpr\u00e9t\u00e9e comme une strat\u00e9gie politique ou, au contraire, comme un signe d&rsquo;un possible accord en coulisses.<\/p>\n\n\n\n<p><strong>Deal ou Pas de Deal :<br><\/strong>La question centrale qui pr\u00e9occupe de nombreux citoyens est de savoir si un accord a \u00e9t\u00e9 conclu entre Ousmane Sonko et le gouvernement. Les sp\u00e9culations vont bon train, certains sugg\u00e9rant un compromis politique tandis que d&rsquo;autres consid\u00e8rent que l&rsquo;exclusion de l&rsquo;affaire Adji Sarr &#8211; Ousmane Sonko de la loi d&rsquo;amnistie est une mesure l\u00e9gitime pour garantir une justice \u00e9quitable.<\/p>\n\n\n\n<p><strong>Position des D\u00e9put\u00e9s Pro-Sonko \u00e0 l&rsquo;Assembl\u00e9e Nationale :<br><\/strong>Une autre dimension importante de cette controverse concerne la position des d\u00e9put\u00e9s pro-Sonko \u00e0 l&rsquo;Assembl\u00e9e nationale. La question de savoir s&rsquo;ils voteront contre l&rsquo;amnistie des manifestants, en signe de protestation contre l&rsquo;exclusion de l&rsquo;affaire Sonko de la loi, demeure incertaine. Cela pourrait avoir des r\u00e9percussions significatives sur le climat politique du pays.<\/p>\n\n\n\n<p>La controverse autour de l&rsquo;exclusion de l&rsquo;affaire Adji Sarr &#8211; Ousmane Sonko de la loi d&rsquo;amnistie soul\u00e8ve des questions cruciales sur la justice, la transparence et la politique au S\u00e9n\u00e9gal. Le silence de l&rsquo;ex-PAstef, les sp\u00e9culations sur un \u00e9ventuel accord, et la position des d\u00e9put\u00e9s pro-Sonko ajoutent des nuances complexes \u00e0 cette situation d\u00e9j\u00e0 d\u00e9licate. Les prochains d\u00e9veloppements seront cruciaux pour comprendre pleinement les enjeux et les motivations qui entourent cette d\u00e9cision gouvernementale.<\/p>\n\n\n\n<p>Leral.net<\/p>\n","protected":false},"excerpt":{"rendered":"<p>Le r\u00e9cent dialogue politique au S\u00e9n\u00e9gal a mis en lumi\u00e8re une controverse majeure li\u00e9e \u00e0 la proposition de loi d&rsquo;amnistie<\/p>\n","protected":false},"author":1,"featured_media":31830,"comment_status":"open","ping_status":"open","sticky":false,"template":"","format":"standard","meta":{"footnotes":""},"categories":[6],"tags":[],"class_list":["post-31949","post","type-post","status-publish","format-standard","has-post-thumbnail","hentry","category-politics"],"_links":{"self":[{"href":"https:\/\/dekkbi.com\/index.php?rest_route=\/wp\/v2\/posts\/31949","targetHints":{"allow":["GET"]}}],"collection":[{"href":"https:\/\/dekkbi.com\/index.php?rest_route=\/wp\/v2\/posts"}],"about":[{"href":"https:\/\/dekkbi.com\/index.php?rest_route=\/wp\/v2\/types\/post"}],"author":[{"embeddable":true,"href":"https:\/\/dekkbi.com\/index.php?rest_route=\/wp\/v2\/users\/1"}],"replies":[{"embeddable":true,"href":"https:\/\/dekkbi.com\/index.php?rest_route=%2Fwp%2Fv2%2Fcomments&post=31949"}],"version-history":[{"count":1,"href":"https:\/\/dekkbi.com\/index.php?rest_route=\/wp\/v2\/posts\/31949\/revisions"}],"predecessor-version":[{"id":31950,"href":"https:\/\/dekkbi.com\/index.php?rest_route=\/wp\/v2\/posts\/31949\/revisions\/31950"}],"wp:featuredmedia":[{"embeddable":true,"href":"https:\/\/dekkbi.com\/index.php?rest_route=\/wp\/v2\/media\/31830"}],"wp:attachment":[{"href":"https:\/\/dekkbi.com\/index.php?rest_route=%2Fwp%2Fv2%2Fmedia&parent=31949"}],"wp:term":[{"taxonomy":"category","embeddable":true,"href":"https:\/\/dekkbi.com\/index.php?rest_route=%2Fwp%2Fv2%2Fcategories&post=31949"},{"taxonomy":"post_tag","embeddable":true,"href":"https:\/\/dekkbi.com\/index.php?rest_route=%2Fwp%2Fv2%2Ftags&post=31949"}],"curies":[{"name":"wp","href":"https:\/\/api.w.org\/{rel}","templated":true}]}}