{"id":31944,"date":"2024-02-28T14:11:42","date_gmt":"2024-02-28T14:11:42","guid":{"rendered":"https:\/\/dekkbi.com\/?p=31944"},"modified":"2024-02-28T14:15:23","modified_gmt":"2024-02-28T14:15:23","slug":"projet-de-loi-damnistie-generale-le-forum-civil-demande-des-enquetes-transparentes-independantes-et-approfondies","status":"publish","type":"post","link":"https:\/\/dekkbi.com\/?p=31944","title":{"rendered":"Projet de loi d\u2019amnistie g\u00e9n\u00e9rale: le Forum Civil demande des enqu\u00eates transparentes, ind\u00e9pendantes et approfondies"},"content":{"rendered":"\n<p>Dans son discours d\u2019ouverture du dialogue national qu\u2019il a lanc\u00e9 avant-hier, lundi 26 f\u00e9vrier 2024, \u00e0 Diamniadio, le pr\u00e9sident de la R\u00e9publique affirme que, \u00abdans un esprit de r\u00e9conciliation nationale\u00bb, il va saisir \u00abl\u2019Assembl\u00e9e nationale d\u2019un projet de loi d\u2019Amnistie g\u00e9n\u00e9rale sur des faits se rapportant aux manifestations politiques survenues entre 2021 et 2024\u00bb, souligne le Forum civil dans un communiqu\u00e9, parcouru par SudQuotidien.<\/p>\n\n\n\n<p>Le Forum civil rappelle que l\u2019impact d\u2019une r\u00e9conciliation nationale durable et consensuelle doit reposer sur la v\u00e9rit\u00e9 et la justice. \u00abUne r\u00e9conciliation pr\u00e9fabriqu\u00e9e ou arrang\u00e9e, m\u00eame rev\u00eatue du voile de la l\u00e9galit\u00e9, ne g\u00e9n\u00e8rera que de la haine, du ressentiment, de l\u2019incompr\u00e9hension gros de risques pour l\u2019unit\u00e9 nationale. Les S\u00e9n\u00e9galais ont besoin de conna\u00eetre la v\u00e9rit\u00e9, en situant les responsabilit\u00e9s sur les atrocit\u00e9s que des citoyens ont subies durant les \u00e9v\u00e9nements survenus entre 2021 et 2024\u00bb, peut-on lire dans le document, relate le journal.<\/p>\n\n\n\n<p>Durant cette p\u00e9riode, poursuit la note, \u00abdes S\u00e9n\u00e9galais et des S\u00e9n\u00e9galaises ont v\u00e9cu la terreur des violences extr\u00eames. Le secteur \u00e9conomique a \u00e9t\u00e9 violemment impact\u00e9 et des centaines de personnes, violent\u00e9es, emprisonn\u00e9es, et plusieurs tu\u00e9es. L\u2019image du S\u00e9n\u00e9gal en a pris un s\u00e9rieux coup. Les familles sont dans le d\u00e9sarroi et l\u2019angoisse permanents\u00bb.<\/p>\n\n\n\n<p>Le Forum civil rappelle aussi avoir re\u00e7u des victimes qui ont t\u00e9moign\u00e9 avoir subi des actes de tortures, de la part des Forces de d\u00e9fense et de s\u00e9curit\u00e9, des pratiques bannies par l\u2019Etat de droit et l\u2019esprit des lois de la R\u00e9publique, lit-on dans le texte. Face \u00e0 cette situation, le Forum Civil appelle \u00able Gouvernement et la Justice du S\u00e9n\u00e9gal \u00e0 situer d\u2019abord les responsabilit\u00e9s, socle indispensable d\u2019une r\u00e9conciliation nationale v\u00e9ritable\u00bb.<\/p>\n\n\n\n<p>Faute de quoi le Forum civil consid\u00e8re cette initiative \u00abinappropri\u00e9e du pr\u00e9sident de la R\u00e9publique, comme une volont\u00e9 manifeste d\u2019ensevelir la v\u00e9rit\u00e9, une absolution, un permis de tuer, de torturer, de saccager des biens, de brimer, de d\u00e9truire des vies et des familles, de balafrer durablement l\u2019image du S\u00e9n\u00e9gal, en consolidant le r\u00e8gne de l\u2019impunit\u00e9\u00bb. Suffisant pour qu\u2019il d\u00e9nonce avec vigueur le projet de loi d\u2019Amnistie propos\u00e9 par le pr\u00e9sident de la R\u00e9publique.<\/p>\n\n\n\n<p>Le Forum civil, demande que des enqu\u00eates transparentes et ind\u00e9pendantes soient diligent\u00e9es pour situer les responsabilit\u00e9s sur les \u00abfaits se rapportant aux manifestations politiques survenues entre 2021 et 2024\u00bb, notamment que \u00abdes enqu\u00eates approfondies soient men\u00e9es sur le syst\u00e8me de recrutement des personnels de d\u00e9fense et de s\u00e9curit\u00e9 et les formations qui leur ont \u00e9t\u00e9 dispens\u00e9es de 2020 \u00e0 nos jours\u00bb. Aussi invite-t-il la presse et des initiatives citoyennes \u00e0 \u00abcontinuer \u00e0 collecter toutes preuves permettant de faire jaillir la v\u00e9rit\u00e9\u00bb. Non sans appeler \u00e9galement \u00ables parlementaires \u00e0 refuser de s\u2019engager dans cette voie sinueuse et compromettante que trace ce funeste projet de loi\u00bb.<\/p>\n\n\n\n<p>Nd\u00e8ye Fatou K\u00e9b\u00e9<br>LERAL<\/p>\n","protected":false},"excerpt":{"rendered":"<p>Dans son discours d\u2019ouverture du dialogue national qu\u2019il a lanc\u00e9 avant-hier, lundi 26 f\u00e9vrier 2024, \u00e0 Diamniadio, le pr\u00e9sident de<\/p>\n","protected":false},"author":1,"featured_media":6983,"comment_status":"open","ping_status":"open","sticky":false,"template":"","format":"standard","meta":{"footnotes":""},"categories":[6],"tags":[],"class_list":["post-31944","post","type-post","status-publish","format-standard","has-post-thumbnail","hentry","category-politics"],"_links":{"self":[{"href":"https:\/\/dekkbi.com\/index.php?rest_route=\/wp\/v2\/posts\/31944","targetHints":{"allow":["GET"]}}],"collection":[{"href":"https:\/\/dekkbi.com\/index.php?rest_route=\/wp\/v2\/posts"}],"about":[{"href":"https:\/\/dekkbi.com\/index.php?rest_route=\/wp\/v2\/types\/post"}],"author":[{"embeddable":true,"href":"https:\/\/dekkbi.com\/index.php?rest_route=\/wp\/v2\/users\/1"}],"replies":[{"embeddable":true,"href":"https:\/\/dekkbi.com\/index.php?rest_route=%2Fwp%2Fv2%2Fcomments&post=31944"}],"version-history":[{"count":1,"href":"https:\/\/dekkbi.com\/index.php?rest_route=\/wp\/v2\/posts\/31944\/revisions"}],"predecessor-version":[{"id":31945,"href":"https:\/\/dekkbi.com\/index.php?rest_route=\/wp\/v2\/posts\/31944\/revisions\/31945"}],"wp:featuredmedia":[{"embeddable":true,"href":"https:\/\/dekkbi.com\/index.php?rest_route=\/wp\/v2\/media\/6983"}],"wp:attachment":[{"href":"https:\/\/dekkbi.com\/index.php?rest_route=%2Fwp%2Fv2%2Fmedia&parent=31944"}],"wp:term":[{"taxonomy":"category","embeddable":true,"href":"https:\/\/dekkbi.com\/index.php?rest_route=%2Fwp%2Fv2%2Fcategories&post=31944"},{"taxonomy":"post_tag","embeddable":true,"href":"https:\/\/dekkbi.com\/index.php?rest_route=%2Fwp%2Fv2%2Ftags&post=31944"}],"curies":[{"name":"wp","href":"https:\/\/api.w.org\/{rel}","templated":true}]}}