{"id":31930,"date":"2024-02-26T10:23:10","date_gmt":"2024-02-26T10:23:10","guid":{"rendered":"https:\/\/dekkbi.com\/?p=31930"},"modified":"2024-02-26T10:23:11","modified_gmt":"2024-02-26T10:23:11","slug":"production-laitiere-1300-genisses-gestantes-receptionnees","status":"publish","type":"post","link":"https:\/\/dekkbi.com\/?p=31930","title":{"rendered":"Production laiti\u00e8re: 1300 g\u00e9nisses gestantes r\u00e9ceptionn\u00e9es"},"content":{"rendered":"\n<p><strong>Le Premier ministre, Amadou Ba, a r\u00e9ceptionn\u00e9, samedi dernier, 1300 g\u00e9nisses gestantes \u00e0 haut potentiel laitier dans la Ferme agro-pastorale de Niague, dans le d\u00e9partement de Rufisque, non loin du Lac Rose.<\/strong>&nbsp;<strong>Ce lot devrait \u00eatre bient\u00f4t compl\u00e9t\u00e9 par un autre de 1200 t\u00eates, a promis Amadou Ba.<\/strong><\/p>\n\n\n\n<p>Le Premier ministre du S\u00e9n\u00e9gal, Amadou Ba, a r\u00e9ceptionn\u00e9, dans le cadre de la 5<sup>\u00e8me<\/sup>&nbsp;op\u00e9ration d\u2019acquisition de g\u00e9nisses gestantes, 1300 g\u00e9nisses gestantes \u00e0 haut potentiel laitier. Fruit d\u2019un partenariat solide entre le gouvernement du S\u00e9n\u00e9gal et l\u2019Association nationale pour l\u2019intensification de la production laiti\u00e8re au S\u00e9n\u00e9gal (Anipl) la c\u00e9r\u00e9monie s\u2019est d\u00e9roul\u00e9e \u00e0 la Ferme agro-pastorale de Niague, dans le d\u00e9partement de Rufisque, non loin du Lac Rose.<\/p>\n\n\n\n<p>Le Gouvernement, pleinement conscient du potentiel et des avantages dont dispose le pays dans ce domaine, a choisi de&nbsp;<em>\u00abrenforcer la production locale des denr\u00e9es alimentaires essentielles telles que le lait, la viande, le poulet et les \u0153ufs, n\u00e9cessaires \u00e0 la population\u00bb<\/em>, lit-on dans un communiqu\u00e9 re\u00e7u, en date d\u2019hier dimanche 25 f\u00e9vrier<em>.<\/em><\/p>\n\n\n\n<p>En investissant dans l\u2019\u00e9levage et en particulier dans la production laiti\u00e8re,&nbsp;<em>\u00abnous investissons dans l\u2019avenir de notre pays. Nous reconnaissons que le potentiel de croissance de ce secteur est immense, tant sur le plan \u00e9conomique que social\u00bb,<\/em>&nbsp;a admis le Premier ministre.<\/p>\n\n\n\n<p>La production laiti\u00e8re offre des perspectives de d\u00e9veloppement \u00e9conomique durable, en cr\u00e9ant des emplois d\u00e9cents, en stimulant les investissements et en renfor\u00e7ant la r\u00e9silience de nos communaut\u00e9s.<\/p>\n\n\n\n<p>Cette ann\u00e9e,&nbsp;<em>\u00abl\u2019enveloppe allou\u00e9e par le pr\u00e9sident de la R\u00e9publique, Macky Sall, pour soutenir l\u2019acquisition de 2500 g\u00e9nisses, a \u00e9t\u00e9 augment\u00e9e de 1,3 milliard \u00e0 2,5 milliards de francs, tandis que le taux de subvention reste maintenu \u00e0 50%. Ce premier lot de 1300 g\u00e9nisses sera bient\u00f4t compl\u00e9t\u00e9 par un autre lot de 1200 t\u00eates\u00bb,<\/em>&nbsp;a fait savoir Amadou Ba.<\/p>\n\n\n\n<p>Au-del\u00e0 de l\u2019aspect \u00e9conomique, cette initiative rev\u00eat \u00e9galement une importante dimension sociale. Ce, en offrant des opportunit\u00e9s&nbsp;<em>\u00abd\u2019emploi et de revenus aux jeunes et aux femmes, le tout pour une soci\u00e9t\u00e9 plus \u00e9quitable et plus inclusive\u00bb<\/em>, a d\u00e9velopp\u00e9 le Premier ministre<em>.<\/em><\/p>\n\n\n\n<p><strong>JEAN PIERRE MALOU\u00a0<\/strong><br>SUDQUOTIDIEN<\/p>\n","protected":false},"excerpt":{"rendered":"<p>Le Premier ministre, Amadou Ba, a r\u00e9ceptionn\u00e9, samedi dernier, 1300 g\u00e9nisses gestantes \u00e0 haut potentiel laitier dans la Ferme agro-pastorale<\/p>\n","protected":false},"author":1,"featured_media":31931,"comment_status":"open","ping_status":"open","sticky":false,"template":"","format":"standard","meta":{"footnotes":""},"categories":[3],"tags":[],"class_list":["post-31930","post","type-post","status-publish","format-standard","has-post-thumbnail","hentry","category-event-more-news"],"_links":{"self":[{"href":"https:\/\/dekkbi.com\/index.php?rest_route=\/wp\/v2\/posts\/31930","targetHints":{"allow":["GET"]}}],"collection":[{"href":"https:\/\/dekkbi.com\/index.php?rest_route=\/wp\/v2\/posts"}],"about":[{"href":"https:\/\/dekkbi.com\/index.php?rest_route=\/wp\/v2\/types\/post"}],"author":[{"embeddable":true,"href":"https:\/\/dekkbi.com\/index.php?rest_route=\/wp\/v2\/users\/1"}],"replies":[{"embeddable":true,"href":"https:\/\/dekkbi.com\/index.php?rest_route=%2Fwp%2Fv2%2Fcomments&post=31930"}],"version-history":[{"count":1,"href":"https:\/\/dekkbi.com\/index.php?rest_route=\/wp\/v2\/posts\/31930\/revisions"}],"predecessor-version":[{"id":31932,"href":"https:\/\/dekkbi.com\/index.php?rest_route=\/wp\/v2\/posts\/31930\/revisions\/31932"}],"wp:featuredmedia":[{"embeddable":true,"href":"https:\/\/dekkbi.com\/index.php?rest_route=\/wp\/v2\/media\/31931"}],"wp:attachment":[{"href":"https:\/\/dekkbi.com\/index.php?rest_route=%2Fwp%2Fv2%2Fmedia&parent=31930"}],"wp:term":[{"taxonomy":"category","embeddable":true,"href":"https:\/\/dekkbi.com\/index.php?rest_route=%2Fwp%2Fv2%2Fcategories&post=31930"},{"taxonomy":"post_tag","embeddable":true,"href":"https:\/\/dekkbi.com\/index.php?rest_route=%2Fwp%2Fv2%2Ftags&post=31930"}],"curies":[{"name":"wp","href":"https:\/\/api.w.org\/{rel}","templated":true}]}}