{"id":31927,"date":"2024-02-26T10:15:04","date_gmt":"2024-02-26T10:15:04","guid":{"rendered":"https:\/\/dekkbi.com\/?p=31927"},"modified":"2024-02-26T10:15:04","modified_gmt":"2024-02-26T10:15:04","slug":"saint-louis-inauguration-dun-centre-dedie-au-patrimoine-a-la-culture-et-a-la-communication","status":"publish","type":"post","link":"https:\/\/dekkbi.com\/?p=31927","title":{"rendered":"Saint-Louis : inauguration d\u2019un centre d\u00e9di\u00e9 au patrimoine, \u00e0 la culture et \u00e0 la communication"},"content":{"rendered":"\n<p>Saint-Louis, 25 f\u00e9v (APS) \u2013 Un nouvel espace d\u00e9di\u00e9 au patrimoine, \u00e0 la culture et \u00e0 la communication appel\u00e9 \u201dNdar Weesul\u201d a \u00e9t\u00e9 inaugur\u00e9, samedi, \u00e0 Saint-Louis (nord), \u00e0 l\u2019initiative de Mamadou Dia, pr\u00e9sident de l\u2019organisation \u201dHahatay Gandiol\u201d.<\/p>\n\n\n\n<p>Le terme wolof \u201dWeesul\u201d signifie litt\u00e9ralement, \u2018\u2019ce n\u2019est pas trop tard\u2019\u2019.<\/p>\n\n\n\n<p>\u201dC\u2019est avec un \u00e9norme plaisir que je r\u00e9ponds \u00e0 cette invitation. Ce centre participe \u00e0 la promotion de la culture et de la citoyennet\u00e9. Il va redonner l\u2019espoir aux artistes de Saint-Louis\u201d, a salu\u00e9 Pape Ibrahima Faye, adjoint au maire de la ville tricentenaire charg\u00e9 des affaires culturelles et fiscales.<\/p>\n\n\n\n<p>Pr\u00e9sident de l\u2019organisation \u201dHahatay Gandiol\u201d, par ailleurs initiateur de ce projet, Mamadou Dia est d\u2019avis que les acteurs culturels de Saint-Louis m\u00e9ritent d\u2019\u00eatre accompagn\u00e9s.<\/p>\n\n\n\n<p>\u201dIl y a beaucoup de jeunes artistes qui sont l\u00e0. Des gens qui croient \u00e0 la culture. Ils ont juste besoin d\u2019\u00eatre accompagn\u00e9s. C\u2019est important d\u2019accompagner les acteurs culturels\u201d, a-t-il fait valoir.<\/p>\n\n\n\n<p>L\u2019administrateur du Mus\u00e9e de la photographie Amadou Diaw, le directeur g\u00e9n\u00e9ral de l\u2019Office des lacs et cours d\u2019eau (OLAC) Alioune Badara Diop, le repr\u00e9sentant de la directrice du centre culturel de Saint-Louis Souleymane Niane entre autres personnalit\u00e9s ont pris part \u00e0 cette c\u00e9r\u00e9monie.<\/p>\n\n\n\n<p>En marge de l\u2019inauguration, le centre a abrit\u00e9 une exposition photographique r\u00e9alis\u00e9e par la coop\u00e9ration italienne sur le th\u00e8me \u201dOr dur l\u2019autre visage des r\u00e9cup\u00e9rateurs\u201d<\/p>\n\n\n\n<p>\u201dNdar Weesul\u201d, implant\u00e9 au c\u0153ur de l\u2019\u00cele Sud appel\u00e9e \u201dSindon\u00e9\u201d est un catalyseur d\u2019initiatives dans les domaines du patrimoine, de la culture et de la communication<\/p>\n","protected":false},"excerpt":{"rendered":"<p>Saint-Louis, 25 f\u00e9v (APS) \u2013 Un nouvel espace d\u00e9di\u00e9 au patrimoine, \u00e0 la culture et \u00e0 la communication appel\u00e9 \u201dNdar<\/p>\n","protected":false},"author":1,"featured_media":31928,"comment_status":"open","ping_status":"open","sticky":false,"template":"","format":"standard","meta":{"footnotes":""},"categories":[21],"tags":[],"class_list":["post-31927","post","type-post","status-publish","format-standard","has-post-thumbnail","hentry","category-societe"],"_links":{"self":[{"href":"https:\/\/dekkbi.com\/index.php?rest_route=\/wp\/v2\/posts\/31927","targetHints":{"allow":["GET"]}}],"collection":[{"href":"https:\/\/dekkbi.com\/index.php?rest_route=\/wp\/v2\/posts"}],"about":[{"href":"https:\/\/dekkbi.com\/index.php?rest_route=\/wp\/v2\/types\/post"}],"author":[{"embeddable":true,"href":"https:\/\/dekkbi.com\/index.php?rest_route=\/wp\/v2\/users\/1"}],"replies":[{"embeddable":true,"href":"https:\/\/dekkbi.com\/index.php?rest_route=%2Fwp%2Fv2%2Fcomments&post=31927"}],"version-history":[{"count":1,"href":"https:\/\/dekkbi.com\/index.php?rest_route=\/wp\/v2\/posts\/31927\/revisions"}],"predecessor-version":[{"id":31929,"href":"https:\/\/dekkbi.com\/index.php?rest_route=\/wp\/v2\/posts\/31927\/revisions\/31929"}],"wp:featuredmedia":[{"embeddable":true,"href":"https:\/\/dekkbi.com\/index.php?rest_route=\/wp\/v2\/media\/31928"}],"wp:attachment":[{"href":"https:\/\/dekkbi.com\/index.php?rest_route=%2Fwp%2Fv2%2Fmedia&parent=31927"}],"wp:term":[{"taxonomy":"category","embeddable":true,"href":"https:\/\/dekkbi.com\/index.php?rest_route=%2Fwp%2Fv2%2Fcategories&post=31927"},{"taxonomy":"post_tag","embeddable":true,"href":"https:\/\/dekkbi.com\/index.php?rest_route=%2Fwp%2Fv2%2Ftags&post=31927"}],"curies":[{"name":"wp","href":"https:\/\/api.w.org\/{rel}","templated":true}]}}