{"id":31891,"date":"2024-02-25T11:55:20","date_gmt":"2024-02-25T11:55:20","guid":{"rendered":"https:\/\/dekkbi.com\/?p=31891"},"modified":"2024-02-25T11:55:21","modified_gmt":"2024-02-25T11:55:21","slug":"salon-de-lagriculture-jordan-bardella-tacle-la-paranoia-demmanuel-macron","status":"publish","type":"post","link":"https:\/\/dekkbi.com\/?p=31891","title":{"rendered":"Salon de l&rsquo;agriculture: Jordan Bardella t\u00e2cle la \u00abparano\u00efa\u00bb d&rsquo;Emmanuel Macron"},"content":{"rendered":"\n<p>Apr\u00e8s Emmanuel Macron hier samedi, c&rsquo;est au tour de Jordan Bardella de se rendre au Salon de l&rsquo;Agriculture ce dimanche. Et le pr\u00e9sident du RN a entam\u00e9 ses deux jours de visite de mani\u00e8re bien plus sereine que le chef de l&rsquo;Etat la veille.\u00a0\u00a0<\/p>\n\n\n\n<p>Jordan Bardella a entam\u00e9 ce dimanche matin une visite de deux jours au Salon de l&rsquo;Agriculture, Porte de Versailles, \u00e0 Paris. Sans sifflets ni \u00e9chauffour\u00e9es. La t\u00eate de liste du mouvement d&rsquo;extr\u00eame droite aux Europ\u00e9ennes a fait part de sa solidarit\u00e9 avec les agriculteurs et a repouss\u00e9 l&rsquo;id\u00e9e qu&rsquo;une partie des protestataires d&rsquo;hier aient pu \u00eatre t\u00e9l\u00e9guid\u00e9s par son parti.<\/p>\n\n\n\n<p>Le chef de file du Rassemblement national (RN, extr\u00eame-droite) a d&#8217;embl\u00e9e martel\u00e9 son ambition de \u00ab changer de logiciel \u00bb au niveau europ\u00e9en. \u00ab Il faut changer de logiciel\u00a0\u00bb pour l&rsquo;agriculture fran\u00e7aise, a d\u00e9clar\u00e9 M. Bardella. \u00ab \u00c9videmment il y a la question du revenu et du travail. Mais il faut que nos agriculteurs soient comp\u00e9titifs.<\/p>\n\n\n\n<p> Or, en \u00e9tant mis en concurrence avec des produits ou des fili\u00e8res qui ne respectent aucune des normes \u00bb qui leur sont impos\u00e9es ; \u00ab c&rsquo;est tr\u00e8s compliqu\u00e9 \u00bb, a-t-il estim\u00e9.Interrog\u00e9 sur Emmanuel Macron, qui a \u00e9voqu\u00e9 samedi \u00ab des gens \u00bb manifestant au Salon \u00ab avec un projet politique qui est de servir le Rassemblement national \u00bb, le pr\u00e9sident du RN a r\u00e9pondu : \u00ab Je ne suis pas l\u00e0 pour pol\u00e9miquer. Je pense qu&rsquo;il n&rsquo;a manifestement plus les capteurs du pays dont il est le pr\u00e9sident. Et sans doute ne se rend-il pas compte de la souffrance que provoque sa politique \u00bb.<\/p>\n\n\n\n<p>Alors qu&rsquo;un interlocuteur sur un stand lui demandait si le RN voulait toujours sortir de l&rsquo;Union europ\u00e9enne, le patron du parti a r\u00e9pondu : \u00ab on veut en tout cas en changer les r\u00e8gles. L&rsquo;Union europ\u00e9enne, on peut la pousser aussi de l&rsquo;int\u00e9rieur \u00bb.Enfin, concernant l&rsquo;environnement, \u00ab L&rsquo;\u00e9cologie c&rsquo;est bien, tout le monde est d&rsquo;accord pour l&rsquo;\u00e9cologie, mais si demain on est dans le cercueil et qu&rsquo;on a les mains propres, c&rsquo;est bien mais on sera tous morts \u00bb, a ironis\u00e9 Jordan Bardella. (et avec AFP)<\/p>\n","protected":false},"excerpt":{"rendered":"<p>Apr\u00e8s Emmanuel Macron hier samedi, c&rsquo;est au tour de Jordan Bardella de se rendre au Salon de l&rsquo;Agriculture ce dimanche.<\/p>\n","protected":false},"author":1,"featured_media":31892,"comment_status":"open","ping_status":"open","sticky":false,"template":"","format":"standard","meta":{"footnotes":""},"categories":[51],"tags":[],"class_list":["post-31891","post","type-post","status-publish","format-standard","has-post-thumbnail","hentry","category-general"],"_links":{"self":[{"href":"https:\/\/dekkbi.com\/index.php?rest_route=\/wp\/v2\/posts\/31891","targetHints":{"allow":["GET"]}}],"collection":[{"href":"https:\/\/dekkbi.com\/index.php?rest_route=\/wp\/v2\/posts"}],"about":[{"href":"https:\/\/dekkbi.com\/index.php?rest_route=\/wp\/v2\/types\/post"}],"author":[{"embeddable":true,"href":"https:\/\/dekkbi.com\/index.php?rest_route=\/wp\/v2\/users\/1"}],"replies":[{"embeddable":true,"href":"https:\/\/dekkbi.com\/index.php?rest_route=%2Fwp%2Fv2%2Fcomments&post=31891"}],"version-history":[{"count":1,"href":"https:\/\/dekkbi.com\/index.php?rest_route=\/wp\/v2\/posts\/31891\/revisions"}],"predecessor-version":[{"id":31893,"href":"https:\/\/dekkbi.com\/index.php?rest_route=\/wp\/v2\/posts\/31891\/revisions\/31893"}],"wp:featuredmedia":[{"embeddable":true,"href":"https:\/\/dekkbi.com\/index.php?rest_route=\/wp\/v2\/media\/31892"}],"wp:attachment":[{"href":"https:\/\/dekkbi.com\/index.php?rest_route=%2Fwp%2Fv2%2Fmedia&parent=31891"}],"wp:term":[{"taxonomy":"category","embeddable":true,"href":"https:\/\/dekkbi.com\/index.php?rest_route=%2Fwp%2Fv2%2Fcategories&post=31891"},{"taxonomy":"post_tag","embeddable":true,"href":"https:\/\/dekkbi.com\/index.php?rest_route=%2Fwp%2Fv2%2Ftags&post=31891"}],"curies":[{"name":"wp","href":"https:\/\/api.w.org\/{rel}","templated":true}]}}