{"id":31888,"date":"2024-02-25T11:34:20","date_gmt":"2024-02-25T11:34:20","guid":{"rendered":"https:\/\/dekkbi.com\/?p=31888"},"modified":"2024-02-25T11:34:20","modified_gmt":"2024-02-25T11:34:20","slug":"tambacounda-exploitation-des-ressources-forestieres-les-contours-de-larrete-ministeriel","status":"publish","type":"post","link":"https:\/\/dekkbi.com\/?p=31888","title":{"rendered":"Tambacounda \u2013 Exploitation des ressources foresti\u00e8res : Les contours de l\u2019arr\u00eat\u00e9 minist\u00e9riel"},"content":{"rendered":"\n<p>L\u2019ensemble des acteurs \u00e9voluant dans les for\u00eats de la r\u00e9gion de Tambacounda, qui en compte 22, ont \u00e9t\u00e9 convi\u00e9s en r\u00e9union par le Service r\u00e9gional des eaux et for\u00eats. Il s\u2019agissait de partager, comme \u00e0 l\u2019accoutum\u00e9e, le contenu de l\u2019arr\u00eat\u00e9 minist\u00e9riel d\u00e9finissant les conditions et autres normes d\u2019exploitation dans les for\u00eats. <\/p>\n\n\n\n<p>Ce qui, de l\u2019avis de l\u2019Inspecteur r\u00e9gional des Eaux et for\u00eats de Tamba, va contribuer \u00e0 mieux limiter les contentieux forestiers.Par Abdoulaye FALL \u2013 Avec le r\u00e9chauffement climatique, la gestion des for\u00eats est devenue un enjeu plus qu\u2019important. Il y a un arr\u00eat\u00e9 minist\u00e9riel sur les normes d\u2019exploitation des ressources foresti\u00e8res qui doit \u00eatre connu de tous.<\/p>\n\n\n\n<p> Autorit\u00e9s municipales, d\u00e9partementales, acteurs intervenant dans l\u2019exploitation des ressources de la for\u00eat, membres de l\u2019Union nationale des coop\u00e9ratives d\u2019exploitants forestiers, entre autres acteurs, ont pris part \u00e0 la r\u00e9union d\u2019\u00e9changes et de partage de cet instrument administratif organis\u00e9e par le Service r\u00e9gional des eaux, for\u00eats et chasse. <\/p>\n\n\n\n<p>Ce qui permettra, selon le Colonel Mamadou Gaye, chef du Service r\u00e9gional des eaux et for\u00eats, de limiter les contentieux forestiers. \u00abCette ann\u00e9e, explique-t-il, le nouveau Dg des Eaux et for\u00eats, le Colonel-major Babacar Dione, a initi\u00e9 une rencontre virtuelle o\u00f9 l\u2019ensemble des acteurs ont \u00e9t\u00e9 impliqu\u00e9s pour discuter de l\u2019arr\u00eat\u00e9. Ce qui a permis \u00e0 ces derniers de formuler toutes leurs pr\u00e9occupations, en amont. <\/p>\n\n\n\n<p>Aujourd\u2019hui, c\u2019est quasiment l\u2019ensemble des propositions et autres pr\u00e9occupations formul\u00e9es par les acteurs qui composent l\u2019arr\u00eat\u00e9.\u00bb Il poursuit : \u00abPour cette campagne \u00e0 venir, l\u2019innovation majeure repose sur la date. Lors des pr\u00e9c\u00e9dentes campagnes, il a \u00e9t\u00e9 \u00e0 chaque fois demand\u00e9 de prolonger la date de la campagne. <\/p>\n\n\n\n<p>C\u2019est pour cela, et apr\u00e8s concertation avec les acteurs et les services forestiers, qu\u2019il est retenu la prolongation de la dur\u00e9e. Le 31 mai \u00e9tait la date retenue pour arr\u00eater la d\u00e9livrance des permis. Ce nouvel arr\u00eat\u00e9 la fixe au 31 octobre.\u00bb<\/p>\n\n\n\n<p>Il faut savoir que plus de 22 for\u00eats am\u00e9nag\u00e9es existent dans la r\u00e9gion, explique l\u2019Inspecteur r\u00e9gional des Eaux et for\u00eats, qui rassure les populations sur l\u2019exploitation des ressources. \u00abL\u2019am\u00e9nagement forestier est bien ma\u00eetris\u00e9 \u00e0 Tamba, raison pour laquelle, malgr\u00e9 l\u2019exploitation, la for\u00eat se r\u00e9g\u00e9n\u00e8re. <\/p>\n\n\n\n<p>Nous permettons aux exploitants forestiers d\u2019exploiter les ressources de la for\u00eat pour satisfaire les besoins de la population\u00bb, dit-il. Mais, ce n\u2019est pas un permis pour tout faire. \u00abSeulement, rassure l\u2019Iref, nous veillons aussi et surtout \u00e0 la sauvegarde et la r\u00e9g\u00e9n\u00e9ration de la for\u00eat.\u00bb <\/p>\n\n\n\n<p>Sur les cas de feux de brousse qui br\u00fblent le tapis herbac\u00e9, le b\u00e9ret vert de soutenir qu\u2019\u00abils ont drastiquement diminu\u00e9 par rapport \u00e0 l\u2019ann\u00e9e pr\u00e9c\u00e9dente\u00bb.Cependant, reconna\u00eet-il, \u00abdes efforts restent encore \u00e0 faire pour mieux circonscrire le ph\u00e9nom\u00e8ne\u00bb.<\/p>\n\n\n\n<p>afall@lequotidien.sn<\/p>\n","protected":false},"excerpt":{"rendered":"<p>L\u2019ensemble des acteurs \u00e9voluant dans les for\u00eats de la r\u00e9gion de Tambacounda, qui en compte 22, ont \u00e9t\u00e9 convi\u00e9s en<\/p>\n","protected":false},"author":1,"featured_media":31889,"comment_status":"open","ping_status":"open","sticky":false,"template":"","format":"standard","meta":{"footnotes":""},"categories":[3],"tags":[],"class_list":["post-31888","post","type-post","status-publish","format-standard","has-post-thumbnail","hentry","category-event-more-news"],"_links":{"self":[{"href":"https:\/\/dekkbi.com\/index.php?rest_route=\/wp\/v2\/posts\/31888","targetHints":{"allow":["GET"]}}],"collection":[{"href":"https:\/\/dekkbi.com\/index.php?rest_route=\/wp\/v2\/posts"}],"about":[{"href":"https:\/\/dekkbi.com\/index.php?rest_route=\/wp\/v2\/types\/post"}],"author":[{"embeddable":true,"href":"https:\/\/dekkbi.com\/index.php?rest_route=\/wp\/v2\/users\/1"}],"replies":[{"embeddable":true,"href":"https:\/\/dekkbi.com\/index.php?rest_route=%2Fwp%2Fv2%2Fcomments&post=31888"}],"version-history":[{"count":1,"href":"https:\/\/dekkbi.com\/index.php?rest_route=\/wp\/v2\/posts\/31888\/revisions"}],"predecessor-version":[{"id":31890,"href":"https:\/\/dekkbi.com\/index.php?rest_route=\/wp\/v2\/posts\/31888\/revisions\/31890"}],"wp:featuredmedia":[{"embeddable":true,"href":"https:\/\/dekkbi.com\/index.php?rest_route=\/wp\/v2\/media\/31889"}],"wp:attachment":[{"href":"https:\/\/dekkbi.com\/index.php?rest_route=%2Fwp%2Fv2%2Fmedia&parent=31888"}],"wp:term":[{"taxonomy":"category","embeddable":true,"href":"https:\/\/dekkbi.com\/index.php?rest_route=%2Fwp%2Fv2%2Fcategories&post=31888"},{"taxonomy":"post_tag","embeddable":true,"href":"https:\/\/dekkbi.com\/index.php?rest_route=%2Fwp%2Fv2%2Ftags&post=31888"}],"curies":[{"name":"wp","href":"https:\/\/api.w.org\/{rel}","templated":true}]}}