{"id":31879,"date":"2024-02-23T16:50:48","date_gmt":"2024-02-23T16:50:48","guid":{"rendered":"https:\/\/dekkbi.com\/?p=31879"},"modified":"2024-02-23T16:50:49","modified_gmt":"2024-02-23T16:50:49","slug":"guerre-israel-hamas-benyamin-netanyahu-presente-son-plan-pour-lavenir-de-gaza","status":"publish","type":"post","link":"https:\/\/dekkbi.com\/?p=31879","title":{"rendered":"Guerre Isra\u00ebl-Hamas: Benyamin Netanyahu pr\u00e9sente son plan pour l&rsquo;avenir de Gaza"},"content":{"rendered":"\n<p>Beaucoup de pays tentent de dessiner l\u2019avenir \u00e0 long terme de la bande de Gaza et des relations entre Isra\u00e9liens et Palestiniens. Apr\u00e8s quatre mois et demi de guerre, le Premier ministre isra\u00e9lien Benyamin Netanyahu a officiellement fait part\u00a0\u00e0 son gouvernement de son propre plan pour le futur de l&rsquo;enclave, jeudi 22 f\u00e9vrier. Une vision affich\u00e9e bien \u00e9loign\u00e9e de celle de ses partenaires internationaux.<\/p>\n\n\n\n<p>La vision rendue publique de\u00a0<strong>Benyamin Netanyahu<\/strong>\u00a0pour l\u2019apr\u00e8s-guerre \u00e0 Gaza tient en une page. Le Premier ministre isra\u00e9lien affirme\u00a0<strong>qu\u2019Isra\u00ebl<\/strong>\u00a0poursuivra ses op\u00e9rations militaires dans l&rsquo;enclave palestinienne jusqu\u2019\u00e0 la r\u00e9alisation de ses objectifs\u00a0: \u00e0 savoir, la destruction des capacit\u00e9s militaires et politiques du Hamas et du Jihad islamique, ainsi que la lib\u00e9ration de tous les otages, rapportent nos envoy\u00e9s sp\u00e9ciaux \u00e0 J\u00e9rusalem,\u00a0<strong>Guilhem Delteil et Nicolas Benita<\/strong>.<\/p>\n\n\n\n<p>Aussi, pour \u00e9viter que des groupes palestiniens se dotent \u00e0 nouveau\u00a0<strong>d\u2019une capacit\u00e9 d\u2019attaquer Isra\u00ebl<\/strong>, le Premier ministre souhaite conserver une libert\u00e9 d\u2019intervention\u00a0pour son arm\u00e9e dans l\u2019enclave palestinienne, et reprendre le contr\u00f4le de la fronti\u00e8re entre l\u2019\u00c9gypte et Gaza.\u00a0<strong>Le plan envisage<\/strong>\u00a0aussi un contr\u00f4le s\u00e9curitaire isra\u00e9lien\u00a0<em>\u00ab\u00a0sur toute la zone \u00e0 l&rsquo;ouest de la Jordanie<\/em>\u00a0\u00bb depuis la terre, la mer et l&rsquo;air.\u00a0<\/p>\n\n\n\n<p>Pour Benyamin Netanyahu, la bande de Gaza apr\u00e8s la guerre doit \u00eatre d\u00e9militaris\u00e9e, \u00ab\u00a0<em>d\u00e9radicalis\u00e9e\u00a0<\/em>\u00bb et gouvern\u00e9e par des \u00ab\u00a0<em>officiels locaux<\/em>\u00a0\u00bb qui ont \u00ab\u00a0<em>une exp\u00e9rience administrative\u00a0<\/em>\u00bb et qui ne sont pas li\u00e9s \u00ab\u00a0<em>\u00e0 des pays ou des entit\u00e9s qui soutiennent le terrorisme<\/em>\u00a0\u00bb. Le chef du gouvernement isra\u00e9lien\u00a0<strong>veut \u00e9galement d\u00e9manteler l&rsquo;Unrwa<\/strong>, l\u2019agence des Nations unies pour les r\u00e9fugi\u00e9s palestiniens, et la remplacer, dit-il, par \u00ab\u00a0<em>des organisations internationales responsables<\/em>\u00a0\u00bb. De son c\u00f4t\u00e9, la reconstruction de l\u2019enclave devrait \u00eatre selon lui financ\u00e9e par des \u00ab<em>\u00a0pays acceptables pour Isra\u00ebl<\/em>\u00a0\u00bb.<\/p>\n\n\n\n<p>Il pr\u00e9voit par ailleurs d\u2019\u00e9tablir \u00ab&nbsp;<em>une zone tampon de s\u00e9curit\u00e9 du c\u00f4t\u00e9 palestinien de la fronti\u00e8re de la bande de Gaza<\/em>&nbsp;\u00bb. Une disposition qui va \u00e0 l&rsquo;encontre des pr\u00e9conisations de l&rsquo;administration am\u00e9ricaine, qui s&rsquo;oppose \u00e0 toute r\u00e9duction du territoire palestinien apr\u00e8s la guerre.<\/p>\n\n\n\n<h2 class=\"wp-block-heading\">Une vision contraire \u00e0 celle de ses partenaires<\/h2>\n\n\n\n<p>En effet, la vision port\u00e9e par Benyamin Netanyahu se heurte en de nombreux points \u00e0 celles des pays qui seraient amen\u00e9s \u00e0 jouer un r\u00f4le dans l\u2019apr\u00e8s-guerre. Le Premier ministre n\u2019\u00e9voque pas le retour de l\u2019Autorit\u00e9 palestinienne dans l\u2019enclave, pas de processus de paix. Il r\u00e9affirme plut\u00f4t son opposition \u00e0 la reconnaissance unilat\u00e9rale d\u2019un \u00c9tat palestinien, qui \u00e9tait pourtant\u00a0<strong>des demandes de ses partenaires occidentaux<\/strong>, et m\u00eame des pr\u00e9-conditions plusieurs fois affirm\u00e9es pour les pays arabes du Golfe.<\/p>\n\n\n\n<p>Car dans le m\u00eame temps, les\u00a0<strong>efforts internationaux se poursuivent<\/strong>\u00a0pour tenter d\u2019obtenir une nouvelle tr\u00eave entre le Hamas et Isra\u00ebl. Le chef du mouvement islamiste palestinien \u00e9tait au Caire ces derniers jours pour discuter avec le m\u00e9diateur \u00e9gyptien tandis qu&rsquo;Isra\u00ebl a envoy\u00e9 une d\u00e9l\u00e9gation \u00e0 Paris pour une r\u00e9union de haut niveau pr\u00e9vue ce week-end.<\/p>\n\n\n\n<h2 class=\"wp-block-heading\">\u00ab&nbsp;<em>Une r\u00e9occupation de la bande de Gaza<\/em>&nbsp;\u00bb<\/h2>\n\n\n\n<p>Le plan de Netanyahu a d\u00e9j\u00e0 \u00e9t\u00e9 rejet\u00e9 par l\u2019Autorit\u00e9 palestinienne. Dans un communiqu\u00e9 publi\u00e9 ce vendredi 23 f\u00e9vrier, le minist\u00e8re palestinien des Affaires \u00e9trang\u00e8res affirme que, pour lui, ce projet signifie en r\u00e9alit\u00e9 \u00ab&nbsp;<em>une r\u00e9occupation de la bande de Gaza<\/em>&nbsp;\u00bb et vise \u00ab&nbsp;<em>\u00e0 bloquer les efforts am\u00e9ricains et internationaux en vue de la cr\u00e9ation d\u2019un \u00c9tat palestinien<\/em>&nbsp;\u00bb.<\/p>\n\n\n\n<p>Seul un plan reconnaissant Gaza comme une partie int\u00e9grante \u00ab<em>&nbsp;d&rsquo;un \u00c9tat palestinien ind\u00e9pendant avec J\u00e9rusalem pour capitale sera acceptable. Tout projet contraire est vou\u00e9 \u00e0 l&rsquo;\u00e9chec. Isra\u00ebl ne r\u00e9ussira pas \u00e0 modifier la r\u00e9alit\u00e9 g\u00e9ographique et d\u00e9mographique de la bande de Gaza&nbsp;<\/em>\u00bb, a indiqu\u00e9 pour sa part le porte-parole du pr\u00e9sident de l&rsquo;Autorit\u00e9 palestinienne Mahmoud Abbas, Nabil Abou Rudeinah, dans un communiqu\u00e9.<\/p>\n","protected":false},"excerpt":{"rendered":"<p>Beaucoup de pays tentent de dessiner l\u2019avenir \u00e0 long terme de la bande de Gaza et des relations entre Isra\u00e9liens<\/p>\n","protected":false},"author":1,"featured_media":28712,"comment_status":"open","ping_status":"open","sticky":false,"template":"","format":"standard","meta":{"footnotes":""},"categories":[51],"tags":[],"class_list":["post-31879","post","type-post","status-publish","format-standard","has-post-thumbnail","hentry","category-general"],"_links":{"self":[{"href":"https:\/\/dekkbi.com\/index.php?rest_route=\/wp\/v2\/posts\/31879","targetHints":{"allow":["GET"]}}],"collection":[{"href":"https:\/\/dekkbi.com\/index.php?rest_route=\/wp\/v2\/posts"}],"about":[{"href":"https:\/\/dekkbi.com\/index.php?rest_route=\/wp\/v2\/types\/post"}],"author":[{"embeddable":true,"href":"https:\/\/dekkbi.com\/index.php?rest_route=\/wp\/v2\/users\/1"}],"replies":[{"embeddable":true,"href":"https:\/\/dekkbi.com\/index.php?rest_route=%2Fwp%2Fv2%2Fcomments&post=31879"}],"version-history":[{"count":1,"href":"https:\/\/dekkbi.com\/index.php?rest_route=\/wp\/v2\/posts\/31879\/revisions"}],"predecessor-version":[{"id":31880,"href":"https:\/\/dekkbi.com\/index.php?rest_route=\/wp\/v2\/posts\/31879\/revisions\/31880"}],"wp:featuredmedia":[{"embeddable":true,"href":"https:\/\/dekkbi.com\/index.php?rest_route=\/wp\/v2\/media\/28712"}],"wp:attachment":[{"href":"https:\/\/dekkbi.com\/index.php?rest_route=%2Fwp%2Fv2%2Fmedia&parent=31879"}],"wp:term":[{"taxonomy":"category","embeddable":true,"href":"https:\/\/dekkbi.com\/index.php?rest_route=%2Fwp%2Fv2%2Fcategories&post=31879"},{"taxonomy":"post_tag","embeddable":true,"href":"https:\/\/dekkbi.com\/index.php?rest_route=%2Fwp%2Fv2%2Ftags&post=31879"}],"curies":[{"name":"wp","href":"https:\/\/api.w.org\/{rel}","templated":true}]}}