{"id":31854,"date":"2024-02-23T12:06:51","date_gmt":"2024-02-23T12:06:51","guid":{"rendered":"https:\/\/dekkbi.com\/?p=31854"},"modified":"2024-02-23T12:06:52","modified_gmt":"2024-02-23T12:06:52","slug":"presidentielle-amadou-ba-se-dit-pret-a-gagner-quelle-que-soit-la-date","status":"publish","type":"post","link":"https:\/\/dekkbi.com\/?p=31854","title":{"rendered":"Pr\u00e9sidentielle: Amadou Ba se dit pr\u00eat \u00e0 gagner \u00abquelle que soit la date\u00bb"},"content":{"rendered":"\n<p>Le Directoire de campagne du candidat de la Coalition Benno bokk yaakaar, Amadou Ba, s\u2019est r\u00e9uni le mercredi 21 f\u00e9vrier 2024, sous la pr\u00e9sidence de Amadou Ba lui-m\u00eame. Au cours de cette r\u00e9union, le candidat a exprim\u00e9 sa gratitude envers le Pr\u00e9sident Macky Sall pour l\u2019avoir choisi comme candidat et a r\u00e9affirm\u00e9 \u00abson soutien sans r\u00e9serve ainsi que celui de tout le Directoire aux efforts constants\u00bb du pr\u00e9sident de la R\u00e9publique, Macky Sall, pour garantir une \u00e9lection \u00abtransparente, libre et d\u00e9mocratique dans un climat pacifi\u00e9 et apais\u00e9\u00bb, informe Senego.<\/p>\n\n\n\n<p>Amadou Ba a sollicit\u00e9 le soutien de tous les membres du Directoire \u00e0 l\u2019initiative de dialogue lanc\u00e9e par le chef de l\u2019Etat. Il a \u00e9galement r\u00e9it\u00e9r\u00e9 \u00absa volont\u00e9 et sa d\u00e9termination \u00e0 conduire la coalition \u00e0 la victoire d\u00e8s le premier tour de l\u2019\u00e9lection pr\u00e9sidentielle\u00bb, en vue de relever ensemble, avec le Peuple s\u00e9n\u00e9galais, les d\u00e9fis majeurs tels que la paix, l\u2019emploi massif des jeunes et le pouvoir d\u2019achat des m\u00e9nages.<\/p>\n\n\n\n<p>Pour atteindre ces objectifs, le candidat a encourag\u00e9 les coordonnateurs des diff\u00e9rents p\u00f4les du Directoire \u00e0&nbsp;\u00abintensifier l\u2019activit\u00e9 de production des strat\u00e9gies sectorielles en direction de toutes les couches de la population\u00bb&nbsp;et a assur\u00e9 que toutes les conditions \u00e9taient r\u00e9unies pour une campagne \u00e9lectorale victorieuse.<\/p>\n\n\n\n<p>L\u2019adh\u00e9sion totale du Directoire \u00e0 la d\u00e9marche du candidat, caract\u00e9ris\u00e9e par&nbsp;\u00abun esprit de consensus, d\u2019inclusion et d\u2019ouverture\u00bb, a \u00e9t\u00e9 soulign\u00e9e, tout comme la satisfaction \u00e0 l\u2019\u00e9gard de l\u2019action sur le terrain du candidat et des responsables de la coalition. Un appel solennel a \u00e9t\u00e9 lanc\u00e9 pour renforcer&nbsp;\u00abl\u2019unit\u00e9, la solidarit\u00e9, la coh\u00e9sion et la mobilisation\u00bb&nbsp;au sein de la coalition, dans le but de soutenir l\u2019\u00e9lan vers la victoire.<\/p>\n\n\n\n<p>Amadou Ba a exhort\u00e9 les coordonnateurs \u00e0 poursuivre leur engagement en se concentrant sur l\u2019organisation et la mobilisation des \u00e9lecteurs, en vue d\u2019une victoire nette d\u00e8s le premier tour,\u00a0\u00abquelle que soit la date\u00bb\u00a0retenue suite aux concertations initi\u00e9es par le Pr\u00e9sident.<\/p>\n\n\n\n<p>LEQUOTIDIEN<\/p>\n","protected":false},"excerpt":{"rendered":"<p>Le Directoire de campagne du candidat de la Coalition Benno bokk yaakaar, Amadou Ba, s\u2019est r\u00e9uni le mercredi 21 f\u00e9vrier<\/p>\n","protected":false},"author":1,"featured_media":21125,"comment_status":"open","ping_status":"open","sticky":false,"template":"","format":"standard","meta":{"footnotes":""},"categories":[6],"tags":[],"class_list":["post-31854","post","type-post","status-publish","format-standard","has-post-thumbnail","hentry","category-politics"],"_links":{"self":[{"href":"https:\/\/dekkbi.com\/index.php?rest_route=\/wp\/v2\/posts\/31854","targetHints":{"allow":["GET"]}}],"collection":[{"href":"https:\/\/dekkbi.com\/index.php?rest_route=\/wp\/v2\/posts"}],"about":[{"href":"https:\/\/dekkbi.com\/index.php?rest_route=\/wp\/v2\/types\/post"}],"author":[{"embeddable":true,"href":"https:\/\/dekkbi.com\/index.php?rest_route=\/wp\/v2\/users\/1"}],"replies":[{"embeddable":true,"href":"https:\/\/dekkbi.com\/index.php?rest_route=%2Fwp%2Fv2%2Fcomments&post=31854"}],"version-history":[{"count":1,"href":"https:\/\/dekkbi.com\/index.php?rest_route=\/wp\/v2\/posts\/31854\/revisions"}],"predecessor-version":[{"id":31855,"href":"https:\/\/dekkbi.com\/index.php?rest_route=\/wp\/v2\/posts\/31854\/revisions\/31855"}],"wp:featuredmedia":[{"embeddable":true,"href":"https:\/\/dekkbi.com\/index.php?rest_route=\/wp\/v2\/media\/21125"}],"wp:attachment":[{"href":"https:\/\/dekkbi.com\/index.php?rest_route=%2Fwp%2Fv2%2Fmedia&parent=31854"}],"wp:term":[{"taxonomy":"category","embeddable":true,"href":"https:\/\/dekkbi.com\/index.php?rest_route=%2Fwp%2Fv2%2Fcategories&post=31854"},{"taxonomy":"post_tag","embeddable":true,"href":"https:\/\/dekkbi.com\/index.php?rest_route=%2Fwp%2Fv2%2Ftags&post=31854"}],"curies":[{"name":"wp","href":"https:\/\/api.w.org\/{rel}","templated":true}]}}