{"id":31835,"date":"2024-02-23T11:29:07","date_gmt":"2024-02-23T11:29:07","guid":{"rendered":"https:\/\/dekkbi.com\/?p=31835"},"modified":"2024-02-23T11:29:07","modified_gmt":"2024-02-23T11:29:07","slug":"sedhiou-des-acteurs-deplorent-des-annulations-en-cascade-de-reservations","status":"publish","type":"post","link":"https:\/\/dekkbi.com\/?p=31835","title":{"rendered":"S\u00e9dhiou: des acteurs d\u00e9plorent des annulations en cascade de r\u00e9servations"},"content":{"rendered":"\n<p>S\u00e9dhiou,  (APS) \u2013 Les tensions politiques li\u00e9es au report annonc\u00e9 de l\u2019\u00e9lection pr\u00e9sidentielle du 25 f\u00e9vrier ont entrain\u00e9 une s\u00e9rie d\u2019annulations de r\u00e9servations dans les h\u00f4tels, restaurants et auberges de S\u00e9dhiou, ont d\u00e9plor\u00e9 bon nombre de professionnels du secteur touristique interrog\u00e9s par le correspondant de l\u2019APS dans cette r\u00e9gion sud du pays.<\/p>\n\n\n\n<p>Ces acteurs disent \u00eatre dans l\u2019incertitude face \u00e0 une situation impr\u00e9vue alors que le pays est dans l\u2019attente d\u2019un retour \u00e0 la normale avec l\u2019annonce attendue d\u2019une nouvelle date pour la tenue du scrutin.<\/p>\n\n\n\n<p>\u2018\u2019Nous \u00e9tions dans une phase de reprise des activit\u00e9s \u00e0 la suite de la pand\u00e9mie de Covid-19, mais la d\u00e9cision de reporter l\u2019\u00e9lection pr\u00e9sidentielle a perturb\u00e9 la bonne marche des choses\u2019\u2019, a confi\u00e9 \u00e0 l\u2019APS, sous le couvert de l\u2019anonymat, une responsable de l\u2019h\u00f4tel Palmar\u00e8s de S\u00e9dhiou.&nbsp;<\/p>\n\n\n\n<p>Selon elle, \u201ddes centaines de demandes\u00a0de r\u00e9servations des touristes nationaux et internationaux sont annul\u00e9es alors que des d\u00e9penses ont \u00e9t\u00e9 effectu\u00e9es pour offrir des services de qualit\u00e9\u2019\u2019.<\/p>\n\n\n\n<p>Les risques de violence cons\u00e9cutifs \u00e0 l\u2019annonce du report de l\u2019\u00e9lection pr\u00e9sidentielle ont d\u00e9courag\u00e9 les partenaires au niveau national et international \u00e0 venir faire leurs activit\u00e9s \u00e0 S\u00e9dhiou, comme des s\u00e9minaires, des ateliers ou des formations, selon les professionnels du secteur.<\/p>\n\n\n\n<p>\u2018\u2019Aujourd\u2019hui, la commande de services h\u00f4teliers ne marche pas\u201d, a affirm\u00e9 Tida Sadio, g\u00e9rante de restaurant et de la r\u00e9sidence \u2018\u2019Chez Tida\u2019\u2019, situ\u00e9e dans le quartier Santansou.<\/p>\n\n\n\n<p>Mbaye Sall, un autre g\u00e9rant d\u2019une auberge situ\u00e9e dans le m\u00eame quartier, a relev\u00e9 que \u2018\u2019la fr\u00e9quentation des touristes et des porteurs de projets et programmes a chut\u00e9 de mani\u00e8re drastique\u2019\u2019.<\/p>\n\n\n\n<p>\u2018\u2019J\u2019ai des amis qui devaient venir, mais ils ont annul\u00e9 car ils ont peur, c\u2019est dommage\u201d, fulmine un homme d\u2019une quarantaine d\u2019ann\u00e9es, trouv\u00e9 devant la porte, v\u00eatu en bleu et blanc.<\/p>\n\n\n\n<p>Les professionnels du secteur h\u00f4telier craignent que le contexte sociopolitique ne continue \u00e0 \u2018\u2019ternir la r\u00e9putation\u2019\u2019 du pays, consid\u00e9r\u00e9 comme l\u2019une des d\u00e9mocraties les plus stables d\u2019Afrique de l\u2019Ouest.<\/p>\n\n\n\n<p>\u2018\u2019La T\u00e9ranga s\u00e9n\u00e9galaise est tout le temps malmen\u00e9e chaque fois que les politiciens (\u2026) ne s\u2019entendent pas et c\u2019est le secteur du tourisme qui paie le plus\u2019\u2019, regrette Tida Sadio.<\/p>\n\n\n\n<p>Face \u00e0 ces incertitudes, les h\u00f4teliers, restaurateurs et aubergistes de la r\u00e9gion de S\u00e9dhiou appellent les autorit\u00e9s \u00e0 prendre des mesures pour soutenir leurs activit\u00e9s et garantir la stabilit\u00e9 du pays.<\/p>\n\n\n\n<p>Ils esp\u00e8rent que les acteurs parviendront \u00e0 s\u2019accorder pour l\u2019organisation d\u2019un scrutin transparent et inclusif conform\u00e9ment \u00e0 la volont\u00e9 du peuple s\u00e9n\u00e9galais.<br><\/p>\n","protected":false},"excerpt":{"rendered":"<p>S\u00e9dhiou, (APS) \u2013 Les tensions politiques li\u00e9es au report annonc\u00e9 de l\u2019\u00e9lection pr\u00e9sidentielle du 25 f\u00e9vrier ont entrain\u00e9 une s\u00e9rie<\/p>\n","protected":false},"author":1,"featured_media":31836,"comment_status":"open","ping_status":"open","sticky":false,"template":"","format":"standard","meta":{"footnotes":""},"categories":[3],"tags":[],"class_list":["post-31835","post","type-post","status-publish","format-standard","has-post-thumbnail","hentry","category-event-more-news"],"_links":{"self":[{"href":"https:\/\/dekkbi.com\/index.php?rest_route=\/wp\/v2\/posts\/31835","targetHints":{"allow":["GET"]}}],"collection":[{"href":"https:\/\/dekkbi.com\/index.php?rest_route=\/wp\/v2\/posts"}],"about":[{"href":"https:\/\/dekkbi.com\/index.php?rest_route=\/wp\/v2\/types\/post"}],"author":[{"embeddable":true,"href":"https:\/\/dekkbi.com\/index.php?rest_route=\/wp\/v2\/users\/1"}],"replies":[{"embeddable":true,"href":"https:\/\/dekkbi.com\/index.php?rest_route=%2Fwp%2Fv2%2Fcomments&post=31835"}],"version-history":[{"count":1,"href":"https:\/\/dekkbi.com\/index.php?rest_route=\/wp\/v2\/posts\/31835\/revisions"}],"predecessor-version":[{"id":31837,"href":"https:\/\/dekkbi.com\/index.php?rest_route=\/wp\/v2\/posts\/31835\/revisions\/31837"}],"wp:featuredmedia":[{"embeddable":true,"href":"https:\/\/dekkbi.com\/index.php?rest_route=\/wp\/v2\/media\/31836"}],"wp:attachment":[{"href":"https:\/\/dekkbi.com\/index.php?rest_route=%2Fwp%2Fv2%2Fmedia&parent=31835"}],"wp:term":[{"taxonomy":"category","embeddable":true,"href":"https:\/\/dekkbi.com\/index.php?rest_route=%2Fwp%2Fv2%2Fcategories&post=31835"},{"taxonomy":"post_tag","embeddable":true,"href":"https:\/\/dekkbi.com\/index.php?rest_route=%2Fwp%2Fv2%2Ftags&post=31835"}],"curies":[{"name":"wp","href":"https:\/\/api.w.org\/{rel}","templated":true}]}}