{"id":31829,"date":"2024-02-23T10:55:29","date_gmt":"2024-02-23T10:55:29","guid":{"rendered":"https:\/\/dekkbi.com\/?p=31829"},"modified":"2024-02-23T10:55:30","modified_gmt":"2024-02-23T10:55:30","slug":"pierre-atepa-goudiaby-precise-il-ny-a-jamais-eu-un-coup-de-fil-entre-ousmane-sonko-et-le-president-macky","status":"publish","type":"post","link":"https:\/\/dekkbi.com\/?p=31829","title":{"rendered":"Pierre At\u00e9pa Goudiaby pr\u00e9cise: \u00abIl n\u2019y a jamais eu un coup de fil entre Ousmane Sonko et le Pr\u00e9sident Macky\u00bb"},"content":{"rendered":"\n<h3 class=\"wp-block-heading\">Dans la soir\u00e9e, l\u2019\u00e9mission \u00ab Tribune Pr\u00e9sidentielle \u00bb a re\u00e7u Pierre Atepa Goudiaby. Une \u00e9mission anim\u00e9e par la \u00ab talentueuse \u00bb N\u00e9n\u00e9 A\u00efcha B\u00e2 durant laquelle, l\u2019entrepreneur a fait des r\u00e9v\u00e9lations sur les pourparlers qu\u2019il a initi\u00e9s entre l\u2019opposant Ousmane Sonko et le Pr\u00e9sident Macky Sall.<\/h3>\n\n\n\n<p>Le \u00ab m\u00e9diateur \u00bb en a profit\u00e9 pour d\u00e9clarer qu\u2019il n\u2019y a jamais eu un coup de fil entre l\u2019opposant et le Pr\u00e9sident de la R\u00e9publique.<\/p>\n\n\n\n<p>\u00ab&nbsp;<em>C\u2019est faux de dire que Sonko et Macky se sont parl\u00e9 \u00e0 travers le t\u00e9l\u00e9phone<\/em>&nbsp;\u00bb, a-t-il dit. Selon Pierre Goudiaby At\u00e9pa, \u00ab&nbsp;<em>c\u2019est un \u00e9missaire du Chef de l\u2019\u00c9tat qui est venu le voir, pour rencontrer le Pr\u00e9sident Macky Sall dans sa maison \u00e0 Mermoz<\/em>\u00bb? \u00c0 l\u2019en croire, la personne en question lui a demand\u00e9 s\u2019il peut faire la m\u00e9diation entre Macky et Sonko.<\/p>\n\n\n\n<p>C\u2019est ainsi, dit-il, qu\u2019il lui r\u00e9pondit : \u00ab&nbsp;<em>pour apaiser la situation, il faut remettre le signal de Walf&nbsp;<\/em>\u00bb. Continuant son argumentaire, Pierre At\u00e9pa Goudiaby ajoute : \u00ab<em>&nbsp;J\u2019ai appel\u00e9 Cheikh Niass pour organiser la rencontre<\/em>. \u00bb<\/p>\n\n\n\n<p>L\u2019homme d\u2019affaires a r\u00e9v\u00e9l\u00e9 qu\u2019il est all\u00e9 rendre visite \u00e0 l\u2019opposant, pour lui exposer la situation du pays et le d\u00e9sir du chef de l\u2019\u00c9tat. Selon At\u00e9pa Goudiaby, Ousmane Sonko lui a exprim\u00e9 sa volont\u00e9 de voir les d\u00e9tenus lib\u00e9r\u00e9s. Le maire de la ville de Ziguinchor a \u00e9galement exprim\u00e9 sa pr\u00e9occupation, quant \u00e0 la situation du candidat Bassirou Diomaye Faye en prison<\/p>\n","protected":false},"excerpt":{"rendered":"<p>Dans la soir\u00e9e, l\u2019\u00e9mission \u00ab Tribune Pr\u00e9sidentielle \u00bb a re\u00e7u Pierre Atepa Goudiaby. Une \u00e9mission anim\u00e9e par la \u00ab talentueuse<\/p>\n","protected":false},"author":1,"featured_media":31830,"comment_status":"open","ping_status":"open","sticky":false,"template":"","format":"standard","meta":{"footnotes":""},"categories":[6],"tags":[],"class_list":["post-31829","post","type-post","status-publish","format-standard","has-post-thumbnail","hentry","category-politics"],"_links":{"self":[{"href":"https:\/\/dekkbi.com\/index.php?rest_route=\/wp\/v2\/posts\/31829","targetHints":{"allow":["GET"]}}],"collection":[{"href":"https:\/\/dekkbi.com\/index.php?rest_route=\/wp\/v2\/posts"}],"about":[{"href":"https:\/\/dekkbi.com\/index.php?rest_route=\/wp\/v2\/types\/post"}],"author":[{"embeddable":true,"href":"https:\/\/dekkbi.com\/index.php?rest_route=\/wp\/v2\/users\/1"}],"replies":[{"embeddable":true,"href":"https:\/\/dekkbi.com\/index.php?rest_route=%2Fwp%2Fv2%2Fcomments&post=31829"}],"version-history":[{"count":1,"href":"https:\/\/dekkbi.com\/index.php?rest_route=\/wp\/v2\/posts\/31829\/revisions"}],"predecessor-version":[{"id":31831,"href":"https:\/\/dekkbi.com\/index.php?rest_route=\/wp\/v2\/posts\/31829\/revisions\/31831"}],"wp:featuredmedia":[{"embeddable":true,"href":"https:\/\/dekkbi.com\/index.php?rest_route=\/wp\/v2\/media\/31830"}],"wp:attachment":[{"href":"https:\/\/dekkbi.com\/index.php?rest_route=%2Fwp%2Fv2%2Fmedia&parent=31829"}],"wp:term":[{"taxonomy":"category","embeddable":true,"href":"https:\/\/dekkbi.com\/index.php?rest_route=%2Fwp%2Fv2%2Fcategories&post=31829"},{"taxonomy":"post_tag","embeddable":true,"href":"https:\/\/dekkbi.com\/index.php?rest_route=%2Fwp%2Fv2%2Ftags&post=31829"}],"curies":[{"name":"wp","href":"https:\/\/api.w.org\/{rel}","templated":true}]}}