{"id":31812,"date":"2024-02-22T15:35:10","date_gmt":"2024-02-22T15:35:10","guid":{"rendered":"https:\/\/dekkbi.com\/?p=31812"},"modified":"2024-02-22T15:35:10","modified_gmt":"2024-02-22T15:35:10","slug":"rdc-lusage-darmes-plus-sophistiquees-et-de-moyens-aeriens-par-le-groupe-arme-m23-et-le-rwanda-inquiete","status":"publish","type":"post","link":"https:\/\/dekkbi.com\/?p=31812","title":{"rendered":"RDC: l\u2019usage d&rsquo;armes plus sophistiqu\u00e9es et de moyens a\u00e9riens par le groupe arm\u00e9 M23 et le Rwanda inqui\u00e8te"},"content":{"rendered":"\n<p>L\u2019introduction d&rsquo;armes de plus en plus sophistiqu\u00e9es, ainsi que le d\u00e9ploiement de moyens a\u00e9riens par le groupe arm\u00e9 Mouvement du 23 mars (M23) et les Rwanda Defence Forces (RDF) sur le territoire de la R\u00e9publique d\u00e9mocratique du Congo, suscitent des inqui\u00e9tudes en RDC et aux Nations unies.<\/p>\n\n\n\n<p><em>De notre correspondant \u00e0 Kinshasa<\/em> &#8211; RFI<\/p>\n\n\n\n<p>Une atmosph\u00e8re charg\u00e9e d&rsquo;\u00e9motion r\u00e8gne ce mercredi 21 f\u00e9vrier 2024 \u00e0 la base a\u00e9rienne de Waterkloof alors que les d\u00e9pouilles du capitaine Simon Mkhulu Bobe et du caporal Irven Thabang Semono viennent d\u2019\u00eatre rapatri\u00e9es. Ces deux soldats de l\u2019arm\u00e9e sud-africaine, d\u00e9ploy\u00e9s dans le cadre de la Force militaire de la SADC dans l&rsquo;est de la\u00a0<strong>RDC\u00a0<\/strong>(SAMIDRC), ont perdu la vie le 14 f\u00e9vrier. Leur base, situ\u00e9e \u00e0 Mubambiro, en territoire de Masisi dans la province du Nord-Kivu, a \u00e9t\u00e9 touch\u00e9e par un obus de mortier.<\/p>\n\n\n\n<p>L\u2019arm\u00e9e sud-africaine ne pointe pas directement du doigt le Rwanda voisin ou le groupe arm\u00e9\u00a0<strong>M23<\/strong>, elle annonce n\u00e9anmoins l\u2019ouverture d\u2019une enqu\u00eate. Pour le gouvernement congolais, il ne fait aucun doute qu\u2019il s\u2019agit d\u2019une attaque perp\u00e9tr\u00e9e par l\u2019arm\u00e9e rwandaise.<\/p>\n\n\n\n<p>Il faut dire que<strong>\u00a0le Rwanda ne tol\u00e8re pas la pr\u00e9sence de cette force<\/strong>\u00a0d\u00e9ploy\u00e9e par l\u2019organisation d\u2019Afrique australe (SADC) dans l\u2019est de la RDC. Deux jours avant le d\u00e9c\u00e8s des deux militaires sud-africains, Kigali avait ouvertement exprim\u00e9 son opposition au soutien de la Mission de l&rsquo;organisation des Nations unies pour la stabilisation en R\u00e9publique d\u00e9mocratique du Congo (Monusco) \u00e0 la Force de l\u2019Afrique australe.<\/p>\n\n\n\n<p>Les sources de l\u2019arm\u00e9e congolaise fondent leurs accusations contre le Rwanda notamment sur la qualit\u00e9 des armes dont disposent le M23 et l\u2019arm\u00e9e rwandaise. Contrairement \u00e0 d&rsquo;autres fronts, les zones op\u00e9rationnelles o\u00f9 se trouvent les combattants du M23 et les militaires rwandais se distinguent par la pr\u00e9sence d\u2019un arsenal militaire de haute technologie.<\/p>\n\n\n\n<h2 class=\"wp-block-heading\">Arsenal militaire impressionnant au profit du M23<\/h2>\n\n\n\n<p>Le M23 dispose d&rsquo;un arsenal impressionnant, comme le soulignent les sources onusiennes et les populations encore pr\u00e9sentes dans les zones concern\u00e9es par le conflit. Celui-ci comprend une vari\u00e9t\u00e9 d&rsquo;armes telles que des fusils d\u2019assaut, des mitrailleuses lourdes et l\u00e9g\u00e8res, diff\u00e9rents types de lance-roquettes, des roquettes, des lance-grenades, des canons sans recul, des obus de mortier, du mat\u00e9riel de vision nocturne, et bien d&rsquo;autres encore. L&rsquo;\u00e9quipement du mouvement s&rsquo;est consid\u00e9rablement renforc\u00e9 ces derniers mois, comme le confirme le caract\u00e8re neuf de ces mat\u00e9riels, qui ne peuvent pas \u00eatre issus des anciens stocks du M23 datant de 2012 et 2013, indique une note de l\u2019ONU.<\/p>\n\n\n\n<p>Parmi les armes r\u00e9centes, on trouve notamment des grenades antipersonnel de 40 mm produites en 2021. Les experts des Nations unies signalent \u00e9galement des armes in\u00e9dites en RDC, telles que des fusils d\u2019assaut de type Galil (isra\u00e9lien) et AK-103 (russe), observ\u00e9s par ces experts pour la premi\u00e8re fois sur le territoire congolais le 3 mars 2023 dans un camp mixte du M23 et de la RDF, \u00e0 Mushaki.<\/p>\n\n\n\n<p>Sur le terrain, les indices de l&rsquo;utilisation du mortier guid\u00e9 de 120 millim\u00e8tres sont particuli\u00e8rement \u00e9vidents. Contrairement aux mortiers conventionnels, les mortiers guid\u00e9s sont \u00e9quip\u00e9s de syst\u00e8mes de guidage permettant un contr\u00f4le pr\u00e9cis de la trajectoire de l&rsquo;obus vers sa cible. Cette arme redoutable est capable d&rsquo;atteindre des objectifs pr\u00e9cis, tels que des positions ennemies fortifi\u00e9es ou des v\u00e9hicules blind\u00e9s. Dot\u00e9 d&rsquo;\u00e9l\u00e9ments de mesure au laser et d&rsquo;une capacit\u00e9 de frappe pr\u00e9cise, il pr\u00e9sente une forte l\u00e9talit\u00e9, selon un expert militaire. D\u2019apr\u00e8s des sources onusiennes, cette arme n&rsquo;avait jamais \u00e9t\u00e9 rep\u00e9r\u00e9e sur le territoire congolais ni dans l&rsquo;arsenal des Forces arm\u00e9es de la RDC (FARDC).<\/p>\n\n\n\n<p>Comment peut-on \u00e9tablir le lien avec l\u2019arm\u00e9e rwandaise et\/ou avec le M23 ? En examinant les traces laiss\u00e9es sur le terrain, r\u00e9pondent des sources pr\u00e9sentes sur le th\u00e9\u00e2tre des op\u00e9rations. Par exemple, le 27 f\u00e9vrier 2023, au nord de Sake, un char T54 des FARDC a \u00e9t\u00e9 touch\u00e9 par une attaque de mortier. Des combats intenses, impliquant la pr\u00e9sence et les op\u00e9rations des RDF et du M23, ont \u00e9t\u00e9 document\u00e9s dans cette r\u00e9gion \u00e0 ce moment-l\u00e0.<\/p>\n\n\n\n<p>Un autre cas concerne un obus de mortier guid\u00e9 de 120 mm non explos\u00e9, r\u00e9cup\u00e9r\u00e9 par les casques bleus \u00e0 Murambi, pr\u00e8s de Mushaki, en juin 2023. Une pr\u00e9sence de l&rsquo;arm\u00e9e rwandaise avait \u00e9t\u00e9 signal\u00e9e dans cette zone \u00e0 cette p\u00e9riode. En outre, le 24 octobre 2023, les restes d&rsquo;un mortier guid\u00e9 de 120 mm ont \u00e9t\u00e9 retrouv\u00e9s \u00e0 15 m\u00e8tres du camp des FARDC \u00e0 Kanyamahoro. Ce site avait \u00e9t\u00e9 bombard\u00e9 depuis les collines contr\u00f4l\u00e9es par les militaires RDF le m\u00eame jour, selon des sources congolaises et de l&rsquo;ONU.<\/p>\n\n\n\n<h2 class=\"wp-block-heading\">Pr\u00e9sence de syst\u00e8mes anti-a\u00e9riens<\/h2>\n\n\n\n<p>Les moyens a\u00e9riens jouent aussi un r\u00f4le d\u00e9terminant dans ce conflit, comme l&rsquo;illustre l&rsquo;incident du 24 janvier 2023. Ce jour-l\u00e0, un avion de chasse congolais en vol a \u00e9t\u00e9 pris pour cible depuis le territoire rwandais. Malgr\u00e9 une aile en feu, le Sukhoi-25 a r\u00e9ussi \u00e0 atterrir. Kigali a justifi\u00e9 ce tir en accusant le survol ill\u00e9gal de son territoire par l&rsquo;avion congolais.<\/p>\n\n\n\n<p>Le 18 f\u00e9vrier 2024, la tension monte d&rsquo;un cran. Le Rwanda annonce officiellement le d\u00e9ploiement de moyens pour assurer la d\u00e9fense a\u00e9rienne totale de son territoire, en r\u00e9ponse \u00e0 l&rsquo;introduction de drones d&rsquo;attaque chinois CH-4 par la RDC dans les zones op\u00e9rationnelles.<\/p>\n\n\n\n<p>Face \u00e0 la mont\u00e9e de tension, le 20 f\u00e9vrier, Nicolas de Rivi\u00e8re, repr\u00e9sentant permanent de la France aupr\u00e8s des Nations unies, prend la parole lors d&rsquo;une r\u00e9union du Conseil de s\u00e9curit\u00e9 de l\u2019ONU. Il affirme fermement que la souverainet\u00e9 et l&rsquo;int\u00e9grit\u00e9 territoriale de la RDC doivent \u00eatre respect\u00e9es et d\u00e9nonce le d\u00e9ploiement de syst\u00e8mes anti-a\u00e9riens incompatibles avec les capacit\u00e9s d&rsquo;un simple groupe arm\u00e9.<\/p>\n\n\n\n<p>Lors de cette m\u00eame r\u00e9union, l&rsquo;ambassadeur Robert Wood, un des repr\u00e9sentants am\u00e9ricains aux Nations unies, va encore plus loin&nbsp;: il demande au Rwanda de cesser son soutien au M23 et de retirer imm\u00e9diatement ses forces du territoire congolais, ainsi que son syst\u00e8me de missile sol-air ayant intentionnellement vis\u00e9, selon ses sources, les moyens a\u00e9riens de la Monusco. Il souligne \u00e9galement que l&rsquo;attitude du Rwanda, en tant que contributeur majeur aux missions de maintien de la paix de l&rsquo;ONU, est profond\u00e9ment pr\u00e9occupante et m\u00e9rite une \u00e9valuation s\u00e9rieuse de la part de la communaut\u00e9 internationale.<\/p>\n\n\n\n<p>Cette mobilisation de moyens militaires davantage sophistiqu\u00e9s dans une zone o\u00f9 plusieurs arm\u00e9es sont pr\u00e9sentes, notamment la RDC, le Rwanda et le Burundi, ainsi que les contingents de la Monusco et de la SADC, suscite des pr\u00e9occupations majeures et alimente les craintes d&rsquo;une escalade plus grave du conflit.<\/p>\n","protected":false},"excerpt":{"rendered":"<p>L\u2019introduction d&rsquo;armes de plus en plus sophistiqu\u00e9es, ainsi que le d\u00e9ploiement de moyens a\u00e9riens par le groupe arm\u00e9 Mouvement du<\/p>\n","protected":false},"author":1,"featured_media":31813,"comment_status":"open","ping_status":"open","sticky":false,"template":"","format":"standard","meta":{"footnotes":""},"categories":[51],"tags":[],"class_list":["post-31812","post","type-post","status-publish","format-standard","has-post-thumbnail","hentry","category-general"],"_links":{"self":[{"href":"https:\/\/dekkbi.com\/index.php?rest_route=\/wp\/v2\/posts\/31812","targetHints":{"allow":["GET"]}}],"collection":[{"href":"https:\/\/dekkbi.com\/index.php?rest_route=\/wp\/v2\/posts"}],"about":[{"href":"https:\/\/dekkbi.com\/index.php?rest_route=\/wp\/v2\/types\/post"}],"author":[{"embeddable":true,"href":"https:\/\/dekkbi.com\/index.php?rest_route=\/wp\/v2\/users\/1"}],"replies":[{"embeddable":true,"href":"https:\/\/dekkbi.com\/index.php?rest_route=%2Fwp%2Fv2%2Fcomments&post=31812"}],"version-history":[{"count":1,"href":"https:\/\/dekkbi.com\/index.php?rest_route=\/wp\/v2\/posts\/31812\/revisions"}],"predecessor-version":[{"id":31814,"href":"https:\/\/dekkbi.com\/index.php?rest_route=\/wp\/v2\/posts\/31812\/revisions\/31814"}],"wp:featuredmedia":[{"embeddable":true,"href":"https:\/\/dekkbi.com\/index.php?rest_route=\/wp\/v2\/media\/31813"}],"wp:attachment":[{"href":"https:\/\/dekkbi.com\/index.php?rest_route=%2Fwp%2Fv2%2Fmedia&parent=31812"}],"wp:term":[{"taxonomy":"category","embeddable":true,"href":"https:\/\/dekkbi.com\/index.php?rest_route=%2Fwp%2Fv2%2Fcategories&post=31812"},{"taxonomy":"post_tag","embeddable":true,"href":"https:\/\/dekkbi.com\/index.php?rest_route=%2Fwp%2Fv2%2Ftags&post=31812"}],"curies":[{"name":"wp","href":"https:\/\/api.w.org\/{rel}","templated":true}]}}