{"id":31796,"date":"2024-02-22T11:21:20","date_gmt":"2024-02-22T11:21:20","guid":{"rendered":"https:\/\/dekkbi.com\/?p=31796"},"modified":"2024-02-22T11:21:21","modified_gmt":"2024-02-22T11:21:21","slug":"can-2023-sanction-infligee-a-krepin-diatta-le-senegal-entend-saisir-la-tas","status":"publish","type":"post","link":"https:\/\/dekkbi.com\/?p=31796","title":{"rendered":"CAN 2023: sanction inflig\u00e9e \u00e0 Kr\u00e9pin Diatta le S\u00e9n\u00e9gal entend saisir la TAS"},"content":{"rendered":"\n<p>Apr\u00e8s l\u2019annonce de la sanction \u00e0 l\u2019encontre de Kr\u00e9pin Diatta, le S\u00e9n\u00e9gal exprime sa d\u00e9termination et envisage de faire appel aupr\u00e8s de la FIFA pour contester la d\u00e9cision de la Conf\u00e9d\u00e9ration Africaine de Football (CAF).<\/p>\n\n\n\n<p>La F\u00e9d\u00e9ration S\u00e9n\u00e9galaise de Football (FSF) se pr\u00e9pare \u00e0 contester la sanction inflig\u00e9e \u00e0\u00a0Kr\u00e9pin Diatta\u00a0par la CAF. Celui-ci, joueur s\u00e9n\u00e9galais, a \u00e9cop\u00e9 de quatre matchs de suspension, dont deux avec sursis sur une p\u00e9riode d\u2019un an, ainsi que d\u2019une amende de 10 000 dollars am\u00e9ricains, suite \u00e0 des all\u00e9gations de corruption visant des membres de la CAF.<\/p>\n\n\n\n<p>Les accusations ont \u00e9t\u00e9 formul\u00e9es par Diatta apr\u00e8s la d\u00e9faite de l\u2019\u00e9quipe nationale du S\u00e9n\u00e9gal face \u00e0 la C\u00f4te d\u2019Ivoire lors des huiti\u00e8mes de finale de la Coupe d\u2019Afrique des Nations 2024. Cependant, le joueur a ni\u00e9 avoir prof\u00e9r\u00e9 de telles d\u00e9clarations, affirmant qu\u2019il n\u2019avait accord\u00e9 aucune interview dans les vestiaires apr\u00e8s le match.<\/p>\n\n\n\n<p>En r\u00e9action \u00e0 cette sanction, la FSF envisage de faire appel aupr\u00e8s du Tribunal Arbitral du Sport (TAS) afin d\u2019annuler la d\u00e9cision de la CAF. Victor Ciss, secr\u00e9taire g\u00e9n\u00e9ral de la FSF, a pr\u00e9cis\u00e9 que la f\u00e9d\u00e9ration et le joueur examineraient toutes les options de recours disponibles pour contester la d\u00e9cision ou att\u00e9nuer les sanctions prononc\u00e9es.<\/p>\n\n\n\n<p>Toutefois, avant de saisir le TAS, il est imp\u00e9ratif d\u2019\u00e9puiser tous les recours internes au sein de la CAF. Cette d\u00e9marche souligne l\u2019engagement de la FSF \u00e0 d\u00e9fendre les int\u00e9r\u00eats de ses joueurs et \u00e0 garantir un processus \u00e9quitable dans le r\u00e8glement de ce diff\u00e9rend.<\/p>\n","protected":false},"excerpt":{"rendered":"<p>Apr\u00e8s l\u2019annonce de la sanction \u00e0 l\u2019encontre de Kr\u00e9pin Diatta, le S\u00e9n\u00e9gal exprime sa d\u00e9termination et envisage de faire appel<\/p>\n","protected":false},"author":1,"featured_media":15732,"comment_status":"open","ping_status":"open","sticky":false,"template":"","format":"standard","meta":{"footnotes":""},"categories":[9],"tags":[],"class_list":["post-31796","post","type-post","status-publish","format-standard","has-post-thumbnail","hentry","category-sports"],"_links":{"self":[{"href":"https:\/\/dekkbi.com\/index.php?rest_route=\/wp\/v2\/posts\/31796","targetHints":{"allow":["GET"]}}],"collection":[{"href":"https:\/\/dekkbi.com\/index.php?rest_route=\/wp\/v2\/posts"}],"about":[{"href":"https:\/\/dekkbi.com\/index.php?rest_route=\/wp\/v2\/types\/post"}],"author":[{"embeddable":true,"href":"https:\/\/dekkbi.com\/index.php?rest_route=\/wp\/v2\/users\/1"}],"replies":[{"embeddable":true,"href":"https:\/\/dekkbi.com\/index.php?rest_route=%2Fwp%2Fv2%2Fcomments&post=31796"}],"version-history":[{"count":1,"href":"https:\/\/dekkbi.com\/index.php?rest_route=\/wp\/v2\/posts\/31796\/revisions"}],"predecessor-version":[{"id":31797,"href":"https:\/\/dekkbi.com\/index.php?rest_route=\/wp\/v2\/posts\/31796\/revisions\/31797"}],"wp:featuredmedia":[{"embeddable":true,"href":"https:\/\/dekkbi.com\/index.php?rest_route=\/wp\/v2\/media\/15732"}],"wp:attachment":[{"href":"https:\/\/dekkbi.com\/index.php?rest_route=%2Fwp%2Fv2%2Fmedia&parent=31796"}],"wp:term":[{"taxonomy":"category","embeddable":true,"href":"https:\/\/dekkbi.com\/index.php?rest_route=%2Fwp%2Fv2%2Fcategories&post=31796"},{"taxonomy":"post_tag","embeddable":true,"href":"https:\/\/dekkbi.com\/index.php?rest_route=%2Fwp%2Fv2%2Ftags&post=31796"}],"curies":[{"name":"wp","href":"https:\/\/api.w.org\/{rel}","templated":true}]}}