{"id":31777,"date":"2024-02-22T10:14:58","date_gmt":"2024-02-22T10:14:58","guid":{"rendered":"https:\/\/dekkbi.com\/?p=31777"},"modified":"2024-02-22T10:14:58","modified_gmt":"2024-02-22T10:14:58","slug":"arrestation-de-ngagne-demba-toure-les-greffiers-noirs-de-colere","status":"publish","type":"post","link":"https:\/\/dekkbi.com\/?p=31777","title":{"rendered":"Arrestation de Ngagne Demba Tour\u00e9: Les greffiers noirs de col\u00e8re"},"content":{"rendered":"\n<p><strong>Le juge du deuxi\u00e8me Cabinet d\u2019instruction du Tribunal de Dakar n\u2019a pas pu entendre Me Ngagne Demba Tour\u00e9, hier. Les greffiers se sont rassembl\u00e9s en masse devant son bureau pour emp\u00eacher l\u2019audition de leur coll\u00e8gue. Le greffier, qui devait prendre l\u2019audition, a tout bonnement refus\u00e9 de le faire. L\u2019audition est reprogramm\u00e9e pour aujourd\u2019hui. Me Tour\u00e9 est accus\u00e9 d\u2019association de malfaiteurs en rapport avec une entreprise terroriste, d\u2019offense au chef de l\u2019Etat, d\u2019actes de nature \u00e0 compromettre la s\u00e9curit\u00e9 publique ou ayant entra\u00een\u00e9 des troubles politiques graves.&nbsp;<\/strong><\/p>\n\n\n\n<p><strong>Par Malick GAYE \u2013&nbsp;<\/strong>Me Ngagne Demba Tour\u00e9 devait passer sa premi\u00e8re nuit en prison hier. Cueilli \u00e0 son domicile \u00e0 Dakar par la Division des investigations criminelles (Dic) dans le cadre de l\u2019ex\u00e9cution d\u2019un mandat d\u2019arr\u00eat international, il devait \u00eatre entendu par le juge d\u2019instruction du 2\u00e8me Cabinet du Tribunal de Dakar et transf\u00e9r\u00e9 \u00e0 la Maison d\u2019arr\u00eat et de correction (Mac) de Reubeuss. Mais ses coll\u00e8gues en ont d\u00e9cid\u00e9 autrement. En effet, ils se sont rassembl\u00e9s devant le bureau du juge Mamadou Seck pour emp\u00eacher l\u2019audition. Le greffier qui \u00e9tait \u00e0 l\u2019int\u00e9rieur du bureau a tout bonnement refus\u00e9 de prendre l\u2019audition.<\/p>\n\n\n\n<p><strong>Devant ce fait, l\u2019audition a \u00e9t\u00e9 report\u00e9e jusqu\u2019\u00e0 ce matin.&nbsp;<\/strong><br>Coordonnateur de la Jeunesse patriotique du S\u00e9n\u00e9gal de l\u2019ancien parti Pastef, Me Ngagne Demba Tour\u00e9 est poursuivi pour 5 chefs d\u2019accusation. Il est accus\u00e9 d\u2019association de malfaiteurs en rapport avec une entreprise terroriste, d\u2019offense au chef de l\u2019Etat, d\u2019actes de nature \u00e0 compromettre la s\u00e9curit\u00e9 publique ou ayant entra\u00een\u00e9 des troubles politiques graves. Il est aussi accus\u00e9 d\u2019atteinte \u00e0 l\u2019autorit\u00e9 de la Justice et d\u2019outrage \u00e0 magistrat.<\/p>\n\n\n\n<p>Greffier de formation, Me Tour\u00e9 est revenu au S\u00e9n\u00e9gal dimanche dernier, apr\u00e8s un exil de six mois au Mali et au Maroc. Il a \u00e9t\u00e9 aper\u00e7u dans plusieurs vid\u00e9os publi\u00e9es par les m\u00e9dias, dans lesquelles on le voit acclam\u00e9 par ses partisans c\u00e9l\u00e9brant son retour. La sc\u00e8ne se serait pass\u00e9e \u00e0 Grand-Yoff selon plusieurs organes. Dans l\u2019une des vid\u00e9os, le leader de la Jeunesse patriotique du S\u00e9n\u00e9gal de l\u2019ancien parti Pastef, v\u00eatu d\u2019un t-shirt avec le nom de Ousmane Sonko dessus, se hisse sur le toit d\u2019une voiture, au milieu d\u2019une foule.<\/p>\n\n\n\n<p>Faut-il le rappeler, Me Ngagne Demba Tour\u00e9 avait quitt\u00e9 Dakar pour rejoindre Bamako le 10 ao\u00fbt dernier, apr\u00e8s une convocation de la Dic. Il faisait partie des gens qui appelaient les jeunes \u00e0 faire \u00abde la lib\u00e9ration de Ousmane leur combat\u00bb. Ayant choisi de ne pas d\u00e9f\u00e9rer \u00e0 la convocation de la Dic, le juge Mamadou Seck du 2\u00e8me Cabinet d\u2019instruction avait \u00e9mis un mandat d\u2019arr\u00eat international le 22 septembre 2023.<\/p>\n\n\n\n<p>Pour Me Khouressy Ba, son avocat, \u00abdivers d\u00e9lits dont la gravit\u00e9 exag\u00e9r\u00e9e tranche avec la personnalit\u00e9 du mis en cause p\u00e8sent \u00e0 son encontre\u00bb.\u00a0Ce mouvement d\u2019humeur improvis\u00e9 des greffiers interpelle. En effet, les chefs d\u2019accusation qui p\u00e8sent contre Me Ngagne Demba Tour\u00e9 sont des actes pos\u00e9s hors du cadre de la profession. Les greffiers feraient-ils du \u00abcorporatisme\u00bb ?\u00a0\u00abCe n\u2019est pas le cas\u00bb, a souffl\u00e9 un greffier joint par t\u00e9l\u00e9phone. \u00abIl faut qu\u2019on arr\u00eate d\u2019incarc\u00e9rer les gens pour leur opinion politique. Quand on touche \u00e0 un membre de la corporation, c\u2019est toute la profession qui est touch\u00e9e (\u2026). Ils peuvent nous remplacer par les gendarmes s\u2019ils veulent, mais nous allons maintenir la pression jusqu\u2019\u00e0 ce qu\u2019il soit libre\u00bb, a-t-il pr\u00e9cis\u00e9.<\/p>\n\n\n\n<p><br><strong>mgaye@lequotidien.sn<\/strong><\/p>\n","protected":false},"excerpt":{"rendered":"<p>Le juge du deuxi\u00e8me Cabinet d\u2019instruction du Tribunal de Dakar n\u2019a pas pu entendre Me Ngagne Demba Tour\u00e9, hier. Les<\/p>\n","protected":false},"author":1,"featured_media":31778,"comment_status":"open","ping_status":"open","sticky":false,"template":"","format":"standard","meta":{"footnotes":""},"categories":[26],"tags":[],"class_list":["post-31777","post","type-post","status-publish","format-standard","has-post-thumbnail","hentry","category-fait-divers"],"_links":{"self":[{"href":"https:\/\/dekkbi.com\/index.php?rest_route=\/wp\/v2\/posts\/31777","targetHints":{"allow":["GET"]}}],"collection":[{"href":"https:\/\/dekkbi.com\/index.php?rest_route=\/wp\/v2\/posts"}],"about":[{"href":"https:\/\/dekkbi.com\/index.php?rest_route=\/wp\/v2\/types\/post"}],"author":[{"embeddable":true,"href":"https:\/\/dekkbi.com\/index.php?rest_route=\/wp\/v2\/users\/1"}],"replies":[{"embeddable":true,"href":"https:\/\/dekkbi.com\/index.php?rest_route=%2Fwp%2Fv2%2Fcomments&post=31777"}],"version-history":[{"count":1,"href":"https:\/\/dekkbi.com\/index.php?rest_route=\/wp\/v2\/posts\/31777\/revisions"}],"predecessor-version":[{"id":31779,"href":"https:\/\/dekkbi.com\/index.php?rest_route=\/wp\/v2\/posts\/31777\/revisions\/31779"}],"wp:featuredmedia":[{"embeddable":true,"href":"https:\/\/dekkbi.com\/index.php?rest_route=\/wp\/v2\/media\/31778"}],"wp:attachment":[{"href":"https:\/\/dekkbi.com\/index.php?rest_route=%2Fwp%2Fv2%2Fmedia&parent=31777"}],"wp:term":[{"taxonomy":"category","embeddable":true,"href":"https:\/\/dekkbi.com\/index.php?rest_route=%2Fwp%2Fv2%2Fcategories&post=31777"},{"taxonomy":"post_tag","embeddable":true,"href":"https:\/\/dekkbi.com\/index.php?rest_route=%2Fwp%2Fv2%2Ftags&post=31777"}],"curies":[{"name":"wp","href":"https:\/\/api.w.org\/{rel}","templated":true}]}}