{"id":31746,"date":"2024-02-21T12:29:14","date_gmt":"2024-02-21T12:29:14","guid":{"rendered":"https:\/\/dekkbi.com\/?p=31746"},"modified":"2024-02-21T12:29:14","modified_gmt":"2024-02-21T12:29:14","slug":"celebration-iconique-expressions-cultes-nom-kylian-mbappe-veut-proteger-ses-marques-de-fabrique","status":"publish","type":"post","link":"https:\/\/dekkbi.com\/?p=31746","title":{"rendered":"C\u00e9l\u00e9bration iconique, expressions cultes, nom: Kylian Mbapp\u00e9 veut prot\u00e9ger ses marques de fabrique"},"content":{"rendered":"\n<p>La star du football fran\u00e7ais Kylian Mbapp\u00e9 a demand\u00e9 la protection de son nom de famille, de sa c\u00e9l\u00e9bration iconique et d\u2019expressions cultes, rapporte le m\u00e9dia espagnol AS. Le champion du monde aurait d\u00e9pos\u00e9 un dossier aupr\u00e8s de l\u2019Office de l\u2019Union europ\u00e9enne (EUIPO) pour la propri\u00e9t\u00e9 intellectuelle d\u00e9but f\u00e9vrier via un cabinet d\u2019avocats parisien. Le capitaine des Bleus fait tout cela dans un but bien pr\u00e9cis: exploiter un maximum ses marques sur le plan commercial.<\/p>\n\n\n\n<p>La saga Mbapp\u00e9 enflamme l\u2019Europe depuis\u00a0l\u2019annonce de son d\u00e9part du Paris Saint-Germain en fin de la saison.\u00a0L\u2019international fran\u00e7ais serait proche de signer dans le club de ses r\u00eaves, avec lequel il est li\u00e9 depuis plusieurs ann\u00e9es: le Real Madrid. Et comme il en a l\u2019habitude, l\u2019attaquant est sur tous les fronts, m\u00eame en dehors des terrains.<\/p>\n\n\n\n<p>Selon AS, le crack de Bondy a d\u00e9pos\u00e9 une demande le 8 f\u00e9vrier dernier pour renforcer la protection de son nom et de son image. Alors qu&rsquo;il a d\u00e9j\u00e0 d\u00e9pos\u00e9 sept marques ces derni\u00e8res ann\u00e9es, il voudrait d\u00e9sormais r\u00e9server l\u2019utilisation d\u2019une nouvelle marque avec le nom \u201cMbapp\u00e9\u201d. Il souhaiterait \u00e9galement prot\u00e9ger un dessin de sa c\u00e9l\u00e9bration iconique les bras crois\u00e9s, celui repr\u00e9sentant le logo de l\u2019association solidaire avec qu&rsquo;il collabore \u201cWe care for all\u201d et, plus cocasse, ses citations \u201cMoi, tu me parles pas d\u2019\u00e2ge\u201d ainsi que \u201cLe football il a chang\u00e9\u201d.<\/p>\n\n\n\n<p>Cette d\u00e9marche doit permettre \u00e0 Kylian Mbapp\u00e9 d\u2019exploiter au mieux son image et son nom sur le march\u00e9 europ\u00e9en, indique le journal espagnol. Il pourrait ainsi utiliser ses marques dans diff\u00e9rentes cat\u00e9gories de produits comme les cosm\u00e9tiques, le dentifrice, la parfumerie, les combinaisons de plong\u00e9e, les bijoux, le mat\u00e9riel de reliure, les parapluies, les sacs, les articles de voyage. Mais aussi le linge de maison, les v\u00eatements et les chaussures, les jouets, les jeux vid\u00e9o et m\u00eame les d\u00e9corations de sapin de No\u00ebl.<\/p>\n","protected":false},"excerpt":{"rendered":"<p>La star du football fran\u00e7ais Kylian Mbapp\u00e9 a demand\u00e9 la protection de son nom de famille, de sa c\u00e9l\u00e9bration iconique<\/p>\n","protected":false},"author":1,"featured_media":31747,"comment_status":"open","ping_status":"open","sticky":false,"template":"","format":"standard","meta":{"footnotes":""},"categories":[9],"tags":[],"class_list":["post-31746","post","type-post","status-publish","format-standard","has-post-thumbnail","hentry","category-sports"],"_links":{"self":[{"href":"https:\/\/dekkbi.com\/index.php?rest_route=\/wp\/v2\/posts\/31746","targetHints":{"allow":["GET"]}}],"collection":[{"href":"https:\/\/dekkbi.com\/index.php?rest_route=\/wp\/v2\/posts"}],"about":[{"href":"https:\/\/dekkbi.com\/index.php?rest_route=\/wp\/v2\/types\/post"}],"author":[{"embeddable":true,"href":"https:\/\/dekkbi.com\/index.php?rest_route=\/wp\/v2\/users\/1"}],"replies":[{"embeddable":true,"href":"https:\/\/dekkbi.com\/index.php?rest_route=%2Fwp%2Fv2%2Fcomments&post=31746"}],"version-history":[{"count":1,"href":"https:\/\/dekkbi.com\/index.php?rest_route=\/wp\/v2\/posts\/31746\/revisions"}],"predecessor-version":[{"id":31748,"href":"https:\/\/dekkbi.com\/index.php?rest_route=\/wp\/v2\/posts\/31746\/revisions\/31748"}],"wp:featuredmedia":[{"embeddable":true,"href":"https:\/\/dekkbi.com\/index.php?rest_route=\/wp\/v2\/media\/31747"}],"wp:attachment":[{"href":"https:\/\/dekkbi.com\/index.php?rest_route=%2Fwp%2Fv2%2Fmedia&parent=31746"}],"wp:term":[{"taxonomy":"category","embeddable":true,"href":"https:\/\/dekkbi.com\/index.php?rest_route=%2Fwp%2Fv2%2Fcategories&post=31746"},{"taxonomy":"post_tag","embeddable":true,"href":"https:\/\/dekkbi.com\/index.php?rest_route=%2Fwp%2Fv2%2Ftags&post=31746"}],"curies":[{"name":"wp","href":"https:\/\/api.w.org\/{rel}","templated":true}]}}