{"id":31743,"date":"2024-02-21T12:25:51","date_gmt":"2024-02-21T12:25:51","guid":{"rendered":"https:\/\/dekkbi.com\/?p=31743"},"modified":"2024-02-21T12:25:52","modified_gmt":"2024-02-21T12:25:52","slug":"quelles-sont-les-chances-dursula-von-der-leyen-de-se-succeder-a-elle-meme","status":"publish","type":"post","link":"https:\/\/dekkbi.com\/?p=31743","title":{"rendered":"Quelles sont les chances d\u2019Ursula von der Leyen de se succ\u00e9der \u00e0 elle-m\u00eame?"},"content":{"rendered":"\n<p><strong>Comme symbole de l&rsquo;UE<\/strong> : <strong>9\/1<\/strong>0<\/p>\n\n\n\n<p>\u201cQui dois-je appeler si je veux parler \u00e0 l\u2019Europe?\u201d C\u2019est ainsi que plaisantait, dans un pass\u00e9 lointain, Ursula von der Leyen a annonc\u00e9 lundi qu\u2019elle \u00e9tait candidate \u00e0 sa propre succession \u00e0 la pr\u00e9sidence de la Commission europ\u00e9enne. Comment s\u2019est-elle comport\u00e9e au cours de son quinquennat? Et quelles sont ses chances de d\u00e9crocher un nouveau mandat \u00e0 la t\u00eate de l&rsquo;ex\u00e9cutif europ\u00e9en? Voici son bulletin de notes au Berlaymont.<\/p>\n\n\n\n<p>\u00a0le secr\u00e9taire d\u2019\u00c9tat am\u00e9ricain Henry Kissinger, r\u00e9cemment d\u00e9c\u00e9d\u00e9. Aujourd\u2019hui, la r\u00e9ponse \u00e0 cette question est claire et nette: c&rsquo;est \u00e0 Ursula von der Leyen qu\u2019il faut passer un coup de fil. Ces derni\u00e8res ann\u00e9es, c\u2019est elle qui a incarn\u00e9 l\u2019UE. Bien plus que les chefs d\u2019\u00c9tat et de gouvernement, le chef de la diplomatie europ\u00e9enne Josep Borrell ou le pr\u00e9sident du Conseil europ\u00e9en Charles Michel. Les relations entre l\u2019Allemande et ces derniers sont pr\u00e9cis\u00e9ment glaciales pour cette raison. L\u2019ancien Premier ministre belge a souvent accus\u00e9 sa coll\u00e8gue d\u2019empi\u00e9ter sur son terrain ainsi que celui de l\u2019Espagnol. Avec un certain succ\u00e8s, d\u2019ailleurs.<\/p>\n\n\n\n<p>Pourtant, il \u00e9tait loin d\u2019\u00eatre \u00e9vident qu\u2019Ursula von der Leyen r\u00e9ussisse \u00e0 devenir un symbole de l\u2019UE. En Allemagne, elle fut une ministre de la D\u00e9fense plut\u00f4t m\u00e9diocre et elle n\u2019a jamais r\u00e9ussi \u00e0 se faire une place au sein de son parti, la CDU, malgr\u00e9 le soutien inconditionnel de l\u2019ancienne chanceli\u00e8re Angela Merkel. Ses d\u00e9buts \u00e0 la Commission furent tout aussi h\u00e9sitants. <\/p>\n\n\n\n<p><strong>Leadership et communication:  5\/10<\/strong><\/p>\n\n\n\n<p>Arriv\u00e9e dans cet environnement quelque peu hostile &#8211; elle a obtenu la confiance du Parlement europ\u00e9en de justesse (\u00e0 neuf voix pr\u00e8s) &#8211; von der Leyen s\u2019est retir\u00e9e au 13e \u00e9tage du Berlaymont, \u00e0 Bruxelles. La native d\u2019Ixelles a alors opt\u00e9 pour un exercice solitaire et vertical du pouvoir, s\u2019entourant presque exclusivement d\u2019Allemands. D\u2019ailleurs, sa communication se faisait &#8211; surtout au d\u00e9but, mais encore aujourd\u2019hui &#8211; essentiellement par l\u2019interm\u00e9diaire des m\u00e9dias allemands, ce qui lui a valu de nombreuses critiques. Tout comme son utilisation fr\u00e9quente du \u201cje\u201d au lieu du \u201cnous\u201d.<\/p>\n\n\n\n<p><strong>Gestion de crise : 6\/10<\/strong><\/p>\n\n\n\n<p>Mme Von der Leyen et ses partisans aiment \u00e0 pr\u00e9senter son bilan en tant que \u201cgestionnaire de crise\u201d. De fait, elle a d\u00fb faire face successivement au covid, \u00e0 la guerre en Ukraine et la crise \u00e9nerg\u00e9tique qui s\u2019en est suivie. \u201cFournir des masques et des vaccins, et assurer l\u2019unit\u00e9 europ\u00e9enne en pleine pand\u00e9mie, voil\u00e0 la grande r\u00e9ussite d\u2019Ursula von der Leyen et de la Commission\u201d, a f\u00e9licit\u00e9 lundi le pr\u00e9sident de la CDU, Friedrich Merz.<\/p>\n\n\n\n<p>L\u2019Allemand a manifestement la m\u00e9moire courte (ou s\u00e9lective, c&rsquo;est selon). D\u00e9but f\u00e9vrier 2021, Ursula von der Leyen a d\u00fb se rendre au Parlement europ\u00e9en pour rendre des comptes sur la politique vaccinale d\u00e9faillante de l\u2019UE. Face \u00e0 une gestion catastrophique des commandes, les dirigeants europ\u00e9ens ont d\u00e9cid\u00e9 de confier le dossier \u00e0 une task force dirig\u00e9e par le commissaire europ\u00e9en fran\u00e7ais Thierry Breton. Ce dernier a travaill\u00e9 en \u00e9troite collaboration avec le secteur industriel pour \u00e9liminer les goulets d\u2019\u00e9tranglement dans la cha\u00eene de production et d\u2019approvisionnement et augmenter la capacit\u00e9 de production. Rappelons \u00e9galement l\u2019\u00e9pisode du m\u00e9ga-contrat de vaccins n\u00e9goci\u00e9 par SMS avec le patron de Pfizer,\u00a0ce qui lui a valu une plainte au p\u00e9nal\u00a0pour \u201cusurpation de fonctions et de titre\u201d, de \u201cdestruction de documents publics\u201d et de \u201cprise ill\u00e9gale d\u2019int\u00e9r\u00eats et corruption\u201d.<\/p>\n\n\n\n<p>N\u00e9anmoins, le pouvoir d\u2019Ursula von der Leyen s&rsquo;est clairement renforc\u00e9 suite \u00e0 ces diff\u00e9rentes crises.<\/p>\n\n\n\n<p><strong>Mise en \u0153uvre de son programme: 6\/10<\/strong><\/p>\n\n\n\n<p>Dans son dernier discours sur l\u2019\u00e9tat de l\u2019Union, la pr\u00e9sidente de la Commission a r\u00e9v\u00e9l\u00e9 qu\u2019elle avait tenu 92 % de ses engagements annonc\u00e9s en 2019: le Green Deal, la r\u00e9gulation des grands acteurs du num\u00e9rique, la s\u00e9curit\u00e9 \u00e9conomique. Depuis, elle a \u00e9galement travaill\u00e9 sur la r\u00e9forme du march\u00e9 de l\u2019\u00e9lectricit\u00e9, le pacte migratoire et les r\u00e8gles fiscales.<\/p>\n\n\n\n<p>Le Green Deal &#8211; qui vise la neutralit\u00e9 carbone d\u2019ici 2050 avec un objectif interm\u00e9diaire de r\u00e9duction des gaz \u00e0 effet de serre de 55 % par rapport aux niveaux de 1990 d\u2019ici 2030 &#8211; \u00e9tait de loin son projet le plus important. Apr\u00e8s la pand\u00e9mie de coronavirus et la perte du gaz russe, ce pacte vert avait encore un nombre raisonnable de partisans. C&rsquo;est nettement moins le cas aujourd\u2019hui. Si les partis eurosceptiques se sont toujours battus contre le Green Deal, il se heurte d\u00e9sormais \u00e0 une opposition de plus en plus forte. En mai dernier, Emmanuel Macron avait ainsi appel\u00e9 \u00e0 une \u201cpause r\u00e9glementaire.\u201d En septembre, Ursula von der Leyen a traduit ce souhait du pr\u00e9sident fran\u00e7ais par \u201cune nouvelle phase\u201d. D\u00e9but f\u00e9vrier, elle a toutefois pr\u00e9sent\u00e9 un nouvel objectif interm\u00e9diaire sur la route de 2050. Une mani\u00e8re de remettre le Green Deal au centre de la bataille \u00e9lectorale europ\u00e9enne et de sa propre campagne pour un second mandat. Et pour cause, elle ne peut tout bonnement pas renoncer \u00e0 son principal fait d&rsquo;armes politique.<\/p>\n\n\n\n<p>Mais elle devra mettre de l\u2019eau dans son vin. Son pays, l\u2019Allemagne, est en r\u00e9cession, l\u2019industrie allemande d\u00e9localise en raison des prix \u00e9lev\u00e9s de l\u2019\u00e9nergie et l\u2019industrie automobile est \u00e0 bout de souffle. Manfred Weber, pr\u00e9sident du Parti populaire europ\u00e9en (centre-droit) auquel appartient la CDU, veut annuler l\u2019interdiction progressive des moteurs thermiques pr\u00e9vue pour 2035.<\/p>\n\n\n\n<p><strong>Chances de d\u00e9crocher un nouveau manda: 90%<\/strong><\/p>\n\n\n\n<p>Elles sont \u00e9normes. En r\u00e9alit\u00e9, il n\u2019y a pas vraiment de suspense. Faute de concurrence, Ursula von der Leyen sera officiellement d\u00e9sign\u00e9e comme \u201cSpitzenkandidat\u201d lors du congr\u00e8s du PPE d\u00e9but mars \u00e0 Bucarest. De plus, le PPE a besoin de von der Leyen pour conserver la pr\u00e9sidence de la Commission. Et elle a besoin de l\u2019\u00e9tiquette du parti pour conserver son poste: si le PPE sort vainqueur des \u00e9lections comme le pr\u00e9voient les sondages, elle se succ\u00e9dera \u00e0 elle-m\u00eame.<\/p>\n\n\n\n<p>Il s\u2019agira au mieux d\u2019un mariage de raison. Ursula von der Leyen est trop progressiste et trop \u201cverte\u201d pour la droite europ\u00e9enne. Elle-m\u00eame semble l\u2019avoir compris. Ou du moins, elle fait semblant de l\u2019avoir compris. Le Green Deal n\u2019occupe plus la m\u00eame place dans son esprit. Au lieu de cela, c\u2019est la s\u00e9curit\u00e9 de l\u2019UE qui sera d\u00e9sormais au centre des pr\u00e9occupations. \u00c0 la fin de la semaine derni\u00e8re, \u00e0 Munich, elle a notamment demand\u00e9 la cr\u00e9ation d\u2019un poste de commissaire \u00e0 la D\u00e9fense, qui serait responsable de l\u2019industrie de la d\u00e9fense europ\u00e9enne. Un gros clin d\u2019\u0153il \u00e0 Paris.<\/p>\n\n\n\n<p>Dans sa qu\u00eate d&rsquo;un nouveau mandat, Ursula von der Leyen sera largement soutenue par la France, l\u2019Allemagne ou encore l\u2019Espagne. La voie est donc royale. Toutefois, les 27 \u00c9tats membres devront se mettre d\u2019accord sur plusieurs postes \u00e0 responsabilit\u00e9s (<em>topjobs<\/em>) apr\u00e8s les \u00e9lections europ\u00e9ennes (dont celui de Charles Michel, qui partira en novembre), et des tensions peuvent toujours appara\u00eetre lors de telles n\u00e9gociations.<\/p>\n","protected":false},"excerpt":{"rendered":"<p>Comme symbole de l&rsquo;UE : 9\/10 \u201cQui dois-je appeler si je veux parler \u00e0 l\u2019Europe?\u201d C\u2019est ainsi que plaisantait, dans<\/p>\n","protected":false},"author":1,"featured_media":31744,"comment_status":"open","ping_status":"open","sticky":false,"template":"","format":"standard","meta":{"footnotes":""},"categories":[6],"tags":[],"class_list":["post-31743","post","type-post","status-publish","format-standard","has-post-thumbnail","hentry","category-politics"],"_links":{"self":[{"href":"https:\/\/dekkbi.com\/index.php?rest_route=\/wp\/v2\/posts\/31743","targetHints":{"allow":["GET"]}}],"collection":[{"href":"https:\/\/dekkbi.com\/index.php?rest_route=\/wp\/v2\/posts"}],"about":[{"href":"https:\/\/dekkbi.com\/index.php?rest_route=\/wp\/v2\/types\/post"}],"author":[{"embeddable":true,"href":"https:\/\/dekkbi.com\/index.php?rest_route=\/wp\/v2\/users\/1"}],"replies":[{"embeddable":true,"href":"https:\/\/dekkbi.com\/index.php?rest_route=%2Fwp%2Fv2%2Fcomments&post=31743"}],"version-history":[{"count":1,"href":"https:\/\/dekkbi.com\/index.php?rest_route=\/wp\/v2\/posts\/31743\/revisions"}],"predecessor-version":[{"id":31745,"href":"https:\/\/dekkbi.com\/index.php?rest_route=\/wp\/v2\/posts\/31743\/revisions\/31745"}],"wp:featuredmedia":[{"embeddable":true,"href":"https:\/\/dekkbi.com\/index.php?rest_route=\/wp\/v2\/media\/31744"}],"wp:attachment":[{"href":"https:\/\/dekkbi.com\/index.php?rest_route=%2Fwp%2Fv2%2Fmedia&parent=31743"}],"wp:term":[{"taxonomy":"category","embeddable":true,"href":"https:\/\/dekkbi.com\/index.php?rest_route=%2Fwp%2Fv2%2Fcategories&post=31743"},{"taxonomy":"post_tag","embeddable":true,"href":"https:\/\/dekkbi.com\/index.php?rest_route=%2Fwp%2Fv2%2Ftags&post=31743"}],"curies":[{"name":"wp","href":"https:\/\/api.w.org\/{rel}","templated":true}]}}