{"id":31712,"date":"2024-02-21T11:25:45","date_gmt":"2024-02-21T11:25:45","guid":{"rendered":"https:\/\/dekkbi.com\/?p=31712"},"modified":"2024-02-21T11:25:45","modified_gmt":"2024-02-21T11:25:45","slug":"cayar-morcellement-de-la-bande-de-filaos-les-populations-denoncent-un-lotissement-scandaleux","status":"publish","type":"post","link":"https:\/\/dekkbi.com\/?p=31712","title":{"rendered":"Cayar \u2013 Morcellement de la bande de filaos : Les populations d\u00e9noncent \u00abun lotissement scandaleux\u00bb"},"content":{"rendered":"\n<p><strong>Des \u00abactions d\u00e9vastatrices sur la bande de filaos \u00e0 Cayar, pour les besoins d\u2019un lotissement portant sur 37 ha dont la premi\u00e8re phase est de 27\u00bb, sont d\u00e9nonc\u00e9es par le Collectif pour la d\u00e9fense de l\u2019environnement \u00abSaytu Sunu Momel\u00bb de Cayar, un regroupement de citoyens originaires du village traditionnel des p\u00eacheurs, dont l\u2019objectif est d\u2019\u0153uvrer pour la protection de l\u2019environnement et du cadre de vie de la population locale.<\/strong><\/p>\n\n\n\n<p><strong>Par Cheikh CAMARA \u2013\u00a0<\/strong>\u00abOn est en train de terrasser des milliers de filaos se situant sur le bloc 19 sur la bande de filaos n\u00b02 situ\u00e9e \u00e0 l\u2019Est de Cayar, avec ses pr\u00e9judices sur l\u2019environnement, le cadre de vie et les activit\u00e9s mara\u00eech\u00e8res dans la zone et ce, en violation flagrante du Code de l\u2019environnement et du Code forestier\u00bb, s\u2019offusquent le porte-parole du jour, Lamine Dram\u00e9, et ses camarades, au cours d\u2019un face-\u00e0-face avec la presse. Ils remarquent que \u00abcette bande, qui est du domaine forestier class\u00e9, vise la fixation des dunes et la protection du domaine mara\u00eecher gr\u00e2ce aux efforts conjugu\u00e9s de l\u2019Usaid et de l\u2019Acdi, dans le cadre des projets PL480 et Ctl (Conservation des terroirs du littoral), sur une surface de 125 ha\u00bb.<\/p>\n\n\n\n<p><br>Aussi, ils soulignent : \u00abPour p\u00e9renniser cette bande, le service forestier, en relation avec ses partenaires, a \u00e9labor\u00e9 un plan d\u2019am\u00e9nagement du littoral nord dont l\u2019objectif g\u00e9n\u00e9ral consiste \u00e0 maintenir, par la stabilisation des dunes, la fonction primordiale de protection. En effet, le peuplement doit constituer un bouclier efficace contre l\u2019ensablement de terres de culture, de l\u2019habitat humain et faunique, et des infrastructures de la zone concern\u00e9e.\u00bb Ceci, rappelle le collectif \u00abSaytu Sunu Momel\u00bb, \u00abnous conforte \u00e0 l\u2019id\u00e9e que cette bande fait partie int\u00e9grante du p\u00e9rim\u00e8tre de restauration, zone prot\u00e9g\u00e9e, et qu\u2019il ne s\u2019agit nullement d\u2019un \u00abbois de village\u00bb, comme le pr\u00e9tendent ces pr\u00e9dateurs fonciers avec leur r\u00e9seau de complices \u00e0 tous les niveaux, dont le seul objectif est de s\u2019enrichir honteusement sur le dos des populations\u00bb. Ainsi, Lamine Dram\u00e9 et ses camarades de mesurer, sans aucun doute, \u00ables cons\u00e9quences dramatiques sur l\u2019\u00e9rosion c\u00f4ti\u00e8re, l\u2019avanc\u00e9e des dunes qui va entra\u00eener in\u00e9luctablement la d\u00e9gradation des p\u00e9rim\u00e8tres mara\u00eechers\u00bb. Le maraichage, renseignent-ils, \u00aboccupant la 2\u00e8me place dans l\u2019\u00e9conomie locale, \u00e0 c\u00f4t\u00e9 de la p\u00eache qui vit une crise sans pr\u00e9c\u00e9dent avec l\u2019extr\u00eame rar\u00e9faction des produits halieutiques\u00bb, en plus des vagues de d\u00e9parts, par milliers, vers \u00abbarsa ou barsak\u00bb, d\u2019o\u00f9, se permettent-ils d\u2019imaginer, \u00abl\u2019assombrissement de l\u2019avenir des populations de Cayar\u00bb.<\/p>\n\n\n\n<p><strong>Accus\u00e9s levez-vous\u00a0!<\/strong><\/p>\n\n\n\n<p>\u00abNos autorit\u00e9s municipales dont la mission devrait \u00eatre d\u2019impulser et de contribuer au d\u00e9veloppement durable de l\u2019\u00e9conomie locale, gr\u00e2ce aux effets induits de ce domaine forestier sur les activit\u00e9s maraich\u00e8res, sont les initiatrices de ces actions d\u00e9vastatrices, dans le plus grand m\u00e9pris des populations\u00bb, d\u00e9nonce le collectif \u00abSaytu Sunu Momel\u00bb, qui dit constater que \u00abdepuis leur av\u00e8nement \u00e0 la t\u00eate de la municipalit\u00e9, elles ont comme ligne directrice, l\u2019agression de la bande de filaos \u00e0 tous les niveaux, ramenant leur comp\u00e9tence en environnement et Grn \u00e0 la destruction des ressources naturelles et au d\u00e9r\u00e8glement de l\u2019environnement\u00bb. Et de souligner\u00a0: \u00abL\u2019arr\u00eat\u00e9 portant suspension des travaux de terrassement sur le site en dit long sur l\u2019inconscience et l\u2019irresponsabilit\u00e9 de ceux-l\u00e0 qui nous dirigent. Suspendre les travaux, avec comme motif les risques de confrontation du fait de l\u2019existence de plus de 2 protocoles sign\u00e9s par le maire entre plus de 2 promoteurs, est une aberration. Au-del\u00e0 de nous \u00e9difier sur la personnalit\u00e9 du maire, il met \u00e0 nu les dividendes \u00e9normes que devront tirer ces profiteurs de promoteurs, \u00e9trangers de la commune, sur nos ressources.\u00bb Et, poursuivent Lamine Dram\u00e9 et ses camarades, \u00abc\u2019est l\u00e0 o\u00f9 \u00e7a fait le plus mal\u00bb. A leurs yeux, \u00abjustifier ce lotissement par la volont\u00e9 de donner des parcelles de terres aux jeunes et donner des quotas qui aiguisent l\u2019app\u00e9tit \u00e0 des promoteurs encagoul\u00e9s est une insulte \u00e0 ces jeunes\u00bb.<\/p>\n\n\n\n<p><br>Le Collectif pour la d\u00e9fense de l\u2019environnement \u00abSaytu Sunu Momel\u00bb de Cayar demande aux autorit\u00e9s de ce pays, notamment le pr\u00e9sident de la R\u00e9publique qui, rappelle-t-il, \u00aba fait de la protection de l\u2019environnement un des axes majeurs du Plan S\u00e9n\u00e9gal \u00e9mergent (Pse)\u00bb, d\u2019\u00abagir en faisant arr\u00eater ces travaux et de demander la remise en l\u2019\u00e9tat du site\u00bb. Au ministre de l\u2019Urbanisme, il demande l\u2019\u00abannulation de l\u2019arr\u00eat\u00e9 portant autorisation de lotir\u00bb.<\/p>\n\n\n\n<p>Correspondant LEQUOTIDIDEN<\/p>\n","protected":false},"excerpt":{"rendered":"<p>Des \u00abactions d\u00e9vastatrices sur la bande de filaos \u00e0 Cayar, pour les besoins d\u2019un lotissement portant sur 37 ha dont<\/p>\n","protected":false},"author":1,"featured_media":31713,"comment_status":"open","ping_status":"open","sticky":false,"template":"","format":"standard","meta":{"footnotes":""},"categories":[21],"tags":[],"class_list":["post-31712","post","type-post","status-publish","format-standard","has-post-thumbnail","hentry","category-societe"],"_links":{"self":[{"href":"https:\/\/dekkbi.com\/index.php?rest_route=\/wp\/v2\/posts\/31712","targetHints":{"allow":["GET"]}}],"collection":[{"href":"https:\/\/dekkbi.com\/index.php?rest_route=\/wp\/v2\/posts"}],"about":[{"href":"https:\/\/dekkbi.com\/index.php?rest_route=\/wp\/v2\/types\/post"}],"author":[{"embeddable":true,"href":"https:\/\/dekkbi.com\/index.php?rest_route=\/wp\/v2\/users\/1"}],"replies":[{"embeddable":true,"href":"https:\/\/dekkbi.com\/index.php?rest_route=%2Fwp%2Fv2%2Fcomments&post=31712"}],"version-history":[{"count":1,"href":"https:\/\/dekkbi.com\/index.php?rest_route=\/wp\/v2\/posts\/31712\/revisions"}],"predecessor-version":[{"id":31714,"href":"https:\/\/dekkbi.com\/index.php?rest_route=\/wp\/v2\/posts\/31712\/revisions\/31714"}],"wp:featuredmedia":[{"embeddable":true,"href":"https:\/\/dekkbi.com\/index.php?rest_route=\/wp\/v2\/media\/31713"}],"wp:attachment":[{"href":"https:\/\/dekkbi.com\/index.php?rest_route=%2Fwp%2Fv2%2Fmedia&parent=31712"}],"wp:term":[{"taxonomy":"category","embeddable":true,"href":"https:\/\/dekkbi.com\/index.php?rest_route=%2Fwp%2Fv2%2Fcategories&post=31712"},{"taxonomy":"post_tag","embeddable":true,"href":"https:\/\/dekkbi.com\/index.php?rest_route=%2Fwp%2Fv2%2Ftags&post=31712"}],"curies":[{"name":"wp","href":"https:\/\/api.w.org\/{rel}","templated":true}]}}