{"id":31709,"date":"2024-02-21T11:23:13","date_gmt":"2024-02-21T11:23:13","guid":{"rendered":"https:\/\/dekkbi.com\/?p=31709"},"modified":"2024-02-21T11:23:14","modified_gmt":"2024-02-21T11:23:14","slug":"les-accusant-detre-des-complices-de-macky-tas-tire-sur-certains-candidats","status":"publish","type":"post","link":"https:\/\/dekkbi.com\/?p=31709","title":{"rendered":"Les accusant d\u2019\u00eatre des \u00abcomplices\u00bb de Macky : TAS tire sur certains candidats"},"content":{"rendered":"\n<p>Thierno Alassane Sall s\u2019en est pris, \u00e0 travers les r\u00e9seaux sociaux, aux candidats qui ont rencontr\u00e9 le Pr\u00e9sident Macky et ceux qui avaient engag\u00e9 de mani\u00e8re discr\u00e8te avec lui des discussions en vue d\u2019un report de l\u2019\u00e9lection pr\u00e9sidentielle. Le candidat et leader du parti La R\u00e9publique des valeurs (Rv) fait \u00e9tat de \u00abdiscussions avec les candidats recal\u00e9s (qui) n\u2019\u00e9taient qu\u2019une vaste mascarade pour justifier\u00bb le \u00abcoup d\u2019Etat constitutionnel\u00bb du Pr\u00e9sident Macky Sall. \u00abOn sait aujourd\u2019hui que bien avant cette rencontre, des rencontres discr\u00e8tes avaient lieu, qui ne visaient que le report de l\u2019\u00e9lection\u00bb, fait remarquer le d\u00e9put\u00e9 non inscrit.<\/p>\n\n\n\n<p>Poursuivant, il souligne que \u00abceux qui ont propos\u00e9 des compromis coupables tels que l\u2019amnistie, une \u00e9lection inclusive, sont complices de la d\u00e9stabilisation orchestr\u00e9e par Macky Sall sous nos yeux\u00bb. Pour TAS, ces derniers \u00abportent \u00e9galement une grande responsabilit\u00e9 dans le cycle de violence vers lequel le S\u00e9n\u00e9gal se dirige, ainsi que les 3 morts d\u00e9j\u00e0 enregistr\u00e9s\u00bb. \u00abOn ne fonde pas une paix durable sur le m\u00e9pris des lois\u00bb, a fait comprendre l\u2019homme politique.<br>Peignant le chef de l\u2019Etat sous les traits de quelqu\u2019un qui ne respecte pas ses promesses, Thierno Alasssane Sall d\u00e9clare&nbsp;: \u00abMacky Sall r\u00e9affirmait devant le S\u00e9n\u00e9gal et le monde, le caract\u00e8re d\u00e9finitif et sans recours des d\u00e9cisions du Conseil constitutionnel. Il confirmait que l\u2019\u00e9lection pr\u00e9sidentielle se tiendrait le 25 f\u00e9vrier. On sait ce qu\u2019il advint de ce bel esprit r\u00e9publicain et l\u00e9galiste : le 3 f\u00e9vrier, le chef supr\u00eame des Arm\u00e9es, Macky Sall, se mit devant les S\u00e9n\u00e9galais pour annoncer ce qui s\u2019av\u00e8re \u00eatre un coup d\u2019Etat constitutionnel.\u00bb<\/p>\n","protected":false},"excerpt":{"rendered":"<p>Thierno Alassane Sall s\u2019en est pris, \u00e0 travers les r\u00e9seaux sociaux, aux candidats qui ont rencontr\u00e9 le Pr\u00e9sident Macky et<\/p>\n","protected":false},"author":1,"featured_media":31710,"comment_status":"open","ping_status":"open","sticky":false,"template":"","format":"standard","meta":{"footnotes":""},"categories":[6],"tags":[],"class_list":["post-31709","post","type-post","status-publish","format-standard","has-post-thumbnail","hentry","category-politics"],"_links":{"self":[{"href":"https:\/\/dekkbi.com\/index.php?rest_route=\/wp\/v2\/posts\/31709","targetHints":{"allow":["GET"]}}],"collection":[{"href":"https:\/\/dekkbi.com\/index.php?rest_route=\/wp\/v2\/posts"}],"about":[{"href":"https:\/\/dekkbi.com\/index.php?rest_route=\/wp\/v2\/types\/post"}],"author":[{"embeddable":true,"href":"https:\/\/dekkbi.com\/index.php?rest_route=\/wp\/v2\/users\/1"}],"replies":[{"embeddable":true,"href":"https:\/\/dekkbi.com\/index.php?rest_route=%2Fwp%2Fv2%2Fcomments&post=31709"}],"version-history":[{"count":1,"href":"https:\/\/dekkbi.com\/index.php?rest_route=\/wp\/v2\/posts\/31709\/revisions"}],"predecessor-version":[{"id":31711,"href":"https:\/\/dekkbi.com\/index.php?rest_route=\/wp\/v2\/posts\/31709\/revisions\/31711"}],"wp:featuredmedia":[{"embeddable":true,"href":"https:\/\/dekkbi.com\/index.php?rest_route=\/wp\/v2\/media\/31710"}],"wp:attachment":[{"href":"https:\/\/dekkbi.com\/index.php?rest_route=%2Fwp%2Fv2%2Fmedia&parent=31709"}],"wp:term":[{"taxonomy":"category","embeddable":true,"href":"https:\/\/dekkbi.com\/index.php?rest_route=%2Fwp%2Fv2%2Fcategories&post=31709"},{"taxonomy":"post_tag","embeddable":true,"href":"https:\/\/dekkbi.com\/index.php?rest_route=%2Fwp%2Fv2%2Ftags&post=31709"}],"curies":[{"name":"wp","href":"https:\/\/api.w.org\/{rel}","templated":true}]}}