{"id":31703,"date":"2024-02-21T11:15:45","date_gmt":"2024-02-21T11:15:45","guid":{"rendered":"https:\/\/dekkbi.com\/?p=31703"},"modified":"2024-02-21T11:15:46","modified_gmt":"2024-02-21T11:15:46","slug":"visite-de-la-coalition-de-lancien-maire-de-dakar-la-caravane-de-khalifa-sall-gazee-a-yoff","status":"publish","type":"post","link":"https:\/\/dekkbi.com\/?p=31703","title":{"rendered":"Visite de la coalition de l\u2019ancien maire de Dakar : La caravane de Khalifa Sall \u00abgaz\u00e9e\u00bb \u00e0 Yoff"},"content":{"rendered":"\n<p>L\u2019ancien maire de Dakar, Khalifa Sall, n\u2019est pas au bout de ses peines. Alors qu\u2019il effectuait une visite, hier \u00e0 Yoff, sur invitation&nbsp;du maire Seydina Issa Laye Samb, pour \u00e9changer avec ses militants, sa caravane a \u00e9t\u00e9 gaz\u00e9e. Sur une vid\u00e9o post\u00e9e par Seneweb, les partisans du&nbsp;&nbsp;leader de la Coalition \u00abKhalifa Pr\u00e9sident\u00bb se sont mis \u00e0 courir, le mouchoir coll\u00e9 au nez, pour \u00e9chapper \u00e0 la fum\u00e9e \u00e2cre qui s\u2019\u00e9chappe des gaz lacrymog\u00e8nes.<\/p>\n\n\n\n<p>Accompagn\u00e9s de ses gardes du corps perch\u00e9s sur sa voiture, Khalifa Sall a tenu tout de m\u00eame \u00e0 poursuivre&nbsp;sa visite dans la cit\u00e9 religieuse. La 5\u00e8me adjointe au maire de Yoff, Sokhna Adja Sylla Thiaw, s\u2019est d\u00e9sol\u00e9e \u00abdu comportement des Forces de l\u2019ordre\u00bb vis-\u00e0-vis de la caravane de l\u2019ancien maire de la capitale.<\/p>\n\n\n\n<p>Ce n\u2019est pas la premi\u00e8re fois que Khalifa Sall fait face \u00e0 ce genre de situation. Alors qu\u2019on se projetait vers la fin de la collecte des parrainages, l\u2019ancien maire de Dakar et candidat \u00e0 la Pr\u00e9sidentielle, en tourn\u00e9e dans la r\u00e9gion de Matam, dans le Nord du pays, s\u2019\u00e9tait vu emp\u00eacher d\u2019acc\u00e9der \u00e0 certaines communes avec sa caravane de campagne.&nbsp;Son convoi avait connu le m\u00eame sort en se voyant bloqu\u00e9 entre les localit\u00e9s de Ndiosmone et de Ngoh\u00e9 par les gendarmes de Fatick, malgr\u00e9 sa d\u00e9claration faite au niveau de la Pr\u00e9fecture en d\u00e9cembre dernier. D\u2019autres leaders de l\u2019opposition comme Ousmane Sonko et Bougane Gu\u00e8ye Dany avaient subi le m\u00eame traitement.<br><strong>Par Amadou MBODJI \u2013 ambodji@lequotidien.sn<\/strong><\/p>\n","protected":false},"excerpt":{"rendered":"<p>L\u2019ancien maire de Dakar, Khalifa Sall, n\u2019est pas au bout de ses peines. Alors qu\u2019il effectuait une visite, hier \u00e0<\/p>\n","protected":false},"author":1,"featured_media":31704,"comment_status":"open","ping_status":"open","sticky":false,"template":"","format":"standard","meta":{"footnotes":""},"categories":[26],"tags":[],"class_list":["post-31703","post","type-post","status-publish","format-standard","has-post-thumbnail","hentry","category-fait-divers"],"_links":{"self":[{"href":"https:\/\/dekkbi.com\/index.php?rest_route=\/wp\/v2\/posts\/31703","targetHints":{"allow":["GET"]}}],"collection":[{"href":"https:\/\/dekkbi.com\/index.php?rest_route=\/wp\/v2\/posts"}],"about":[{"href":"https:\/\/dekkbi.com\/index.php?rest_route=\/wp\/v2\/types\/post"}],"author":[{"embeddable":true,"href":"https:\/\/dekkbi.com\/index.php?rest_route=\/wp\/v2\/users\/1"}],"replies":[{"embeddable":true,"href":"https:\/\/dekkbi.com\/index.php?rest_route=%2Fwp%2Fv2%2Fcomments&post=31703"}],"version-history":[{"count":1,"href":"https:\/\/dekkbi.com\/index.php?rest_route=\/wp\/v2\/posts\/31703\/revisions"}],"predecessor-version":[{"id":31705,"href":"https:\/\/dekkbi.com\/index.php?rest_route=\/wp\/v2\/posts\/31703\/revisions\/31705"}],"wp:featuredmedia":[{"embeddable":true,"href":"https:\/\/dekkbi.com\/index.php?rest_route=\/wp\/v2\/media\/31704"}],"wp:attachment":[{"href":"https:\/\/dekkbi.com\/index.php?rest_route=%2Fwp%2Fv2%2Fmedia&parent=31703"}],"wp:term":[{"taxonomy":"category","embeddable":true,"href":"https:\/\/dekkbi.com\/index.php?rest_route=%2Fwp%2Fv2%2Fcategories&post=31703"},{"taxonomy":"post_tag","embeddable":true,"href":"https:\/\/dekkbi.com\/index.php?rest_route=%2Fwp%2Fv2%2Ftags&post=31703"}],"curies":[{"name":"wp","href":"https:\/\/api.w.org\/{rel}","templated":true}]}}