{"id":31700,"date":"2024-02-21T11:07:51","date_gmt":"2024-02-21T11:07:51","guid":{"rendered":"https:\/\/dekkbi.com\/?p=31700"},"modified":"2024-02-21T11:13:17","modified_gmt":"2024-02-21T11:13:17","slug":"fin-de-la-greve-des-concessionnaires-letat-nettoie-son-ardoise","status":"publish","type":"post","link":"https:\/\/dekkbi.com\/?p=31700","title":{"rendered":"Fin de la gr\u00e8ve des concessionnaires: L\u2019\u00c9tat nettoie son ardoise"},"content":{"rendered":"\n<p><strong>Le Collectif des concessionnaires du nettoiement, qui r\u00e9clame plus de 14 milliards d\u2019arri\u00e9r\u00e9s de salaires, a finalement arr\u00eat\u00e9 son mouvement de gr\u00e8ve d\u00e9clench\u00e9 ce lundi. M\u00eame si ses requ\u00eates ne sont pas prises enti\u00e8rement en compte, il annonce que l\u2019Etat s\u2019est engag\u00e9 imm\u00e9diatement \u00e0 payer ses cr\u00e9ances.<\/strong><\/p>\n\n\n\n<p><strong>Par Justin GOMIS \u2013&nbsp;<\/strong>Apr\u00e8s un peu plus de 24h de gr\u00e8ve, Dakar va sentir moins mauvais. Le Collectif des concessionnaires du nettoiement a d\u00e9cid\u00e9 de mettre fin \u00e0 son mouvement de gr\u00e8ve d\u00e9clench\u00e9 lundi pour exiger la r\u00e9gularisation de six mois d\u2019arri\u00e9r\u00e9s de paiement. Selon son communiqu\u00e9, cette \u00ablev\u00e9e du mouvement de gr\u00e8ve tient compte du contexte \u00e9conomique actuel et de l\u2019engagement de l\u2019Etat \u00e0 d\u00e9marrer imm\u00e9diatement le paiement des arri\u00e9r\u00e9s contract\u00e9s \u00e0 travers la Soci\u00e9t\u00e9 nationale de gestion int\u00e9gr\u00e9e des d\u00e9chets (Sonaged), sur une p\u00e9riode \u00e9tal\u00e9e de trois semaines\u00bb. Par cons\u00e9quent, les concessionnaires ont d\u00e9cid\u00e9 ainsi de&nbsp;\u00abreprendre leurs activit\u00e9s \u00e0 compter de ce jour, tout en restant en lien \u00e9troit avec les autorit\u00e9s en vue d\u2019assurer le suivi des engagements pris relativement aux paiements attendus\u00bb. Et les rotations ont repris pour nettoyer Dakar dont la poubelle commence \u00e0 d\u00e9border.<\/p>\n\n\n\n<p>Il faut noter que le Collectif des concessionnaires a assur\u00e9 que l\u2019Etat reste lui devoir une ardoise de 14 milliards 400 millions de francs allant du mois de juillet au mois de d\u00e9cembre 2023, sans compter les deux mois de l\u2019ann\u00e9e 2024.<\/p>\n\n\n\n<p><br>\u00abC\u2019est depuis le mois de juillet que nous avions donn\u00e9 une r\u00e9ponse ferme et d\u00e9finitive \u00e0 la question du r\u00e8glement des arri\u00e9r\u00e9s des factures jusqu\u2019au 30 juin 2023 et au solde du 2e semestre de l\u2019ann\u00e9e 2023 au plus tard le 15 janvier 2024\u00bb, avait indiqu\u00e9\u00a0 Boubacar Diallo, leur porte-parole, lors de leur conf\u00e9rence de presse tenue lundi.<\/p>\n\n\n\n<p>Il faut savoir que l\u2019Etat avait assur\u00e9 \u00able paiement int\u00e9gral de la dette de 2023 sur le budget initial de 2024 avant le 20 janvier, afin de solder int\u00e9gralement la dette, l\u2019\u00e9mission d\u2019une lettre pour nous d\u00e9sengager des banques par rapport aux avances sur facture et&nbsp; le paiement des factures courantes de 2024 le 15 suivant de chaque fin de mois\u00bb.<br><strong>justin@lequotiduen.sn<\/strong><\/p>\n","protected":false},"excerpt":{"rendered":"<p>Le Collectif des concessionnaires du nettoiement, qui r\u00e9clame plus de 14 milliards d\u2019arri\u00e9r\u00e9s de salaires, a finalement arr\u00eat\u00e9 son mouvement<\/p>\n","protected":false},"author":1,"featured_media":31660,"comment_status":"open","ping_status":"open","sticky":false,"template":"","format":"standard","meta":{"footnotes":""},"categories":[26],"tags":[],"class_list":["post-31700","post","type-post","status-publish","format-standard","has-post-thumbnail","hentry","category-fait-divers"],"_links":{"self":[{"href":"https:\/\/dekkbi.com\/index.php?rest_route=\/wp\/v2\/posts\/31700","targetHints":{"allow":["GET"]}}],"collection":[{"href":"https:\/\/dekkbi.com\/index.php?rest_route=\/wp\/v2\/posts"}],"about":[{"href":"https:\/\/dekkbi.com\/index.php?rest_route=\/wp\/v2\/types\/post"}],"author":[{"embeddable":true,"href":"https:\/\/dekkbi.com\/index.php?rest_route=\/wp\/v2\/users\/1"}],"replies":[{"embeddable":true,"href":"https:\/\/dekkbi.com\/index.php?rest_route=%2Fwp%2Fv2%2Fcomments&post=31700"}],"version-history":[{"count":2,"href":"https:\/\/dekkbi.com\/index.php?rest_route=\/wp\/v2\/posts\/31700\/revisions"}],"predecessor-version":[{"id":31702,"href":"https:\/\/dekkbi.com\/index.php?rest_route=\/wp\/v2\/posts\/31700\/revisions\/31702"}],"wp:featuredmedia":[{"embeddable":true,"href":"https:\/\/dekkbi.com\/index.php?rest_route=\/wp\/v2\/media\/31660"}],"wp:attachment":[{"href":"https:\/\/dekkbi.com\/index.php?rest_route=%2Fwp%2Fv2%2Fmedia&parent=31700"}],"wp:term":[{"taxonomy":"category","embeddable":true,"href":"https:\/\/dekkbi.com\/index.php?rest_route=%2Fwp%2Fv2%2Fcategories&post=31700"},{"taxonomy":"post_tag","embeddable":true,"href":"https:\/\/dekkbi.com\/index.php?rest_route=%2Fwp%2Fv2%2Ftags&post=31700"}],"curies":[{"name":"wp","href":"https:\/\/api.w.org\/{rel}","templated":true}]}}