{"id":31694,"date":"2024-02-21T11:03:27","date_gmt":"2024-02-21T11:03:27","guid":{"rendered":"https:\/\/dekkbi.com\/?p=31694"},"modified":"2024-02-21T11:03:39","modified_gmt":"2024-02-21T11:03:39","slug":"etre-candidat-a-la-presidentielle-nest-pas-une-condition-pour-obtenir-la-liberte-provisoire-ministre","status":"publish","type":"post","link":"https:\/\/dekkbi.com\/?p=31694","title":{"rendered":"\u00a0Etre candidat \u00e0 la pr\u00e9sidentielle n\u2019est pas une condition pour obtenir la libert\u00e9 provisoire (ministre)"},"content":{"rendered":"\n<p>Dakar,  (APS) \u2013 La Garde des Sceaux, ministre de la Justice, Aissata Tall Sall, a pr\u00e9cis\u00e9, mardi, que le fait d\u2019\u00eatre candidat \u00e0 l\u2019\u00e9lection pr\u00e9sidentielle n\u2019\u00e9tait\u00a0 pas une condition pour obtenir une libert\u00e9 provisoire.<\/p>\n\n\n\n<p>\u201dIl faut le rappeler et que cela soit clair pour tout le monde. Le fait d\u2019\u00eatre candidat \u00e0 l\u2019\u00e9lection pr\u00e9sidentielle n\u2019est pas une condition pour obtenir la libert\u00e9 provisoire au S\u00e9n\u00e9gal\u201d, a-t-elle d\u00e9clar\u00e9 lors d\u2019une conf\u00e9rence de presse sur l\u2019actualit\u00e9 judiciaire.<\/p>\n\n\n\n<p>Interrog\u00e9e sur la situation de Bassirou Diomaye Faye, candidat \u00e0 l\u2019\u00e9lection pr\u00e9sidentielle, plac\u00e9 sous mandat de d\u00e9p\u00f4t depuis le 18 avril 2023 pour \u201dactes de natures \u00e0 compromettre la paix publique, outrage \u00e0 magistrat et diffamation \u00e0 l\u2019encontre d\u2019un corps constitu\u00e9\u201d, la ministre a expliqu\u00e9 que \u201dle S\u00e9n\u00e9gal est un Etat de droit o\u00f9 la loi s\u2019applique \u00e0 tous de la m\u00eame mani\u00e8re, sans distinction\u201d.<\/p>\n\n\n\n<p>Selon la Garde des Sceaux, \u201dc\u2019est au juge d\u2019instruction de d\u00e9cider, sur la base d\u2019appr\u00e9ciation d\u2019\u00e9l\u00e9ments objectifs de son dossier, s\u2019il doit ou non, \u00eatre lib\u00e9r\u00e9\u201d.<\/p>\n\n\n\n<p>Bassirou Diomaye Faye est candidat \u00e0 l\u2019\u00e9lection pr\u00e9sidentielle sous la banni\u00e8re \u201dDiomaye pr\u00e9sident\u201d. Ses partisans et de nombreuses voix s\u2019\u00e9l\u00e8vent pour r\u00e9clamer sa lib\u00e9ration afin de lui permettre de battre campagne.<\/p>\n\n\n\n<p>La ministre de la Justice a par ailleurs soulign\u00e9, concernant le retour d\u2019exil d\u2019un des cadres de l\u2019ex Pastef, Ngagne Demba Tour\u00e9, que tous les mandats d\u2019arr\u00eats \u00e9mis jusqu\u2019ici, s\u2019ex\u00e9cuteront \u00e9galement, conform\u00e9ment \u00e0 la loi.<\/p>\n\n\n\n<p>MK\/OID\/AKS<\/p>\n","protected":false},"excerpt":{"rendered":"<p>Dakar, (APS) \u2013 La Garde des Sceaux, ministre de la Justice, Aissata Tall Sall, a pr\u00e9cis\u00e9, mardi, que le fait<\/p>\n","protected":false},"author":1,"featured_media":31695,"comment_status":"open","ping_status":"open","sticky":false,"template":"","format":"standard","meta":{"footnotes":""},"categories":[6],"tags":[],"class_list":["post-31694","post","type-post","status-publish","format-standard","has-post-thumbnail","hentry","category-politics"],"_links":{"self":[{"href":"https:\/\/dekkbi.com\/index.php?rest_route=\/wp\/v2\/posts\/31694","targetHints":{"allow":["GET"]}}],"collection":[{"href":"https:\/\/dekkbi.com\/index.php?rest_route=\/wp\/v2\/posts"}],"about":[{"href":"https:\/\/dekkbi.com\/index.php?rest_route=\/wp\/v2\/types\/post"}],"author":[{"embeddable":true,"href":"https:\/\/dekkbi.com\/index.php?rest_route=\/wp\/v2\/users\/1"}],"replies":[{"embeddable":true,"href":"https:\/\/dekkbi.com\/index.php?rest_route=%2Fwp%2Fv2%2Fcomments&post=31694"}],"version-history":[{"count":1,"href":"https:\/\/dekkbi.com\/index.php?rest_route=\/wp\/v2\/posts\/31694\/revisions"}],"predecessor-version":[{"id":31696,"href":"https:\/\/dekkbi.com\/index.php?rest_route=\/wp\/v2\/posts\/31694\/revisions\/31696"}],"wp:featuredmedia":[{"embeddable":true,"href":"https:\/\/dekkbi.com\/index.php?rest_route=\/wp\/v2\/media\/31695"}],"wp:attachment":[{"href":"https:\/\/dekkbi.com\/index.php?rest_route=%2Fwp%2Fv2%2Fmedia&parent=31694"}],"wp:term":[{"taxonomy":"category","embeddable":true,"href":"https:\/\/dekkbi.com\/index.php?rest_route=%2Fwp%2Fv2%2Fcategories&post=31694"},{"taxonomy":"post_tag","embeddable":true,"href":"https:\/\/dekkbi.com\/index.php?rest_route=%2Fwp%2Fv2%2Ftags&post=31694"}],"curies":[{"name":"wp","href":"https:\/\/api.w.org\/{rel}","templated":true}]}}