{"id":31653,"date":"2024-02-20T16:35:25","date_gmt":"2024-02-20T16:35:25","guid":{"rendered":"https:\/\/dekkbi.com\/?p=31653"},"modified":"2024-02-20T16:35:25","modified_gmt":"2024-02-20T16:35:25","slug":"le-pit-appelle-a-raffermir-lexception-senegalaise","status":"publish","type":"post","link":"https:\/\/dekkbi.com\/?p=31653","title":{"rendered":"Le PIT appelle \u00e0 \u201craffermir l\u2019exception s\u00e9n\u00e9galaise\u201d"},"content":{"rendered":"\n<p>Dakar,  (APS) \u2013 Le Parti de l\u2019ind\u00e9pendance et du travail (PIT, majorit\u00e9) invite \u201ctoutes les forces politiques\u201d, ainsi que les diff\u00e9rents segments de la vie sociale et religieuse du S\u00e9n\u00e9gal, \u201c\u00e0 cautionner sans r\u00e9serve\u201d le dialogue pr\u00e9conis\u00e9 par le chef de l\u2019Etat \u201cpour pr\u00e9server notre pays du chaos et pour maintenir voire raffermir l\u2019exception s\u00e9n\u00e9galaise en Afrique\u201d, indique-t-il dans une r\u00e9solution de son dernier comit\u00e9 central.<\/p>\n\n\n\n<p>Le comit\u00e9 central du PIT s\u2019est r\u00e9uni en session ordinaire le 18 f\u00e9vrier dernier, pour notamment \u00e9couter et discuter d\u2019un \u201cimportant rapport\u201d de son bureau politique portant \u201csur l\u2019analyse approfondie de la situation politique nationale marqu\u00e9e par une grave crise politico-judiciaire in\u00e9dite et complexe, li\u00e9e \u00e0 l\u2019\u00e9lection pr\u00e9sidentielle\u201d.<\/p>\n\n\n\n<p>\u201cAnalysant la situation du pays, le comit\u00e9 central constate avec regret que la grave crise politique a \u00e9t\u00e9 provoqu\u00e9e et nourrie par diverses man\u0153uvres entreprises pour le report de l\u2019\u00e9lection pr\u00e9sidentielle, en violation des dispositions de la Constitution, fondement de la R\u00e9publique\u201d, peut-on lire dans une r\u00e9solution.<\/p>\n\n\n\n<p>Le comit\u00e9 central du PIT \u201cconsid\u00e8re que le non-respect des pr\u00e9rogatives des institutions de la R\u00e9publique a gravement contribu\u00e9 \u00e0 la gen\u00e8se et au d\u00e9veloppement de cette crise politique\u201d, laquelle, \u201ctout en \u00e9branlant la R\u00e9publique dans ses fondements, a menac\u00e9 du coup la stabilit\u00e9 des Institutions, la paix civile et expos\u00e9 le pays \u00e0 une aventure dangereuse\u201d.<\/p>\n\n\n\n<p>En \u201cprenant la pleine mesure des dangers encourus du fait de cette situation aussi grave qu\u2019in\u00e9dite\u201d, il \u201cse r\u00e9jouit de la sage d\u00e9cision du Conseil Constitutionnel en date du 15 f\u00e9vrier 2024\u201d, qui \u201cabroge toutes les dispositions non conformes \u00e0 la Constitution et demande explicitement aux autorit\u00e9s comp\u00e9tentes de tenir l\u2019\u00e9lection pr\u00e9sidentielle dans les meilleurs d\u00e9lais\u201d.<\/p>\n\n\n\n<p>Selon la r\u00e9solution rendue publique par le comit\u00e9 central du PIT, \u201ccette invite \u00e0 revenir \u00e0 la l\u00e9galit\u00e9 constitutionnelle, act\u00e9e et accept\u00e9e par le pr\u00e9sident de la R\u00e9publique, est une solution de sortie de crise\u201d, et \u201ctraduit, en m\u00eame temps, la r\u00e9alit\u00e9 forte de la pr\u00e9valence de l\u2019\u00c9tat de droit dans notre pays\u201d.<\/p>\n\n\n\n<p>Le comit\u00e9 central salue l\u2019engagement du pr\u00e9sident de la R\u00e9publique \u201c\u00e0 ex\u00e9cuter pleinement la d\u00e9cision du Conseil constitutionnel. Dans le m\u00eame \u00e9lan, et pour r\u00e9sorber la crise\u201d, il \u201cengage le Parti de l\u2019ind\u00e9pendance et du travail du S\u00e9n\u00e9gal \u00e0 participer activement aux initiatives\u201d du chef de l\u2019Etat, \u201cen vue de l\u2019organisation d\u2019une \u00e9lection pr\u00e9sidentielle apais\u00e9e, libre, d\u00e9mocratique et transparente\u201d.<\/p>\n\n\n\n<p>De m\u00eame, invite-t-il \u201ctoutes les forces politiques, celles de la soci\u00e9t\u00e9 civile (expression en principe d\u2019une vraie citoyennet\u00e9 pr\u00e9occup\u00e9e de stabilit\u00e9), les centrales syndicales (soucieuses en toute circonstance de l\u2019int\u00e9r\u00eat des travailleurs) et les autorit\u00e9s religieuses et coutumi\u00e8res (garantes de la paix sociale et civile), \u00e0 cautionner sans r\u00e9serve ce n\u00e9cessaire dialogue pour pr\u00e9server notre pays du chaos et pour maintenir voire raffermir l\u2019exception s\u00e9n\u00e9galaise en Afrique\u201d.<\/p>\n\n\n\n<p>Dans un message radiot\u00e9l\u00e9vis\u00e9 \u00e0 la nation, le pr\u00e9sident Macky Sall avait annonc\u00e9 avoir d\u00e9cid\u00e9 d\u2019annuler son d\u00e9cret&nbsp;convoquant les \u00e9lecteurs aux urnes pour la pr\u00e9sidentielle initialement pr\u00e9vue le 25 f\u00e9vrier.<\/p>\n\n\n\n<p>Il a invoqu\u00e9 des soup\u00e7ons de corruption concernant des magistrats parmi ceux qui ont proc\u00e9d\u00e9 \u00e0 l\u2019examen des 93 dossiers de candidature et jug\u00e9 recevables 20 d\u2019entre eux.<\/p>\n\n\n\n<p>L\u2019Assembl\u00e9e nationale a vot\u00e9, deux jours plus tard, une proposition parlementaire reportant le scrutin pr\u00e9sidentiel au 15 d\u00e9cembre prochain.<\/p>\n\n\n\n<p>Le Conseil constitutionnel a jug\u00e9 contraire \u00e0 la Constitution la loi reportant au 15 d\u00e9cembre prochain l\u2019\u00e9lection pr\u00e9sidentielle.<\/p>\n\n\n\n<p>Il a annul\u00e9 en m\u00eame temps le d\u00e9cret avec lequel Macky Sall a renonc\u00e9 \u00e0 la convocation des \u00e9lecteurs aux urnes pour l\u2019\u00e9lection d\u2019un nouveau pr\u00e9sident de la R\u00e9publique, le 25 f\u00e9vrier, tout en invitant les autorit\u00e9s concern\u00e9es \u00e0 organiser la pr\u00e9sidentielle \u201ddans les meilleurs d\u00e9lais\u201d.<\/p>\n\n\n\n<p>BK\/ASG<\/p>\n","protected":false},"excerpt":{"rendered":"<p>Dakar, (APS) \u2013 Le Parti de l\u2019ind\u00e9pendance et du travail (PIT, majorit\u00e9) invite \u201ctoutes les forces politiques\u201d, ainsi que les<\/p>\n","protected":false},"author":1,"featured_media":31654,"comment_status":"open","ping_status":"open","sticky":false,"template":"","format":"standard","meta":{"footnotes":""},"categories":[6],"tags":[],"class_list":["post-31653","post","type-post","status-publish","format-standard","has-post-thumbnail","hentry","category-politics"],"_links":{"self":[{"href":"https:\/\/dekkbi.com\/index.php?rest_route=\/wp\/v2\/posts\/31653","targetHints":{"allow":["GET"]}}],"collection":[{"href":"https:\/\/dekkbi.com\/index.php?rest_route=\/wp\/v2\/posts"}],"about":[{"href":"https:\/\/dekkbi.com\/index.php?rest_route=\/wp\/v2\/types\/post"}],"author":[{"embeddable":true,"href":"https:\/\/dekkbi.com\/index.php?rest_route=\/wp\/v2\/users\/1"}],"replies":[{"embeddable":true,"href":"https:\/\/dekkbi.com\/index.php?rest_route=%2Fwp%2Fv2%2Fcomments&post=31653"}],"version-history":[{"count":1,"href":"https:\/\/dekkbi.com\/index.php?rest_route=\/wp\/v2\/posts\/31653\/revisions"}],"predecessor-version":[{"id":31655,"href":"https:\/\/dekkbi.com\/index.php?rest_route=\/wp\/v2\/posts\/31653\/revisions\/31655"}],"wp:featuredmedia":[{"embeddable":true,"href":"https:\/\/dekkbi.com\/index.php?rest_route=\/wp\/v2\/media\/31654"}],"wp:attachment":[{"href":"https:\/\/dekkbi.com\/index.php?rest_route=%2Fwp%2Fv2%2Fmedia&parent=31653"}],"wp:term":[{"taxonomy":"category","embeddable":true,"href":"https:\/\/dekkbi.com\/index.php?rest_route=%2Fwp%2Fv2%2Fcategories&post=31653"},{"taxonomy":"post_tag","embeddable":true,"href":"https:\/\/dekkbi.com\/index.php?rest_route=%2Fwp%2Fv2%2Ftags&post=31653"}],"curies":[{"name":"wp","href":"https:\/\/api.w.org\/{rel}","templated":true}]}}