{"id":3163,"date":"2022-11-11T12:16:00","date_gmt":"2022-11-11T12:16:00","guid":{"rendered":"https:\/\/dekkbi.com\/?p=3163"},"modified":"2022-11-11T12:16:01","modified_gmt":"2022-11-11T12:16:01","slug":"mbaye-ndiaye-directeur-des-structures-de-lapr-macky-est-notre-candidat-pour-2024","status":"publish","type":"post","link":"https:\/\/dekkbi.com\/?p=3163","title":{"rendered":"Mbaye Ndiaye, directeur des Structures de l\u2019Apr : \u00abMacky est notre candidat pour 2024\u00bb"},"content":{"rendered":"\n<p><strong>En d\u00e9pit de sa long\u00e9vit\u00e9 politique, Mbaye Ndiaye ne sait pas faire dans la langue de bois. Dans cet entretien, le directeur des Structures de l\u2019Apr, qui va proc\u00e9der demain au lancement de la vente de ses cartes de membre, d\u00e9clare&nbsp;: \u00abNotre candidat \u00e0 la Pr\u00e9sidentielle de 2024 est le Pr\u00e9sident Macky Sall.\u00bb Pour lui, le moment est venu de rendre publique cette candidature qui est officielle au sein de l\u2019Apr. \u00abIl n\u2019y a pas de Plan B, de plan C ou plan X\u00bb, encha\u00eene le ministre d\u2019Etat \u00e0 la Pr\u00e9sidence.<\/strong><\/p>\n\n\n\n<p><strong>M. le ministre d\u2019Etat, vous proc\u00e9dez ce samedi \u00e0 la vente des cartes de l\u2019Alliance pour la R\u00e9\u00adpublique (Apr). Quels sont les enjeux de cette op\u00e9ration pour votre parti&nbsp;?<\/strong><br>Il faut dire qu\u2019apr\u00e8s 14 ann\u00e9es d\u2019existence de l\u2019Apr-Yaakaar, le moment est venu aujourd\u2019hui de r\u00e9pondre \u00e0 l\u2019attente des populations, qui demandent d\u2019avoir des cartes de membre de notre parti. Nous allons vers une \u00e9lection pr\u00e9sidentielle en 2024, il faut que le parti soit alors pr\u00eat pour prendre en charge l\u2019identification de tous les militants et sympathisants de l\u2019Apr-Yaakaar. En tant que directeur des Structures de l\u2019Apr-Yaakaar, je suis oblig\u00e9 de prendre toutes les dispositions utiles pour que cela soit un succ\u00e8s. Comme on l\u2019avait fait en 2012 \u00e0 travers l\u2019organisation d\u2019un congr\u00e8s pour pr\u00e9senter la candidature du Pr\u00e9sident Macky Sall, je suis aujourd\u2019hui dans les m\u00eames dispositions pour donner toutes les chances \u00e0 la candidature de notre pr\u00e9sident.<\/p>\n\n\n\n<p><strong>Quelles sont les dispositions que vous avez prises pour que cette op\u00e9ration soit r\u00e9ussie&nbsp;?<\/strong><br>Nous sommes habitu\u00e9s \u00e0 ce type d\u2019organisation, qui concerne l\u2019animation et la massification du parti. Aujourd\u2019hui, nous avons 46 d\u00e9partements au S\u00e9n\u00e9gal, sans oublier les 8 de la diaspora. Ce qui fait un total de 54. Le directeur des Structures que je suis et l\u2019ensemble des collaborateurs, suivant les instructions du pr\u00e9sident du parti, j\u2019ai pu mobiliser plus de 200 superviseurs, qui vont sillonner les 46 d\u00e9partements et aussi la diapora, pour faire passer le message de la mobilisation dans la vente des cartes, pour que cette op\u00e9ration soit r\u00e9ussie, transparente et inclusive. Pour que tous les S\u00e9n\u00e9\u00adgalais, qui veulent accompagner le Pr\u00e9sident Macky Sall \u00e0 travers son parti, puissent acheter leurs cartes. J\u2019ai choisi 10 commissaires par commune si l\u2019on sait que le S\u00e9n\u00e9gal en compte 553. J\u2019ai mobilis\u00e9 5530 commissaires politiques dispos\u00e9s \u00e0 faire le travail dans la massification du parti et le comptage des voix. En 2012, en tant que directeur des Structures, je disposais, quand on allait au congr\u00e8s d\u2019investiture au nom du parti et du Pr\u00e9sident Macky Sall, de 4000 comit\u00e9s. Et chaque comit\u00e9 comptait 100 personnes. \u00c7a faisait 400 mille membres et militants de l\u2019Apr-Yaakaar. Aux \u00e9lections de 2012, nous sommes sortis au premier tour avec un peu plus de 780 mille votants en faveur du Pr\u00e9sident Macky Sall. Vous voyez que le nombre de militants a \u00e9t\u00e9 multipli\u00e9 par 2. Si nous avions 4 mille comit\u00e9s \u00e0 l\u2019\u00e9poque, cette fois-ci je cible 130 mille comit\u00e9s et chacun va compter 50 membres. Ce qui va faire \u00e0-peu-pr\u00e8s 1 million 500 mille cartes \u00e0 placer au S\u00e9n\u00e9gal et dans la diaspora. A l\u2019arriv\u00e9e, si nous avons 1 million 500 mille militants, ajout\u00e9s au coefficient du pr\u00e9sident, nous pouvons esp\u00e9rer plus de 3 millions de voix pour la candidature de l\u2019Apr-Yaakaar et de la mouvance pr\u00e9sidentielle en 2024.<\/p>\n\n\n\n<p><strong>Depuis 2008, c\u2019est la premi\u00e8re fois que vous proc\u00e9dez \u00e0 une telle op\u00e9ration. Pourquoi vous \u00eates rest\u00e9s aussi longtemps sans le faire\u00a0?<\/strong><\/p>\n\n\n\n<p><br>Il faut savoir que les 4 mille comit\u00e9s que nous avions en son temps sont rest\u00e9s vivants et nous sommes parvenus \u00e0 assurer l\u2019animation du parti. Aujourd\u2019hui, la demande est devenue tellement forte qu\u2019il faut n\u00e9cessairement reprendre la vente des cartes pour enclencher une nouvelle mobilisation, une nouvelle animation en vue des enjeux qui arrivent.<\/p>\n\n\n\n<p><strong>Vous \u00eates une exception dans votre parti, en \u00e9tant le directeur des Structures de votre parti. On peut parler de d\u00e9but de la structuration de l\u2019Apr\u00a0?<\/strong><\/p>\n\n\n\n<p><br>Oui\u00a0! Disons qu\u2019on ne change pas une \u00e9quipe qui gagne. Jusqu\u2019ici, les comit\u00e9s constituent la base de responsabilit\u00e9 politique dans l\u2019Apr-Yaakaar. Rien ne nous oblige \u00e0 faire des combinaisons verticales en tombant dans des risques de querelles inutiles. Je pense que ceux qui occupent la gestion de la responsabilit\u00e9 collective sont une \u00e9quipe gagnante. Je pense qu\u2019il faut la maintenir. On va voir et le Pr\u00e9sident appr\u00e9ciera quand on aura fait tout ce travail. Est-ce qu\u2019il va juger utile de faire une restructuration du parti ou on va continuer \u00e0 fonctionner comme on l\u2019a fait jusqu\u2019ici\u00a0? On verra.<\/p>\n\n\n\n<p><strong>Cette op\u00e9ration ne cacherait-elle pas une volont\u00e9 du Pr\u00e9sident de pr\u00e9senter une troisi\u00e8me candidature \u00e0 la Pr\u00e9sidentielle\u00a0?<\/strong><\/p>\n\n\n\n<p><br>On ne cache rien. Au contraire, le moment est venu de le dire. Je dois dire \u00e0 la population s\u00e9n\u00e9galaise et \u00e0 l\u2019opinion internationale\u00a0que la candidature \u00e0 la Pr\u00e9sidentielle est port\u00e9e par un parti politique au profit de l\u2019un de ses membres. Le moment est venu de ne plus attendre que le Pr\u00e9sident Macky Sall dise que je suis candidat. L\u2019Apr a d\u00e9cid\u00e9, \u00e0 travers ma voix, directeur des Structures, de pr\u00e9senter le Pr\u00e9sident Macky Sall, candidat de l\u2019Apr-Yaakaar et de la mouvance pr\u00e9sidentielle. On ne s\u2019en cache pas. Au contraire, je souhaite que ce d\u00e9bat devienne celui de tous les militants de l\u2019Apr. Nous sommes des militants et nous avons d\u00e9cid\u00e9 de soutenir, d\u2019accompagner le Pr\u00e9sident Macky Sall au profit des S\u00e9n\u00e9galaises et S\u00e9n\u00e9galais, pour que sa candidature lui permette de terminer ou d\u2019accro\u00eetre ce qu\u2019il est en train de r\u00e9aliser \u00e0 travers le Plan S\u00e9n\u00e9gal \u00e9mergent.<\/p>\n\n\n\n<p><strong>Vous parlez en votre nom ou c\u2019est une d\u00e9cision officielle prise par l\u2019Apr\u00a0?<\/strong><\/p>\n\n\n\n<p><br>Elle est officielle au niveau du parti et de toutes les personnes qui soutiennent le Pr\u00e9sident Macky Sall. A l\u2019Apr, il n\u2019y a plus de d\u00e9bat autour de cette question\u00a0: notre candidat \u00e0 la Pr\u00e9sidentielle de 2024 est le Pr\u00e9sident Macky Sall.<\/p>\n\n\n\n<p><strong>Vu le d\u00e9bat qu\u2019il y a autour de cette question, vous croyez qu\u2019il va accepter\u00a0?<\/strong><\/p>\n\n\n\n<p><br>C\u2019est une obligation qu\u2019il \u00e9coute le parti et se conforme \u00e0 sa d\u00e9cision. Il est notre candidat. Et il n\u2019y a pas de plan B, de plan C ou plan X. Le seul plan qui existe est la candidature du Pr\u00e9sident Macky Sall pour la Pr\u00e9sidentielle de 2024.<\/p>\n\n\n\n<p><strong>Samedi, le pr\u00e9sident de l\u2019Apr sera \u00e0 la c\u00e9r\u00e9monie pour acheter sa carte aussi\u2026<\/strong><\/p>\n\n\n\n<p><br>J\u2019invite les 200 superviseurs de l\u2019Apr-Yaakaar \u00e0 assister \u00e0 la c\u00e9r\u00e9monie de lancement de la campagne de vente des cartes du parti \u00e0 la Permanence, pour qu\u2019on puisse ensemble assister \u00e0 l\u2019achat de la premi\u00e8re carte du parti par le Pr\u00e9sident Macky Sall, pr\u00e9sident de l\u2019Apr-Yaakaar. Ils doivent \u00eatre imp\u00e9rativement pr\u00e9sents \u00e0 ce rendez-vous pour en faire un \u00e9v\u00e8nement r\u00e9ussi. Apr\u00e8s le pr\u00e9sident, nous allons tous acheter nos cartes de membre de l\u2019Apr-Yaakaar. Apr\u00e8s cela, le discours est simple\u00a0: chacun doit aller monter son comit\u00e9 de 50 personnes pour pr\u00e9parer la prochaine \u00e9ch\u00e9ance.<\/p>\n\n\n\n<p><strong>Le Pr\u00e9sident a proc\u00e9d\u00e9 derni\u00e8rement \u00e0 la baisse du prix des denr\u00e9es, du loyer, apr\u00e8s les concertations nationales sur la chert\u00e9 de la vie\u2026<\/strong><\/p>\n\n\n\n<p><br>Comme tous les S\u00e9n\u00e9galais, j\u2019appr\u00e9cie ces d\u00e9cisions. La gestion d\u2019un Etat est faite de complications, de probl\u00e8mes, de difficult\u00e9s\u2026 L\u2019essentiel est que ceux qui sont aux commandes puissent relever les d\u00e9fis en trouvant des solutions. Ce que le Pr\u00e9sident Macky Sall est en train de faire honore tous les S\u00e9n\u00e9galais, ses d\u00e9cisions nous engagent tous. Il y a des chocs qui ne d\u00e9pendent pas du S\u00e9n\u00e9gal, du Pr\u00e9sident Macky Sall, mais ces conjonctures sont li\u00e9es \u00e0 des circonstances internationales.<\/p>\n\n\n\n<p>NB\u00a0: L\u2019affaire de l\u2019arrestation de son fils, \u00e9crou\u00e9 \u00e0 Thi\u00e8s pour trafic pr\u00e9sum\u00e9 de faux-billets, ne faisait pas partie du protocole d\u2019interview.<\/p>\n\n\n\n<p><br><strong>Propos recueillis par Bocar SAKHO<\/strong><br><strong>bsakho@lequotidien.sn<\/strong><\/p>\n","protected":false},"excerpt":{"rendered":"<p>En d\u00e9pit de sa long\u00e9vit\u00e9 politique, Mbaye Ndiaye ne sait pas faire dans la langue de bois. Dans cet entretien,<\/p>\n","protected":false},"author":1,"featured_media":3164,"comment_status":"open","ping_status":"open","sticky":false,"template":"","format":"standard","meta":{"footnotes":""},"categories":[6],"tags":[],"class_list":["post-3163","post","type-post","status-publish","format-standard","has-post-thumbnail","hentry","category-politics"],"_links":{"self":[{"href":"https:\/\/dekkbi.com\/index.php?rest_route=\/wp\/v2\/posts\/3163","targetHints":{"allow":["GET"]}}],"collection":[{"href":"https:\/\/dekkbi.com\/index.php?rest_route=\/wp\/v2\/posts"}],"about":[{"href":"https:\/\/dekkbi.com\/index.php?rest_route=\/wp\/v2\/types\/post"}],"author":[{"embeddable":true,"href":"https:\/\/dekkbi.com\/index.php?rest_route=\/wp\/v2\/users\/1"}],"replies":[{"embeddable":true,"href":"https:\/\/dekkbi.com\/index.php?rest_route=%2Fwp%2Fv2%2Fcomments&post=3163"}],"version-history":[{"count":1,"href":"https:\/\/dekkbi.com\/index.php?rest_route=\/wp\/v2\/posts\/3163\/revisions"}],"predecessor-version":[{"id":3165,"href":"https:\/\/dekkbi.com\/index.php?rest_route=\/wp\/v2\/posts\/3163\/revisions\/3165"}],"wp:featuredmedia":[{"embeddable":true,"href":"https:\/\/dekkbi.com\/index.php?rest_route=\/wp\/v2\/media\/3164"}],"wp:attachment":[{"href":"https:\/\/dekkbi.com\/index.php?rest_route=%2Fwp%2Fv2%2Fmedia&parent=3163"}],"wp:term":[{"taxonomy":"category","embeddable":true,"href":"https:\/\/dekkbi.com\/index.php?rest_route=%2Fwp%2Fv2%2Fcategories&post=3163"},{"taxonomy":"post_tag","embeddable":true,"href":"https:\/\/dekkbi.com\/index.php?rest_route=%2Fwp%2Fv2%2Ftags&post=3163"}],"curies":[{"name":"wp","href":"https:\/\/api.w.org\/{rel}","templated":true}]}}