{"id":31587,"date":"2024-02-19T11:47:19","date_gmt":"2024-02-19T11:47:19","guid":{"rendered":"https:\/\/dekkbi.com\/?p=31587"},"modified":"2024-02-19T11:47:20","modified_gmt":"2024-02-19T11:47:20","slug":"retour-dexil-ngagne-demba-toure-apercu-a-dakar","status":"publish","type":"post","link":"https:\/\/dekkbi.com\/?p=31587","title":{"rendered":"Retour d&rsquo;exil : Ngagne Demba Tour\u00e9 aper\u00e7u \u00e0 Dakar"},"content":{"rendered":"\n<p>Apr\u00e8s 8 mois d\u2019exil au Mali, le responsable politique et membre de l\u2019ex-Pastef est de retour \u00e0 Dakar. Il a \u00e9t\u00e9 accueilli en triomphe par les populations de son quartier Grand Yoff. (Vid\u00e9o)&nbsp;<\/p>\n\n\n\n<p>\u00abPour rappel, Ngagne Demba Tour\u00e8 avait \u00e8voqu\u00e8 des raisons de s\u00e9curit\u00e9 pour justifier son exil au Mali. Face \u00e0 un Etat qui a d\u00e9lib\u00e9r\u00e9ment institutionnalis\u00e9 la terreur, j\u2019ai pris la d\u00e9cision infaillible de r\u00e9sister par tous les moyens. Face \u00e0 une justice qui s\u2019est transform\u00e9e en bras arm\u00e9 du pouvoir tyrannique de Macky SALL, j\u2019ai d\u00e9cid\u00e9 de quitter le S\u00e9n\u00e9gal. Devant l\u2019immensit\u00e9 des responsabilit\u00e9s qui m\u2019attendent dans cette lutte qui s\u2019annonce dans la dur\u00e9e, j\u2019ai pris l\u2019option de ne pas me livrer \u00e0 l\u2019ennemi\u00bb, avait-il \u00e9crit sur sa page Facebook.<\/p>\n\n\n\n<figure class=\"wp-block-embed is-type-rich is-provider-prise-en-charge-des-contenus-embarqu-s wp-block-embed-prise-en-charge-des-contenus-embarqu-s wp-embed-aspect-16-9 wp-has-aspect-ratio\"><div class=\"wp-block-embed__wrapper\">\n<iframe loading=\"lazy\" title=\"Le retour d&#039;EXIL de Ngagne Demba Tour\u00e9 de PASTEF\" width=\"800\" height=\"450\" src=\"https:\/\/www.youtube.com\/embed\/TOg7VxpyAVI?feature=oembed\" frameborder=\"0\" allow=\"accelerometer; autoplay; clipboard-write; encrypted-media; gyroscope; picture-in-picture; web-share\" allowfullscreen><\/iframe>\n<\/div><\/figure>\n","protected":false},"excerpt":{"rendered":"<p>Apr\u00e8s 8 mois d\u2019exil au Mali, le responsable politique et membre de l\u2019ex-Pastef est de retour \u00e0 Dakar. Il a<\/p>\n","protected":false},"author":1,"featured_media":31589,"comment_status":"open","ping_status":"open","sticky":false,"template":"","format":"standard","meta":{"footnotes":""},"categories":[26],"tags":[],"class_list":["post-31587","post","type-post","status-publish","format-standard","has-post-thumbnail","hentry","category-fait-divers"],"_links":{"self":[{"href":"https:\/\/dekkbi.com\/index.php?rest_route=\/wp\/v2\/posts\/31587","targetHints":{"allow":["GET"]}}],"collection":[{"href":"https:\/\/dekkbi.com\/index.php?rest_route=\/wp\/v2\/posts"}],"about":[{"href":"https:\/\/dekkbi.com\/index.php?rest_route=\/wp\/v2\/types\/post"}],"author":[{"embeddable":true,"href":"https:\/\/dekkbi.com\/index.php?rest_route=\/wp\/v2\/users\/1"}],"replies":[{"embeddable":true,"href":"https:\/\/dekkbi.com\/index.php?rest_route=%2Fwp%2Fv2%2Fcomments&post=31587"}],"version-history":[{"count":1,"href":"https:\/\/dekkbi.com\/index.php?rest_route=\/wp\/v2\/posts\/31587\/revisions"}],"predecessor-version":[{"id":31590,"href":"https:\/\/dekkbi.com\/index.php?rest_route=\/wp\/v2\/posts\/31587\/revisions\/31590"}],"wp:featuredmedia":[{"embeddable":true,"href":"https:\/\/dekkbi.com\/index.php?rest_route=\/wp\/v2\/media\/31589"}],"wp:attachment":[{"href":"https:\/\/dekkbi.com\/index.php?rest_route=%2Fwp%2Fv2%2Fmedia&parent=31587"}],"wp:term":[{"taxonomy":"category","embeddable":true,"href":"https:\/\/dekkbi.com\/index.php?rest_route=%2Fwp%2Fv2%2Fcategories&post=31587"},{"taxonomy":"post_tag","embeddable":true,"href":"https:\/\/dekkbi.com\/index.php?rest_route=%2Fwp%2Fv2%2Ftags&post=31587"}],"curies":[{"name":"wp","href":"https:\/\/api.w.org\/{rel}","templated":true}]}}