{"id":31570,"date":"2024-02-19T11:15:52","date_gmt":"2024-02-19T11:15:52","guid":{"rendered":"https:\/\/dekkbi.com\/?p=31570"},"modified":"2024-02-19T11:17:06","modified_gmt":"2024-02-19T11:17:06","slug":"la-russie-a-condamne-plus-de-150-personnes-pour-des-rassemblements-en-hommage-a-alexei-navalny","status":"publish","type":"post","link":"https:\/\/dekkbi.com\/?p=31570","title":{"rendered":"Navalny: hommage et arrestation"},"content":{"rendered":"\n<p>La justice russe a condamn\u00e9 ce week-end \u00e0 des peines de prison au moins 150 personnes arr\u00eat\u00e9es au cours d&rsquo;hommages \u00e0 l&rsquo;opposant Alexe\u00ef Navalny, selon des donn\u00e9es des tribunaux publi\u00e9es dimanche 18 f\u00e9vrier. Ces arrestations ont eu lieu officiellement pour avoir viol\u00e9 la stricte l\u00e9gislation encadrant les manifestations.<\/p>\n\n\n\n<p>Rien qu&rsquo;\u00e0 Saint-P\u00e9tersbourg, deuxi\u00e8me ville de Russie, les juges ont condamn\u00e9 samedi et dimanche 154 d&rsquo;entre elles \u00e0 des peines allant jusqu&rsquo;\u00e0 14 jours de prison, selon les d\u00e9cisions rendues publiques par le service de presse des tribunaux de cette ville, dans le Nord-Ouest.<\/p>\n\n\n\n<p>Des groupes de d\u00e9fense des droits de l&rsquo;homme et des m\u00e9dias ind\u00e9pendants ont fait \u00e9tat de plusieurs condamnations similaires dans d&rsquo;autres villes.<\/p>\n\n\n\n<p><strong>Alexe\u00ef Navalny est mort vendredi 16 f\u00e9vrier<\/strong>\u00a0\u00e0 l&rsquo;\u00e2ge de 47 ans dans la colonie p\u00e9nitentiaire de l&rsquo;Arctique o\u00f9 il \u00e9tait d\u00e9tenu. Les proches d&rsquo;Alexe\u00ef Navalny ont qualifi\u00e9 samedi les autorit\u00e9s russes de \u00ab\u00a0<em>tueurs<\/em>\u00a0\u00bb\u00a0<strong>cherchant \u00e0 \u00ab\u00a0<em>couvrir leurs traces<\/em>\u00a0\u00bb<\/strong>\u00a0en refusant de leur remettre son corps. Le Kremlin garde le silence malgr\u00e9 les accusations de l&rsquo;Occident et des rassemblements en hommage \u00e0 l&rsquo;opposant.<\/p>\n\n\n\n<blockquote class=\"wp-block-quote is-layout-flow wp-block-quote-is-layout-flow\">\n<p>Ce m\u00e9pris des hommes est tout \u00e0 fait caract\u00e9ristique de l\u2019\u00e9poque de Staline. \u00c0 l\u2019\u00e9poque de Staline, on n\u2019avouait pas, tout simplement, que les gens \u00e9taient condamn\u00e9s \u00e0 mort. On les ex\u00e9cutait et \u00e0 la famille, on disait qu\u2019ils \u00e9taient d\u00e9port\u00e9s sans avoir le droit de correspondre \u2013 donc sans avoir le droit d\u2019envoyer des lettres et de recevoir des lettres. Ce qui fait que beaucoup de familles ont appris que leurs fr\u00e8res, leurs p\u00e8res, leurs m\u00e8res \u00e9taient morts \u00e0 l\u2019\u00e9poque de Khrouchtchev \u2013 de la d\u00e9stalinisation. Il s\u2019agissait de cacher l\u2019ampleur des crimes. Le r\u00e9gime stalinien a toujours essay\u00e9 de cacher l\u2019ampleur des crimes qu\u2019il commettait et dans ce sens-l\u00e0, Poutine, on peut dire, est diff\u00e9rent, parce que lui aurait plut\u00f4t tendance \u00e0 \u00e9taler sa malfaisance. Il voit dans l\u2019\u00e9talage de ses m\u00e9faits une illustration de sa toute-puissance. Donc pour lui, braver l\u2019opinion, braver l\u2019Occident, braver les familles des victimes, c\u2019est une mani\u00e8re, encore une fois, d\u2019\u00e9taler son impunit\u00e9 et sa toute-puissance.<\/p>\n<\/blockquote>\n\n\n\n<p>01:05<\/p>\n\n\n\n<p>Fran\u00e7oise Thom, historienne de l&rsquo;URSS et de la RussieChristophe Paget<\/p>\n\n\n\n<p>Ce week-end, la police a arr\u00eat\u00e9 dans des dizaines de villes des centaines de Russes qui \u00e9taient all\u00e9s d\u00e9poser des fleurs et allumer des bougies en son honneur aux m\u00e9moriaux des victimes des r\u00e9pressions de l&rsquo;\u00e8re stalinienne.<\/p>\n\n\n\n<p>Des policiers et des hommes en civil ont patrouill\u00e9 sur des sites dans des dizaines de villes russes o\u00f9 des gens s&rsquo;\u00e9taient retrouv\u00e9s pour rendre hommage \u00e0 Alexe\u00ef Navalny ce week-end.<\/p>\n\n\n\n<p>Ils ont notamment \u00e9t\u00e9 vus pendant la nuit enlever des m\u00e9moriaux \u00e9ph\u00e9m\u00e8res et des images montraient des hommes encagoul\u00e9s mettant des fleurs dans des sacs poubelles sur un pont \u00e0 proximit\u00e9 du Kremlin o\u00f9 un autre opposant de premier plan \u00e0 Vladimir Poutine, Boris Nemtsov, a \u00e9t\u00e9 tu\u00e9 en 2015.<\/p>\n\n\n\n<p>Les manifestations contre le Kremlin et les autres actions publiques d&rsquo;opposition au r\u00e9gime sont ill\u00e9gales en Russie en vertu notamment d&rsquo;une l\u00e9gislation interdisant les rassemblements non autoris\u00e9s.&nbsp;<\/p>\n\n\n\n<p><em>(et avec AFP)<\/em><\/p>\n","protected":false},"excerpt":{"rendered":"<p>La justice russe a condamn\u00e9 ce week-end \u00e0 des peines de prison au moins 150 personnes arr\u00eat\u00e9es au cours d&rsquo;hommages<\/p>\n","protected":false},"author":1,"featured_media":31571,"comment_status":"open","ping_status":"open","sticky":false,"template":"","format":"standard","meta":{"footnotes":""},"categories":[51],"tags":[],"class_list":["post-31570","post","type-post","status-publish","format-standard","has-post-thumbnail","hentry","category-general"],"_links":{"self":[{"href":"https:\/\/dekkbi.com\/index.php?rest_route=\/wp\/v2\/posts\/31570","targetHints":{"allow":["GET"]}}],"collection":[{"href":"https:\/\/dekkbi.com\/index.php?rest_route=\/wp\/v2\/posts"}],"about":[{"href":"https:\/\/dekkbi.com\/index.php?rest_route=\/wp\/v2\/types\/post"}],"author":[{"embeddable":true,"href":"https:\/\/dekkbi.com\/index.php?rest_route=\/wp\/v2\/users\/1"}],"replies":[{"embeddable":true,"href":"https:\/\/dekkbi.com\/index.php?rest_route=%2Fwp%2Fv2%2Fcomments&post=31570"}],"version-history":[{"count":2,"href":"https:\/\/dekkbi.com\/index.php?rest_route=\/wp\/v2\/posts\/31570\/revisions"}],"predecessor-version":[{"id":31574,"href":"https:\/\/dekkbi.com\/index.php?rest_route=\/wp\/v2\/posts\/31570\/revisions\/31574"}],"wp:featuredmedia":[{"embeddable":true,"href":"https:\/\/dekkbi.com\/index.php?rest_route=\/wp\/v2\/media\/31571"}],"wp:attachment":[{"href":"https:\/\/dekkbi.com\/index.php?rest_route=%2Fwp%2Fv2%2Fmedia&parent=31570"}],"wp:term":[{"taxonomy":"category","embeddable":true,"href":"https:\/\/dekkbi.com\/index.php?rest_route=%2Fwp%2Fv2%2Fcategories&post=31570"},{"taxonomy":"post_tag","embeddable":true,"href":"https:\/\/dekkbi.com\/index.php?rest_route=%2Fwp%2Fv2%2Ftags&post=31570"}],"curies":[{"name":"wp","href":"https:\/\/api.w.org\/{rel}","templated":true}]}}