{"id":31537,"date":"2024-02-19T09:45:16","date_gmt":"2024-02-19T09:45:16","guid":{"rendered":"https:\/\/dekkbi.com\/?p=31537"},"modified":"2024-02-19T09:45:17","modified_gmt":"2024-02-19T09:45:17","slug":"sangalkam-election-presidentielle-2024-oumar-gueye-en-campagne-pour-amadou-ba","status":"publish","type":"post","link":"https:\/\/dekkbi.com\/?p=31537","title":{"rendered":"Sangalkam\/\u00c9lection Pr\u00e9sidentielle 2024: Oumar Gu\u00e8ye en campagne pour Amadou Ba"},"content":{"rendered":"\n<p>Le ministre Oumar GUEYE demande aux militants de Benno de se mobiliser fortement et de cultiver l\u2019esprit de paix et d\u2019apaisement en vue des \u00e9lections \u00e0 venir. Sous la direction du coordonnateur d\u00e9partemental, Monsieur Oumar GUEYE, les responsables et militants de la coalition Benno Book de la commune de Sangalkam se sont r\u00e9unis ce week-end pour discuter de la r\u00e9cente r\u00e9union du secr\u00e9tariat ex\u00e9cutif national de l\u2019APR. Ils ont \u00e9galement exprim\u00e9 leur position sur l\u2019actualit\u00e9 nationale marqu\u00e9e par le report des \u00e9lections pr\u00e9sidentielles de 2024.<\/p>\n\n\n\n<p>Apr\u00e8s avoir retrac\u00e9 les \u00e9v\u00e9nements depuis l&rsquo;annonce du Pr\u00e9sident Macky Sall selon laquelle il ne se repr\u00e9senterait pas, la d\u00e9signation d\u2019Amadou Ba comme candidat de la mouvance pr\u00e9sidentielle, les actions entreprises par le PDS au niveau de l\u2019assembl\u00e9e nationale et la d\u00e9cision du conseil constitutionnel confirmant le report des \u00e9lections, le ministre Oumar GUEYE a lou\u00e9 la posture du Pr\u00e9sident de la r\u00e9publique. \u00ab Son Excellence le Pr\u00e9sident Macky SALL est un homme exceptionnel. Il a laiss\u00e9 toutes les institutions s\u2019exprimer. Nous avons juste appr\u00e9ci\u00e9 \u00e0 sa juste valeur sa prise de position \u00e0 travers son communiqu\u00e9 o\u00f9 il a annonc\u00e9 qu\u2019il va ex\u00e9cuter les d\u00e9cisions du conseil Constitutionnel \u00bb, a-t-il d\u00e9clar\u00e9. M. GUEYE a ajout\u00e9 que la position du Pr\u00e9sident Macky Sall les rassure et renforce leur engagement, affirmant que le dialogue est ouvert pour d\u00e9terminer la nouvelle date des \u00e9lections.<\/p>\n\n\n\n<p>Ainsi, Oumar Gueye a soulign\u00e9 que tout est pr\u00eat au niveau communal pour les \u00e9lections de 2024 afin de garantir la victoire d&rsquo;Amadou Ba. \u00ab Il est crucial que notre candidat remporte largement les \u00e9lections afin de poursuivre les r\u00e9alisations du Pr\u00e9sident Macky Sall dans les domaines de l\u2019\u00e9ducation, des infrastructures, de la sant\u00e9, des filets sociaux, du BRT, des bourses de s\u00e9curit\u00e9 familiale, etc. \u00bb, a soutenu le coordonnateur d\u00e9partemental.<\/p>\n\n\n\n<p>Oumar Gueye, constatant que le S\u00e9n\u00e9gal est sur la voie de l\u2019\u00e9mergence avec l\u2019exploitation du p\u00e9trole et du gaz, estime que pour l\u2019int\u00e9r\u00eat des populations, l\u2019h\u00e9ritage du Pr\u00e9sident Macky Sall doit \u00eatre pr\u00e9serv\u00e9 par Amadou Ba.<\/p>\n\n\n\n<figure class=\"wp-block-embed is-type-rich is-provider-prise-en-charge-des-contenus-embarqu-s wp-block-embed-prise-en-charge-des-contenus-embarqu-s wp-embed-aspect-16-9 wp-has-aspect-ratio\"><div class=\"wp-block-embed__wrapper\">\n<iframe loading=\"lazy\" title=\"Sangalkam\/\u00c9lection Pr\u00e9sidentielle 2024 : Oumar Gu\u00e8ye en campagne pour Amadou Ba\" width=\"800\" height=\"450\" src=\"https:\/\/www.youtube.com\/embed\/HGjq0FJH_Dg?feature=oembed\" frameborder=\"0\" allow=\"accelerometer; autoplay; clipboard-write; encrypted-media; gyroscope; picture-in-picture; web-share\" allowfullscreen><\/iframe>\n<\/div><\/figure>\n","protected":false},"excerpt":{"rendered":"<p>Le ministre Oumar GUEYE demande aux militants de Benno de se mobiliser fortement et de cultiver l\u2019esprit de paix et<\/p>\n","protected":false},"author":1,"featured_media":31539,"comment_status":"open","ping_status":"open","sticky":false,"template":"","format":"standard","meta":{"footnotes":""},"categories":[21],"tags":[],"class_list":["post-31537","post","type-post","status-publish","format-standard","has-post-thumbnail","hentry","category-societe"],"_links":{"self":[{"href":"https:\/\/dekkbi.com\/index.php?rest_route=\/wp\/v2\/posts\/31537","targetHints":{"allow":["GET"]}}],"collection":[{"href":"https:\/\/dekkbi.com\/index.php?rest_route=\/wp\/v2\/posts"}],"about":[{"href":"https:\/\/dekkbi.com\/index.php?rest_route=\/wp\/v2\/types\/post"}],"author":[{"embeddable":true,"href":"https:\/\/dekkbi.com\/index.php?rest_route=\/wp\/v2\/users\/1"}],"replies":[{"embeddable":true,"href":"https:\/\/dekkbi.com\/index.php?rest_route=%2Fwp%2Fv2%2Fcomments&post=31537"}],"version-history":[{"count":1,"href":"https:\/\/dekkbi.com\/index.php?rest_route=\/wp\/v2\/posts\/31537\/revisions"}],"predecessor-version":[{"id":31540,"href":"https:\/\/dekkbi.com\/index.php?rest_route=\/wp\/v2\/posts\/31537\/revisions\/31540"}],"wp:featuredmedia":[{"embeddable":true,"href":"https:\/\/dekkbi.com\/index.php?rest_route=\/wp\/v2\/media\/31539"}],"wp:attachment":[{"href":"https:\/\/dekkbi.com\/index.php?rest_route=%2Fwp%2Fv2%2Fmedia&parent=31537"}],"wp:term":[{"taxonomy":"category","embeddable":true,"href":"https:\/\/dekkbi.com\/index.php?rest_route=%2Fwp%2Fv2%2Fcategories&post=31537"},{"taxonomy":"post_tag","embeddable":true,"href":"https:\/\/dekkbi.com\/index.php?rest_route=%2Fwp%2Fv2%2Ftags&post=31537"}],"curies":[{"name":"wp","href":"https:\/\/api.w.org\/{rel}","templated":true}]}}