{"id":31508,"date":"2024-02-18T08:10:39","date_gmt":"2024-02-18T08:10:39","guid":{"rendered":"https:\/\/dekkbi.com\/?p=31508"},"modified":"2024-02-18T08:10:40","modified_gmt":"2024-02-18T08:10:40","slug":"des-organisations-ouest-africaines-deleveurs-peaufinent-une-strategie-de-protection-de-la-filiere-laitiere","status":"publish","type":"post","link":"https:\/\/dekkbi.com\/?p=31508","title":{"rendered":"Des organisations ouest-africaines d\u2019\u00e9leveurs peaufinent une strat\u00e9gie de protection de la fili\u00e8re laiti\u00e8re"},"content":{"rendered":"\n<p>Thi\u00e8s, (APS) \u2013 Des organisations ouest-africaines d\u2019\u00e9leveurs se sont r\u00e9unies vendredi \u00e0 Thi\u00e8s, pour peaufiner une strat\u00e9gie de plaidoyer, pour la protection de la fili\u00e8re lait local, confront\u00e9e \u00e0 la concurrence jug\u00e9e \u201cd\u00e9loyale\u201c des poudres de lait import\u00e9es. Le lait produit par les \u00e9leveurs ouest-africains est concurrenc\u00e9 par des poudres de lait d\u00e9graiss\u00e9es, puis  r\u00e9-engraiss\u00e9es, qui sont import\u00e9es et \u00e0 moindre co\u00fbt.<\/p>\n\n\n\n<p>Les organisations pastorales entendent  rencontrer les pouvoirs publics et les institutions communautaires, pour influencer le processus de rel\u00e8vement du Tarif ext\u00e9rieur commun entam\u00e9 par la  CEDEAO, la Communaut\u00e9 \u00e9conomique des Etats de l\u2019Afrique de l\u2019ouest  afin de rendre leur produit plus comp\u00e9titif.<\/p>\n\n\n\n<p>Des acteurs de la fili\u00e8re du lait local ont organis\u00e9 cet atelier, dans la foul\u00e9e de la premi\u00e8re conf\u00e9rence annuelle de la Plateforme d\u2019appui \u00e0 la promotion de la fili\u00e8re lait local, qui a r\u00e9cemment regroup\u00e9 pendant trois jours \u00e0 Thi\u00e8s, plusieurs repr\u00e9sentants d\u2019organisations et de gouvernements africains.<\/p>\n\n\n\n<p>Lors de cette rencontre au Centre forestier de recyclage de Thi\u00e8s, les organisations pastorales ont mis sur pied un cadre charg\u00e9 de mener le plaidoyer.\u201c<\/p>\n\n\n\n<p>Nous allons, \u00e0 partir d\u2019ici, mettre en place une strat\u00e9gie qui nous permettra, d\u2019ici la fin de l\u2019ann\u00e9e, de mener beaucoup de campagnes de sensibilisation et plaidoyer aupr\u00e8s des d\u00e9cideurs et des consommateurs\u201c, a dit Aliou Samba B\u00e2, qui repr\u00e9sentait un r\u00e9seau d\u2019organisations d\u2019\u00e9leveurs s\u00e9n\u00e9galaises.<\/p>\n\n\n\n<p>Pour Hindatou Amadou, responsable plaidoyer et genre de l\u2019Association pour la promotion de l\u2019\u00e9levage au Sahel et en savane (APESS), une organisation de droit burkinab\u00e9, le tarif ext\u00e9rieur commun (TEC) appliqu\u00e9 par la CEDEAO, \u201cne prot\u00e8ge pas la fili\u00e8re lait local\u201c. <\/p>\n\n\n\n<p>Il est de l\u2019ordre de 5%, a-t-elle relev\u00e9.L\u2019assistant technique \u00e0 la Cedeao, Bio Goura Soul\u00e9 avait en marge de l\u2019ouverture de la conf\u00e9rence annuelle de la Plateforme d\u2019appui \u00e0 la promotion de la fili\u00e8re lait local, indiqu\u00e9 que l\u2019organisation r\u00e9gionale ouest-africaine r\u00e9fl\u00e9chissait \u00e0 un rel\u00e8vement du TEC.<\/p>\n\n\n\n<p>Les \u00e9leveurs ouest-africains jugent \u201cd\u00e9loyale\u201c la concurrence des poudres de lait d\u00e9lest\u00e9es de leur beurre et fromage et r\u00e9engraiss\u00e9es avec des mati\u00e8res v\u00e9g\u00e9tales, notamment  de l\u2019huile de palme. Ce qui le rend \u201c50% moins cher que le lait local\u201c, et fait qu\u2019il est vendu \u201cdans le plus petit hameau ouest-africain\u201c, d\u00e9plore Hindatou Amadou.<\/p>\n\n\n\n<p>Une situation d\u00e9favorable aux producteurs de lait ouest-africains, qui peinent \u00e0 \u00eatre subventionn\u00e9s, et qui ont du mal \u00e0 acc\u00e9der \u00e0 la mati\u00e8re premi\u00e8re, faute d\u2019une organisation pouvant faire parvenir le produit au consommateur, a relev\u00e9 Aliou samba B\u00e2. Cela, malgr\u00e9 l\u2019existence de \u201cbassins laitiers\u201c dans les pays de l\u2019espace CEDEAO.<\/p>\n\n\n\n<p>M\u00eame si elle pr\u00e9cise qu\u2019il n\u2019y a \u201cpas encore de preuve\u201c que ces poudres sont d\u00e9conseill\u00e9es pour la sant\u00e9, la responsable rel\u00e8ve qu\u2019une \u00e9tude de la composition de ces laits r\u00e9engraiss\u00e9s a montr\u00e9 qu\u2019ils contiennent \u201cbeaucoup plus de mati\u00e8re grasse que le lait d\u2019origine animale\u201c.ADI\/AKS<\/p>\n","protected":false},"excerpt":{"rendered":"<p>Thi\u00e8s, (APS) \u2013 Des organisations ouest-africaines d\u2019\u00e9leveurs se sont r\u00e9unies vendredi \u00e0 Thi\u00e8s, pour peaufiner une strat\u00e9gie de plaidoyer, pour<\/p>\n","protected":false},"author":1,"featured_media":31304,"comment_status":"open","ping_status":"open","sticky":false,"template":"","format":"standard","meta":{"footnotes":""},"categories":[3],"tags":[],"class_list":["post-31508","post","type-post","status-publish","format-standard","has-post-thumbnail","hentry","category-event-more-news"],"_links":{"self":[{"href":"https:\/\/dekkbi.com\/index.php?rest_route=\/wp\/v2\/posts\/31508","targetHints":{"allow":["GET"]}}],"collection":[{"href":"https:\/\/dekkbi.com\/index.php?rest_route=\/wp\/v2\/posts"}],"about":[{"href":"https:\/\/dekkbi.com\/index.php?rest_route=\/wp\/v2\/types\/post"}],"author":[{"embeddable":true,"href":"https:\/\/dekkbi.com\/index.php?rest_route=\/wp\/v2\/users\/1"}],"replies":[{"embeddable":true,"href":"https:\/\/dekkbi.com\/index.php?rest_route=%2Fwp%2Fv2%2Fcomments&post=31508"}],"version-history":[{"count":1,"href":"https:\/\/dekkbi.com\/index.php?rest_route=\/wp\/v2\/posts\/31508\/revisions"}],"predecessor-version":[{"id":31509,"href":"https:\/\/dekkbi.com\/index.php?rest_route=\/wp\/v2\/posts\/31508\/revisions\/31509"}],"wp:featuredmedia":[{"embeddable":true,"href":"https:\/\/dekkbi.com\/index.php?rest_route=\/wp\/v2\/media\/31304"}],"wp:attachment":[{"href":"https:\/\/dekkbi.com\/index.php?rest_route=%2Fwp%2Fv2%2Fmedia&parent=31508"}],"wp:term":[{"taxonomy":"category","embeddable":true,"href":"https:\/\/dekkbi.com\/index.php?rest_route=%2Fwp%2Fv2%2Fcategories&post=31508"},{"taxonomy":"post_tag","embeddable":true,"href":"https:\/\/dekkbi.com\/index.php?rest_route=%2Fwp%2Fv2%2Ftags&post=31508"}],"curies":[{"name":"wp","href":"https:\/\/api.w.org\/{rel}","templated":true}]}}