{"id":31477,"date":"2024-02-16T11:35:15","date_gmt":"2024-02-16T11:35:15","guid":{"rendered":"https:\/\/dekkbi.com\/?p=31477"},"modified":"2024-02-16T11:36:26","modified_gmt":"2024-02-16T11:36:26","slug":"il-arrive-adieu-paris-la-presse-espagnole-crie-deja-victoire-apres-lannonce-de-la-decision-de-kylian-mbappe","status":"publish","type":"post","link":"https:\/\/dekkbi.com\/?p=31477","title":{"rendered":"\u201cIl arrive\u201d, \u201cadieu Paris\u201d"},"content":{"rendered":"\n<p>La presse espagnole crie (d\u00e9j\u00e0) victoire apr\u00e8s l\u2019annonce de la d\u00e9cision de Kylian Mbapp\u00e9.<br>Le suspense a pris fin: Kylian Mbapp\u00e9 a annonc\u00e9 \u00e0 la direction du Paris Saint-Germain son intention de quitter le club cet \u00e9t\u00e9, mettant fin \u00e0 un long feuilleton de plusieurs ann\u00e9es, sans pr\u00e9ciser toutefois sa destination future. Mais en Espagne, sa d\u00e9cision de rejoindre le Real Madrid ne fait plus aucun doute. Les m\u00e9dias madril\u00e8nes se frottent d\u00e9j\u00e0 les mains. Tour d\u2019horizon.<\/p>\n\n\n\n<h2 class=\"wp-block-heading\">Marca: \u201cIl arrive\u201d<\/h2>\n\n\n\n<p>\u201cLe transfert le plus long du monde\u201d. Marca attendait ce moment depuis plusieurs ann\u00e9es. La voie est enfin libre pour le Real Madrid, alors que Mbapp\u00e9 sera libre de s\u2019engager o\u00f9 il le souhaite en juin prochain. Les Merengue sont \u00e9videmment les immenses favoris pour l\u2019accueillir. Un club surprise peut-il encore les coiffer sur le poteau? Non, selon le quotidien madril\u00e8ne. \u201cIl arrive\u201d, peut-on lire en Une<\/p>\n\n\n\n<p>\u201cLe Real attendait que Mbapp\u00e9 fasse le premier pas. Il l\u2019a fait. L\u2019\u00e9toile fran\u00e7aise devait montrer publiquement son d\u00e9sir de quitter le PSG pour que Florentino P\u00e9rez et son \u00e9quipe se mettent \u00e0 l\u2019oeuvre et que le Real Madrid puisse signer le joueur\u201d, d\u00e9taille le m\u00e9dia. Autre pr\u00e9cision: le Real ne va pas proposer un salaire record au champion du monde 2018: \u201cLe club souhaite pr\u00e9server l\u2019ordre naturel de son vestiaire et ne pas mettre en danger sa stabilit\u00e9 \u00e9conomique.\u201d<\/p>\n\n\n\n<h2 class=\"wp-block-heading\">AS: \u201cLe PSG des Galactiques sera de l\u2019histoire ancienne\u201d<\/h2>\n\n\n\n<p>AS, l\u2019autre grand journal madril\u00e8ne du pays, se montre taquin envers le club parisien. \u201cAdieu Paris\u201d titre le quotidien. \u201cC\u2019est la fin de l\u2019un des feuilletons des cinq derni\u00e8res ann\u00e9es, de ce si\u00e8cle, possiblement m\u00eame de l\u2019histoire du football. Kylian Mbapp\u00e9 quitte le PSG.\u201d Il s\u2019agit d\u2019une \u201cr\u00e9volution en France\u201d. \u201cLe PSG des Galactiques sera de l\u2019histoire ancienne \u00e0 partir de juin et le Qatar se pr\u00e9pare \u00e0 d\u00e9buter un nouveau projet sans grandes stars\u201d, peut-on lire.<\/p>\n\n\n\n<p>Pour le Real Madrid, cette arriv\u00e9e probable \u201cva faire passer le club dans une autre dimension\u201d, affirme AS. \u201cPremi\u00e8rement, sur le plan de la notori\u00e9t\u00e9 vis-\u00e0-vis des marques. Deuxi\u00e8mement, sur le plan sportif. Le Fran\u00e7ais est, sans aucun doute, le meilleur joueur de la plan\u00e8te.\u201d<\/p>\n\n\n\n<h2 class=\"wp-block-heading\">El Mundo: \u201cRessentiment mitig\u00e9\u201d<\/h2>\n\n\n\n<p>Les m\u00e9dias catalans se montrent logiquement moins enthousiasmes. Le Mundo Deportivo \u00e9voque davantage la qu\u00eate d\u2019un entra\u00eeneur pour le Bar\u00e7a, tandis que Sport pr\u00e9f\u00e8re mettre en Une Alexia Putellas. L\u2019information n\u2019est rapport\u00e9e que factuellement.<\/p>\n\n\n\n<p>De son c\u00f4t\u00e9, le journal national El Mundo envoie un petit tacle \u00e0 Mbapp\u00e9: \u201cCette fois-ci, il semblerait que ce soit la bonne. Avec toutes les pr\u00e9cautions auxquelles la volatilit\u00e9 du personnage oblige, et le ressentiment mitig\u00e9, mais ressentiment quand m\u00eame, qui se niche encore dans certains bureaux du Real Madrid, l\u2019arriv\u00e9e du Fran\u00e7ais se dessine.\u201d<\/p>\n","protected":false},"excerpt":{"rendered":"<p>La presse espagnole crie (d\u00e9j\u00e0) victoire apr\u00e8s l\u2019annonce de la d\u00e9cision de Kylian Mbapp\u00e9.Le suspense a pris fin: Kylian Mbapp\u00e9<\/p>\n","protected":false},"author":1,"featured_media":31478,"comment_status":"open","ping_status":"open","sticky":false,"template":"","format":"standard","meta":{"footnotes":""},"categories":[9],"tags":[],"class_list":["post-31477","post","type-post","status-publish","format-standard","has-post-thumbnail","hentry","category-sports"],"_links":{"self":[{"href":"https:\/\/dekkbi.com\/index.php?rest_route=\/wp\/v2\/posts\/31477","targetHints":{"allow":["GET"]}}],"collection":[{"href":"https:\/\/dekkbi.com\/index.php?rest_route=\/wp\/v2\/posts"}],"about":[{"href":"https:\/\/dekkbi.com\/index.php?rest_route=\/wp\/v2\/types\/post"}],"author":[{"embeddable":true,"href":"https:\/\/dekkbi.com\/index.php?rest_route=\/wp\/v2\/users\/1"}],"replies":[{"embeddable":true,"href":"https:\/\/dekkbi.com\/index.php?rest_route=%2Fwp%2Fv2%2Fcomments&post=31477"}],"version-history":[{"count":2,"href":"https:\/\/dekkbi.com\/index.php?rest_route=\/wp\/v2\/posts\/31477\/revisions"}],"predecessor-version":[{"id":31481,"href":"https:\/\/dekkbi.com\/index.php?rest_route=\/wp\/v2\/posts\/31477\/revisions\/31481"}],"wp:featuredmedia":[{"embeddable":true,"href":"https:\/\/dekkbi.com\/index.php?rest_route=\/wp\/v2\/media\/31478"}],"wp:attachment":[{"href":"https:\/\/dekkbi.com\/index.php?rest_route=%2Fwp%2Fv2%2Fmedia&parent=31477"}],"wp:term":[{"taxonomy":"category","embeddable":true,"href":"https:\/\/dekkbi.com\/index.php?rest_route=%2Fwp%2Fv2%2Fcategories&post=31477"},{"taxonomy":"post_tag","embeddable":true,"href":"https:\/\/dekkbi.com\/index.php?rest_route=%2Fwp%2Fv2%2Ftags&post=31477"}],"curies":[{"name":"wp","href":"https:\/\/api.w.org\/{rel}","templated":true}]}}