{"id":31466,"date":"2024-02-16T11:16:08","date_gmt":"2024-02-16T11:16:08","guid":{"rendered":"https:\/\/dekkbi.com\/?p=31466"},"modified":"2024-02-16T11:16:41","modified_gmt":"2024-02-16T11:16:41","slug":"les-meilleurs-delais-le-terme-superfetatoire-et-inoperant-du-conseil-constitutionnel","status":"publish","type":"post","link":"https:\/\/dekkbi.com\/?p=31466","title":{"rendered":"\u00abLes meilleurs d\u00e9lais\u00bb, le terme superf\u00e9tatoire et inop\u00e9rant du Conseil constitutionnel"},"content":{"rendered":"\n<p>du inop\u00e9rant en relevant son d\u00e9faut de base l\u00e9gale. Ce qui a conduit \u00e0 son annulation.<\/p>\n\n\n\n<p>Le conseil constitutionnel ordonnant la jonction et statuant par une seule et m\u00eame d\u00e9cision a rendu un grand service \u00e0 la d\u00e9mocratie et \u00e0 l\u2019Etat de droit en freinant toutes vell\u00e9it\u00e9s de tentatives de contournement d\u2019une clause intangible consacr\u00e9e dans la charte fondamentale de notre pays.<\/p>\n\n\n\n<p>Cependant l\u2019expression \u00ab dans les meilleurs d\u00e9lais \u00bb qu\u2019utilise le Conseil constitutionnel dans ladite d\u00e9cision pour d\u00e9gager l\u2019horizon de d\u00e9signation d\u2019une date pour la tenue de l\u2019\u00e9lection pr\u00e9sidentielle, entra\u00eene de notre part des remarques de jure.<\/p>\n\n\n\n<p>Les juges du Conseil constitutionnel ne peuvent pas ignorer que les dispositions combin\u00e9es des articles L63 al 2 du code \u00e9lectoral et 31 al 1 de la constitution ne donne pas le choix aux autorit\u00e9s comp\u00e9tentes pour respecter la dur\u00e9e du mandat du Pr\u00e9sident de la R\u00e9publique.<\/p>\n\n\n\n<p>L\u2019article 31 al 1 de la constitution dispose que : \u00ab Le scrutin pour l\u2019\u00e9lection du Pr\u00e9sident de la R\u00e9publique a lieu quarante-cinq jours francs au plus et trente jours francs au moins avant la date de l\u2019expiration du mandat du Pr\u00e9sident de la R\u00e9publique en fonction. \u00bb<\/p>\n\n\n\n<p>Quant \u00e0 l\u2019article L63 al2, il dispose que \u00ab Le scrutin ne dure qu\u2019un seul jour et a lieu un dimanche. \u00bb<\/p>\n\n\n\n<p>Le cumul des deux articles ne permet pas au conseil constitutionnel d\u2019utiliser l\u2019expression \u00ab les meilleurs d\u00e9lais \u00bb apr\u00e8s avoir \u00e9cart\u00e9 la date du 25 f\u00e9vrier initialement retenue.<\/p>\n\n\n\n<p>Il n\u2019y a pas une p\u00e9riode de d\u00e9lais \u00e9lastiques qui peut permettre de faire le choix parmi les meilleurs d\u2019entre eux. Il n\u2019y a qu\u2019un seul d\u00e9lai d\u00e9j\u00e0 fix\u00e9 par les dispositions pertinentes susvis\u00e9es.<\/p>\n\n\n\n<p>C\u2019est un dimanche conform\u00e9ment aux dispositions de l\u2019article L63 al2 et en l\u2019esp\u00e8ce le d\u00e9lai qui ne peut \u00eatre d\u00e9pass\u00e9 est le dernier d\u00e9lai de la fourchette l\u00e9gale de l\u2019article 31 al 1 c\u2019est-\u00e0-dire \u00ab trente jours francs au moins avant la date de l\u2019expiration du mandat du Pr\u00e9sident de la R\u00e9publique en fonction \u00bb.<\/p>\n\n\n\n<p>Cette date correspond au dimanche 3 Mars 2024. Il n\u2019y a pas une autre date possible sans que cela ne viole la constitution et la loi portant code \u00e9lectoral.<\/p>\n\n\n\n<p>\u00ab Le meilleur d\u00e9lai \u00bb s\u2019entend alors et en se r\u00e9f\u00e9rant sur ce qui pr\u00e9c\u00e8de, en un d\u00e9lai imp\u00e9ratif qui doit respecter les dispositions combin\u00e9es des articles L63 al 2 du code \u00e9lectoral et 31 al 1 de la constitution, qui exigent que le scrutin de l\u2019\u00e9lection pr\u00e9sidentielle ne d\u00e9passe pas la date du 3 mars prochaine.<\/p>\n\n\n\n<p>Une nouvelle violation de la constitution entra\u00eenera une autre impasse contre laquelle le Conseil constitutionnel pouvait nous pr\u00e9munir en maintenant la date initialement retenue ou en pr\u00e9cisant la fourchette de l\u2019article 31 qui exige la tenue de l\u2019\u00e9lection pr\u00e9sidentielle au plus tard le 3 mars 2024.<\/p>\n\n\n\n<p>Cependant, ce terme bien qu\u2019usit\u00e9 \u00e0 la place d\u2019une formulation beaucoup plus pr\u00e9cise, ne peut pas permettre d\u2019ouvrir une br\u00e8che de report ind\u00e9fini de l\u2019\u00e9lection.<\/p>\n\n\n\n<p>Le Conseil constitutionnel a \u00e9t\u00e9, par ailleurs, particuli\u00e8rement clair sur la n\u00e9cessit\u00e9 de respecter la dur\u00e9e du mandat pr\u00e9sidentiel et a rappel\u00e9 qu\u2019il a d\u00e9j\u00e0 d\u00e9cid\u00e9 \u00ab que la dur\u00e9e du mandat du Pr\u00e9sident de la R\u00e9publique ne peut \u00eatre r\u00e9duite ou allong\u00e9e au gr\u00e9 des circonstances politiques, quel que soit l\u2019objectif poursuivi ; que le mandat du pr\u00e9sident la R\u00e9publique ne peut \u00eatre prorog\u00e9 en vertu des dispositions de l\u2019article 103 pr\u00e9cit\u00e9 ; que la date de l\u2019\u00e9lection ne peut \u00eatre report\u00e9e au-del\u00e0 de la dur\u00e9e du mandat \u00bb<\/p>\n\n\n\n<p>Par cons\u00e9quent, aucune discussion ou dialogue \u00ab au gr\u00e9 des circonstances politiques, quel que soit l\u2019objectif poursuivi \u00bb ne peut rallonger le mandat pr\u00e9sidentiel.<\/p>\n\n\n\n<p>L\u2019\u00e9lection doit se tenir le 3 mars 2024 sans quoi la violation de l\u2019article 31 nous ram\u00e8nera \u00e0 la case de d\u00e9part.<\/p>\n\n\n\n<p>Ne l\u2019oublions pas : Le Conseil constitutionnel vient de d\u00e9clarer irrecevable une modification de l\u2019article 31 de la constitution dans sa d\u00e9cision n 1\/c\/2024 pour cause de violation d\u2019une clause intangible relative \u00e0 la dur\u00e9e.<\/p>\n\n\n\n<p>Il serait donc \u00e9tonnant de ramener ce m\u00eame article devant le l\u00e9gislateur pour sa modification afin de contourner les d\u00e9lais d\u00e9j\u00e0 \u00e9tablis qui imposent aux autorit\u00e9s comp\u00e9tentes la date du 3 mars 2024. Un projet ou proposition de loi que le Conseil constitutionnel consid\u00e9rera comme \u00e9tant \u00e9videmment et sans surprise non conforme \u00e0 la constitution, \u00e0 travers le contr\u00f4le a priori.<\/p>\n\n\n\n<p>Dans une r\u00e9cente contribution nous parlions de l\u2019impasse o\u00f9 nous avait volontairement install\u00e9 le Pr\u00e9sident Macky Sall en cr\u00e9ant une situation de non-droit. Le Conseil constitutionnel ne nous en sort pas en n\u2019incluant pas dans sa d\u00e9cision d\u00e9finitive, une option ferme sur le d\u00e9lai incompressible. Il remet ainsi le jeu entre les mains de l\u2019unique responsable de cette situation in\u00e9dite en faisant appel \u00e0 sa comp\u00e9tence (\u00ab autorit\u00e9 comp\u00e9tente \u00bb) dans la recherche de meilleurs d\u00e9lais alors que la loi est claire et sans \u00e9quivoque.<\/p>\n\n\n\n<p>En tout \u00e9tat de cause et conform\u00e9ment \u00e0 la d\u00e9cision motiv\u00e9e du Conseil constitutionnel sur le respect de la dur\u00e9e du mandat du pr\u00e9sident de la R\u00e9publique, le 2 Avril prochain est la date de fin de mandat du Pr\u00e9sident Macky Sall.<\/p>\n\n\n\n<p>Qu\u2019il en soit ainsi pour l\u2019exemple et pour la post\u00e9rit\u00e9.<\/p>\n\n\n\n<p>D\u00e9mocrates de tous bords, restons vigilants et mobilis\u00e9s !<\/p>\n\n\n\n<p>Thierno Bocoum<br>Juriste<br>Ancien parlementaire<br>Pr\u00e9sident AGIR<br>thiernobocoum.com<\/p>\n","protected":false},"excerpt":{"rendered":"<p>du inop\u00e9rant en relevant son d\u00e9faut de base l\u00e9gale. Ce qui a conduit \u00e0 son annulation. Le conseil constitutionnel ordonnant<\/p>\n","protected":false},"author":1,"featured_media":31467,"comment_status":"open","ping_status":"open","sticky":false,"template":"","format":"standard","meta":{"footnotes":""},"categories":[6],"tags":[],"class_list":["post-31466","post","type-post","status-publish","format-standard","has-post-thumbnail","hentry","category-politics"],"_links":{"self":[{"href":"https:\/\/dekkbi.com\/index.php?rest_route=\/wp\/v2\/posts\/31466","targetHints":{"allow":["GET"]}}],"collection":[{"href":"https:\/\/dekkbi.com\/index.php?rest_route=\/wp\/v2\/posts"}],"about":[{"href":"https:\/\/dekkbi.com\/index.php?rest_route=\/wp\/v2\/types\/post"}],"author":[{"embeddable":true,"href":"https:\/\/dekkbi.com\/index.php?rest_route=\/wp\/v2\/users\/1"}],"replies":[{"embeddable":true,"href":"https:\/\/dekkbi.com\/index.php?rest_route=%2Fwp%2Fv2%2Fcomments&post=31466"}],"version-history":[{"count":1,"href":"https:\/\/dekkbi.com\/index.php?rest_route=\/wp\/v2\/posts\/31466\/revisions"}],"predecessor-version":[{"id":31468,"href":"https:\/\/dekkbi.com\/index.php?rest_route=\/wp\/v2\/posts\/31466\/revisions\/31468"}],"wp:featuredmedia":[{"embeddable":true,"href":"https:\/\/dekkbi.com\/index.php?rest_route=\/wp\/v2\/media\/31467"}],"wp:attachment":[{"href":"https:\/\/dekkbi.com\/index.php?rest_route=%2Fwp%2Fv2%2Fmedia&parent=31466"}],"wp:term":[{"taxonomy":"category","embeddable":true,"href":"https:\/\/dekkbi.com\/index.php?rest_route=%2Fwp%2Fv2%2Fcategories&post=31466"},{"taxonomy":"post_tag","embeddable":true,"href":"https:\/\/dekkbi.com\/index.php?rest_route=%2Fwp%2Fv2%2Ftags&post=31466"}],"curies":[{"name":"wp","href":"https:\/\/api.w.org\/{rel}","templated":true}]}}