{"id":31448,"date":"2024-02-16T10:51:55","date_gmt":"2024-02-16T10:51:55","guid":{"rendered":"https:\/\/dekkbi.com\/?p=31448"},"modified":"2024-02-16T10:56:41","modified_gmt":"2024-02-16T10:56:41","slug":"plan-de-developpement-du-senegal-2024-2028-lonu-mobilise-488-milliards-fcfa","status":"publish","type":"post","link":"https:\/\/dekkbi.com\/?p=31448","title":{"rendered":"S\u00e9n\u00e9gal: plan de d\u00e9veloppement"},"content":{"rendered":"\n<p><strong>Le syst\u00e8me des Nations unies va injecter 488 milliards pour soutenir le plan de d\u00e9veloppement du S\u00e9n\u00e9gal pour la p\u00e9riode 2024-2028. L\u2019enveloppe va s\u2019atteler sur 3 axes prioritaires. Il s\u2019agit de la transformation structurelle de l\u2019\u00e9conomie, du d\u00e9veloppement du capital humain et du renforcement de la protection sociale.<br><\/strong><br><strong>Par Malick GAYE \u2013\u00a0<\/strong>488 milliards de francs Cfa, c\u2019est le montant que le syst\u00e8me des Nations unies va mobiliser pour le compte du S\u00e9n\u00e9gal. Cette somme va, en partie, financer le plan de d\u00e9veloppement du S\u00e9n\u00e9gal pour la p\u00e9riode 2024-2028. L\u2019information a \u00e9t\u00e9 donn\u00e9e par la coordinatrice-r\u00e9sidente lors de la signature du Plan-cadre des Nations unies pour l\u2019assistance au d\u00e9veloppement (Pnuad). \u00abLe syst\u00e8me des Nations unies est d\u00e9termin\u00e9 \u00e0 renforcer la coop\u00e9ration avec le gouvernement et le Peuple du S\u00e9n\u00e9gal, les partenaires au d\u00e9veloppement, la Soci\u00e9t\u00e9 civile dans un esprit de partenariat bas\u00e9 sur l\u2019engagement commun de ne laisser personne de c\u00f4t\u00e9\u00bb, a affirm\u00e9 Aminata Ma\u00efga hier.<\/p>\n\n\n\n<p>Le Pnuad va se reposer sur 3 axes prioritaires. Il s\u2019agit de la transformation structurelle de l\u2019\u00e9conomie s\u00e9n\u00e9galaise en vue d\u2019assurer la durabilit\u00e9 et l\u2019inclusivit\u00e9 de la croissance \u00e9conomique ; le d\u00e9veloppement du capital humain et le renforcement de la protection sociale en vue d\u2019assurer le d\u00e9veloppement durable. \u00abLa consolidation de la bonne gouvernance et le renforcement de l\u2019efficacit\u00e9 des institutions et la coh\u00e9sion sociale\u00bb ont aussi \u00e9t\u00e9 \u00e9voqu\u00e9s par la coordinatrice-r\u00e9sidente des Nations unies. \u00abLa pr\u00e9sence des Nations unies dans un pays doit s\u2019aligner sur les d\u00e9fis et priorit\u00e9s de d\u00e9veloppement\u00bb, a rappel\u00e9 Aminata Ma\u00efga. \u00abCes priorit\u00e9s int\u00e8grent les d\u00e9fis de d\u00e9veloppement \u00e9mergents tels que la coh\u00e9sion sociale, les chocs climatiques et \u00e9conomiques, qui pourraient contrarier l\u2019acc\u00e9l\u00e9ration des progr\u00e8s vers l\u2019atteinte des Odd\u00bb, a-t-elle pr\u00e9cis\u00e9. L\u2019objectif de la coop\u00e9ration avec les Nations unies est \u00abd\u2019apporter des solutions innovantes \u00e0 la mise en \u0153uvre des r\u00e9formes institutionnelles structurelles et sectorielles visant l\u2019acc\u00e9l\u00e9ration de la transformation structurelle de l\u2019\u00e9conomie (\u2026) Cette coop\u00e9ration est \u00e9galement de nature \u00e0 soutenir les efforts du gouvernement dans la mise en place de syst\u00e8mes r\u00e9silients pour assurer l\u2019acc\u00e8s \u00e9quitable et inclusif aux services sociaux de base et \u00e0 la protection sociale, et la consolidation de la d\u00e9mocratie ainsi que la coh\u00e9sion sociale\u00bb.<\/p>\n\n\n\n<p>Pour Doudou K\u00e2, le ministre de l\u2019Economie, du plan et de la coop\u00e9ration, ce Plan-cadre d\u2019assistance au d\u00e9veloppement du syst\u00e8me des Nations unies \u00abrepr\u00e9sente pour le S\u00e9n\u00e9gal un cadre de planification strat\u00e9gique et de programmation des ressources allou\u00e9es pour la p\u00e9riode consid\u00e9r\u00e9e\u00bb, \u00e0 savoir 2024-2028. Il \u00abconsacre la contribution attendue du syst\u00e8me des Nations unies \u00e0 la mise en \u0153uvre de notre r\u00e9f\u00e9rentiel actualis\u00e9 en mati\u00e8re de politique \u00e9conomique et sociale, \u00e0 savoir le Pap3 du Pse\u00bb, a-t-il conclu.<br><strong>mgaye@lequotidien.sn<\/strong><\/p>\n","protected":false},"excerpt":{"rendered":"<p>Le syst\u00e8me des Nations unies va injecter 488 milliards pour soutenir le plan de d\u00e9veloppement du S\u00e9n\u00e9gal pour la p\u00e9riode<\/p>\n","protected":false},"author":1,"featured_media":31449,"comment_status":"open","ping_status":"open","sticky":false,"template":"","format":"standard","meta":{"footnotes":""},"categories":[3],"tags":[],"class_list":["post-31448","post","type-post","status-publish","format-standard","has-post-thumbnail","hentry","category-event-more-news"],"_links":{"self":[{"href":"https:\/\/dekkbi.com\/index.php?rest_route=\/wp\/v2\/posts\/31448","targetHints":{"allow":["GET"]}}],"collection":[{"href":"https:\/\/dekkbi.com\/index.php?rest_route=\/wp\/v2\/posts"}],"about":[{"href":"https:\/\/dekkbi.com\/index.php?rest_route=\/wp\/v2\/types\/post"}],"author":[{"embeddable":true,"href":"https:\/\/dekkbi.com\/index.php?rest_route=\/wp\/v2\/users\/1"}],"replies":[{"embeddable":true,"href":"https:\/\/dekkbi.com\/index.php?rest_route=%2Fwp%2Fv2%2Fcomments&post=31448"}],"version-history":[{"count":7,"href":"https:\/\/dekkbi.com\/index.php?rest_route=\/wp\/v2\/posts\/31448\/revisions"}],"predecessor-version":[{"id":31457,"href":"https:\/\/dekkbi.com\/index.php?rest_route=\/wp\/v2\/posts\/31448\/revisions\/31457"}],"wp:featuredmedia":[{"embeddable":true,"href":"https:\/\/dekkbi.com\/index.php?rest_route=\/wp\/v2\/media\/31449"}],"wp:attachment":[{"href":"https:\/\/dekkbi.com\/index.php?rest_route=%2Fwp%2Fv2%2Fmedia&parent=31448"}],"wp:term":[{"taxonomy":"category","embeddable":true,"href":"https:\/\/dekkbi.com\/index.php?rest_route=%2Fwp%2Fv2%2Fcategories&post=31448"},{"taxonomy":"post_tag","embeddable":true,"href":"https:\/\/dekkbi.com\/index.php?rest_route=%2Fwp%2Fv2%2Ftags&post=31448"}],"curies":[{"name":"wp","href":"https:\/\/api.w.org\/{rel}","templated":true}]}}