{"id":31446,"date":"2024-02-16T10:49:00","date_gmt":"2024-02-16T10:49:00","guid":{"rendered":"https:\/\/dekkbi.com\/?p=31446"},"modified":"2024-02-16T10:49:01","modified_gmt":"2024-02-16T10:49:01","slug":"consequence-de-la-decision-du-conseil-constitutionnel-karim-le-grand-perdant","status":"publish","type":"post","link":"https:\/\/dekkbi.com\/?p=31446","title":{"rendered":"Cons\u00e9quence de la d\u00e9cision du Conseil constitutionnel : Karim, le grand perdant"},"content":{"rendered":"\n<p><strong>Karim Wade, candidat recal\u00e9 \u00e0 la Pr\u00e9sidentielle de 2024, reste le grand perdant de la nouvelle situation relative \u00e0 la tenue de ce scrutin. Sous son initiative, le Groupe parlementaire Libert\u00e9, d\u00e9mocratie et changement avait obtenu le report de la Pr\u00e9sidentielle au 15 d\u00e9cembre 2024, avant que le Conseil constitutionnel n\u2019annule cette d\u00e9cision hier.<\/strong><\/p>\n\n\n\n<p><strong>Par Mamadou T. DIATTA \u2013&nbsp;<\/strong>La d\u00e9cision du Conseil constitutionnel annulant le report de la Pr\u00e9sidentielle ne fait pas que des heureux. Le principal perdant devant cette situation reste le candidat recal\u00e9 du Pds, Karim Wade. Apr\u00e8s avoir inspir\u00e9 le Groupe parlementaire Libert\u00e9, d\u00e9mocratie et changement au point que celui-ci obtienne de l\u2019Assembl\u00e9e nationale la modification de l\u2019article 31 de la Constitution, qui a entra\u00een\u00e9 le report du scrutin pr\u00e9sidentiel au 15 d\u00e9cembre 2024, Karim Wade se retrouve \u00eatre priv\u00e9 de toute nouvelle chance de participer \u00e0 la course pour la pr\u00e9sidence de la R\u00e9publique. Nombreux \u00e9taient ses partisans \u00e0 nourrir l\u2019optimisme de voir leur leader, Wade-fils, prendre part au nouveau rendez-vous \u00e9lectoral fix\u00e9 par le Parlement. Un rendez-vous \u00e9lectoral annul\u00e9 hier par les \u00abSages\u00bb.<\/p>\n\n\n\n<p>Autres perdants, ce sont les candidats qui se disent \u00abspoli\u00e9s\u00bb. Ces derniers nourrissaient aussi, \u00e0 coups de conf\u00e9rences de presse, mobilisations et autres manifs de contestation et de protestation, l\u2019espoir de revenir dans la partie. Certains \u00e9taient all\u00e9s m\u00eame jusqu\u2019\u00e0 demander la participation de tous les candidats (retenus, recal\u00e9s et spoli\u00e9s) \u00e0 la nouvelle \u00e9ch\u00e9ance \u00e9lectorale. Mimi Tour\u00e9, Bougane Gu\u00e8ye Dany, Alioune Sarr, Cheikh Tidiane Gadio et compagnie fondaient leur optimisme dans la nouvelle situation cr\u00e9\u00e9e par le chef de l\u2019Etat et l\u2019Assembl\u00e9e nationale.<\/p>\n\n\n\n<p>Enfin, le dernier cas reste celui de Rose Wardini. Cette derni\u00e8re est inculp\u00e9e et plac\u00e9e sous contr\u00f4le judiciaire, apr\u00e8s avoir \u00e9t\u00e9 accus\u00e9e de d\u00e9tenir une double nationalit\u00e9. Les \u00abSages\u00bb n\u2019ont pas \u00e9voqu\u00e9 sa situation dans leur d\u00e9cision. Qu\u2019adviendra-t-il de sa participation \u00e0 la Pr\u00e9sidentielle, apr\u00e8s la fixation de la nouvelle date du scrutin\u00a0? Les membres du Conseil constitutionnel de\u00advraient \u00e9difier l\u2019opinion \u00e0 son sujet, vu que le Parquet s\u2019\u00e9tait autosaisi \u00e0 la suite des accusations port\u00e9es contre Mme Wardini de d\u00e9tention d\u2019une double nationalit\u00e9.<\/p>\n\n\n\n<p><br><strong>mdiatta@lequotidien.sn<\/strong><\/p>\n","protected":false},"excerpt":{"rendered":"<p>Karim Wade, candidat recal\u00e9 \u00e0 la Pr\u00e9sidentielle de 2024, reste le grand perdant de la nouvelle situation relative \u00e0 la<\/p>\n","protected":false},"author":1,"featured_media":30022,"comment_status":"open","ping_status":"open","sticky":false,"template":"","format":"standard","meta":{"footnotes":""},"categories":[6],"tags":[],"class_list":["post-31446","post","type-post","status-publish","format-standard","has-post-thumbnail","hentry","category-politics"],"_links":{"self":[{"href":"https:\/\/dekkbi.com\/index.php?rest_route=\/wp\/v2\/posts\/31446","targetHints":{"allow":["GET"]}}],"collection":[{"href":"https:\/\/dekkbi.com\/index.php?rest_route=\/wp\/v2\/posts"}],"about":[{"href":"https:\/\/dekkbi.com\/index.php?rest_route=\/wp\/v2\/types\/post"}],"author":[{"embeddable":true,"href":"https:\/\/dekkbi.com\/index.php?rest_route=\/wp\/v2\/users\/1"}],"replies":[{"embeddable":true,"href":"https:\/\/dekkbi.com\/index.php?rest_route=%2Fwp%2Fv2%2Fcomments&post=31446"}],"version-history":[{"count":1,"href":"https:\/\/dekkbi.com\/index.php?rest_route=\/wp\/v2\/posts\/31446\/revisions"}],"predecessor-version":[{"id":31447,"href":"https:\/\/dekkbi.com\/index.php?rest_route=\/wp\/v2\/posts\/31446\/revisions\/31447"}],"wp:featuredmedia":[{"embeddable":true,"href":"https:\/\/dekkbi.com\/index.php?rest_route=\/wp\/v2\/media\/30022"}],"wp:attachment":[{"href":"https:\/\/dekkbi.com\/index.php?rest_route=%2Fwp%2Fv2%2Fmedia&parent=31446"}],"wp:term":[{"taxonomy":"category","embeddable":true,"href":"https:\/\/dekkbi.com\/index.php?rest_route=%2Fwp%2Fv2%2Fcategories&post=31446"},{"taxonomy":"post_tag","embeddable":true,"href":"https:\/\/dekkbi.com\/index.php?rest_route=%2Fwp%2Fv2%2Ftags&post=31446"}],"curies":[{"name":"wp","href":"https:\/\/api.w.org\/{rel}","templated":true}]}}