{"id":31439,"date":"2024-02-16T10:44:24","date_gmt":"2024-02-16T10:44:24","guid":{"rendered":"https:\/\/dekkbi.com\/?p=31439"},"modified":"2024-02-16T10:44:25","modified_gmt":"2024-02-16T10:44:25","slug":"la-reunion-des-ministres-des-etats-de-laes-nous-permettra-de-mettre-en-place-une-architecture-institutionnelle-ministre-nigerien","status":"publish","type":"post","link":"https:\/\/dekkbi.com\/?p=31439","title":{"rendered":"La r\u00e9union des ministres des Etats de l\u2019AES \u00abnous permettra de mettre en place une architecture institutionnelle\u00bb (ministre nig\u00e9rien)"},"content":{"rendered":"\n<p>La r\u00e9union des ministres des Etats de l\u2019AES \u00ab nous permettra de mettre en place une architecture institutionnelle \u00bb (ministre nig\u00e9rien)<\/p>\n\n\n\n<p>Ouagadougou, (AIB) &#8211; Le g\u00e9n\u00e9ral de Corps d\u2019Arm\u00e9e Salifou Modi, chef de d\u00e9l\u00e9gation du Niger a affirm\u00e9 ce jeudi \u00e0 Ouagadougou, au cours de la r\u00e9union des ministres des Etats du Sahel, qu\u2019elle \u00ab permettra de mettre en place une architecture institutionnelle \u00bb.<\/p>\n\n\n\n<p>\u00abLa pr\u00e9sente r\u00e9union nous permettra de mettre en place une architecture institutionnelle de l\u2019AES. Ce m\u00e9canisme permettra \u00e0 notre Alliance et \u00e0 la Conf\u00e9d\u00e9ration de fonctionner efficacement au grand bonheur des populations du Liptako Gourma\u00bb, indique le g\u00e9n\u00e9ral de Corps d\u2019Arm\u00e9e Salifou Modi, chef de d\u00e9l\u00e9gation du Niger.<\/p>\n\n\n\n<p>Son assurance est partag\u00e9e par le chef de d\u00e9l\u00e9gation du Burkina Faso, le g\u00e9n\u00e9ral de Brigade Kassoum Coulibaly. \u00abNous sommes sur la bonne voie, et nous devons poursuivre sereinement le processus d\u2019impl\u00e9mentation de notre Alliance et de notre Conf\u00e9d\u00e9ration, en dehors d\u2019un espace sous r\u00e9gional o\u00f9 la forme semble avoir visiblement pris le pas sur le fond\u00bb, a-t-il affirm\u00e9.<\/p>\n\n\n\n<p>\u00ab C\u2019est \u00e0 ce prix que nous construirons des nations fortes et prosp\u00e8res, bas\u00e9es sur des valeurs d\u2019\u00e9quit\u00e9, de justice et de d\u00e9veloppement harmonieux pour le bonheur des populations \u00bb, a poursuivi le chef de d\u00e9l\u00e9gation du Burkina.<\/p>\n\n\n\n<p>Une vingtaine de ministres des trois pays de l\u2019Alliance des Etats du Sahel (AES) sont r\u00e9unis depuis ce jeudi matin \u00e0 Ouagadougou. Ils travaillent afin de revisiter la Charte de l\u2019Alliance des \u00c9tats du Sahel, et d\u2019\u00e9laborer un trait\u00e9 portant cr\u00e9ation de la Conf\u00e9d\u00e9ration r\u00e9unissant les trois pays que sont le Burkina Faso, le Mali et le Niger.<\/p>\n\n\n\n<p>Ce rendez-vous de Ouagadougou doit aussi permettre aux diff\u00e9rentes d\u00e9l\u00e9gations des trois pays d\u2019examiner le contexte politique, marqu\u00e9 par la d\u00e9cision historique du Burkina, du Mali et du Niger de se retirer sans d\u00e9lai de la CEDEAO.<\/p>\n\n\n\n<p>Dans un communiqu\u00e9 public le 28 janvier dernier, les trois pays ont annonc\u00e9 leur d\u00e9part sans d\u00e9lai de la Communaut\u00e9 \u00e9conomique des Etats de l\u2019Afrique de l\u2019Ouest (CEDEAO).<\/p>\n\n\n\n<p>Sur le sujet, le colonel Abdoulaye Maiga, Chef de d\u00e9l\u00e9gation du Mali a affirm\u00e9 que le retrait des trois pays leur \u00ab offre une nouvelle opportunit\u00e9 de parvenir \u00e0 une fraternit\u00e9 r\u00e9elle, une solidarit\u00e9 r\u00e9elle, et une int\u00e9gration r\u00e9elle, sans aucune ing\u00e9rence ni manipulation ext\u00e9rieure \u00bb.<\/p>\n\n\n\n<p>La r\u00e9union des ministres de l\u2019AES prendra fin dans la soir\u00e9e de ce jeudi par la lecture de la d\u00e9claration sur le relev\u00e9 des conclusions.<\/p>\n\n\n\n<p>Agence d\u2019information du Burkina<\/p>\n\n\n\n<p>WIS\/bz &#8211; Provided by SyndiGate Media Inc. (Syndigate.info)<\/p>\n","protected":false},"excerpt":{"rendered":"<p>La r\u00e9union des ministres des Etats de l\u2019AES \u00ab nous permettra de mettre en place une architecture institutionnelle \u00bb (ministre<\/p>\n","protected":false},"author":1,"featured_media":31440,"comment_status":"open","ping_status":"open","sticky":false,"template":"","format":"standard","meta":{"footnotes":""},"categories":[6],"tags":[],"class_list":["post-31439","post","type-post","status-publish","format-standard","has-post-thumbnail","hentry","category-politics"],"_links":{"self":[{"href":"https:\/\/dekkbi.com\/index.php?rest_route=\/wp\/v2\/posts\/31439","targetHints":{"allow":["GET"]}}],"collection":[{"href":"https:\/\/dekkbi.com\/index.php?rest_route=\/wp\/v2\/posts"}],"about":[{"href":"https:\/\/dekkbi.com\/index.php?rest_route=\/wp\/v2\/types\/post"}],"author":[{"embeddable":true,"href":"https:\/\/dekkbi.com\/index.php?rest_route=\/wp\/v2\/users\/1"}],"replies":[{"embeddable":true,"href":"https:\/\/dekkbi.com\/index.php?rest_route=%2Fwp%2Fv2%2Fcomments&post=31439"}],"version-history":[{"count":1,"href":"https:\/\/dekkbi.com\/index.php?rest_route=\/wp\/v2\/posts\/31439\/revisions"}],"predecessor-version":[{"id":31441,"href":"https:\/\/dekkbi.com\/index.php?rest_route=\/wp\/v2\/posts\/31439\/revisions\/31441"}],"wp:featuredmedia":[{"embeddable":true,"href":"https:\/\/dekkbi.com\/index.php?rest_route=\/wp\/v2\/media\/31440"}],"wp:attachment":[{"href":"https:\/\/dekkbi.com\/index.php?rest_route=%2Fwp%2Fv2%2Fmedia&parent=31439"}],"wp:term":[{"taxonomy":"category","embeddable":true,"href":"https:\/\/dekkbi.com\/index.php?rest_route=%2Fwp%2Fv2%2Fcategories&post=31439"},{"taxonomy":"post_tag","embeddable":true,"href":"https:\/\/dekkbi.com\/index.php?rest_route=%2Fwp%2Fv2%2Ftags&post=31439"}],"curies":[{"name":"wp","href":"https:\/\/api.w.org\/{rel}","templated":true}]}}